{"id":4581,"date":"2026-03-05T17:05:57","date_gmt":"2026-03-05T15:05:57","guid":{"rendered":"https:\/\/nagyistvan.pecska.ro\/?p=4581"},"modified":"2026-03-05T17:05:57","modified_gmt":"2026-03-05T15:05:57","slug":"nagy-istvan-kolcsey-dijas","status":"publish","type":"post","link":"https:\/\/nagyistvan.pecska.ro\/?p=4581","title":{"rendered":"Nagy Istv\u00e1n K\u00f6lcsey-d\u00edjas"},"content":{"rendered":"\n<h3 class=\"wp-block-heading\"><strong><a href=\"https:\/\/www.facebook.com\/100064467408977\/posts\/nagy-istv%C3%A1n-az-%C3%BAj-k%C3%B6lcsey-d%C3%ADjas\/1006363328189238\/\">K\u00f6lcsey Egyes\u00fclet Arad<\/a><\/strong><\/h3>\n\n\n\n<figure class=\"wp-block-image size-large\"><img loading=\"lazy\" decoding=\"async\" width=\"1024\" height=\"683\" src=\"https:\/\/nagyistvan.pecska.ro\/wp-content\/uploads\/2026\/03\/Nagy-Istvan-Kurunczi-Ferenctol-1024x683.jpg\" alt=\"\" class=\"wp-image-4582\" srcset=\"https:\/\/nagyistvan.pecska.ro\/wp-content\/uploads\/2026\/03\/Nagy-Istvan-Kurunczi-Ferenctol-1024x683.jpg 1024w, https:\/\/nagyistvan.pecska.ro\/wp-content\/uploads\/2026\/03\/Nagy-Istvan-Kurunczi-Ferenctol-300x200.jpg 300w, https:\/\/nagyistvan.pecska.ro\/wp-content\/uploads\/2026\/03\/Nagy-Istvan-Kurunczi-Ferenctol-768x512.jpg 768w, https:\/\/nagyistvan.pecska.ro\/wp-content\/uploads\/2026\/03\/Nagy-Istvan-Kurunczi-Ferenctol-1536x1024.jpg 1536w, https:\/\/nagyistvan.pecska.ro\/wp-content\/uploads\/2026\/03\/Nagy-Istvan-Kurunczi-Ferenctol.jpg 2048w\" sizes=\"auto, (max-width: 1024px) 100vw, 1024px\" \/><\/figure>\n\n\n\n<p>Nagy Istv\u00e1n az \u00faj K\u00f6lcsey-d\u00edjas<\/p>\n\n\n\n<h1 class=\"wp-block-heading\">Nagy Istv\u00e1n a 2024-es <a href=\"https:\/\/www.aradihirek.ro\/itt-hon\/nagy-istvan-a-2024-es-kolcsey-dij-kituntetettje-audio\">K\u00f6lcsey-d\u00edj kit\u00fcntetettje<\/a> [AUDIO]<\/h1>\n\n\n\n<p>2025. 01. 23.<\/p>\n\n\n\n<figure class=\"wp-block-image\"><a class=\"colorbox cboxElement\" href=\"https:\/\/www.aradihirek.ro\/sites\/default\/files\/hirfoto\/25-01\/Kolcsey-dij3.jpg\"><img decoding=\"async\" src=\"https:\/\/www.aradihirek.ro\/sites\/default\/files\/styles\/news_list\/public\/hirfoto\/25-01\/Kolcsey-dij3.jpg?itok=gPlL8X3U\" alt=\"Nagy Istv\u00e1n d\u00edjazott, Berecz G\u00e1bor egyes\u00fcleti eln\u00f6k \u00e9s Ujj \u00c1gnes, a m\u00e9ltat\u00f3 | Fot\u00f3: Pataky Lehel Zsolt\" title=\"Nagy Istv\u00e1n d\u00edjazott, Berecz G\u00e1bor egyes\u00fcleti eln\u00f6k \u00e9s Ujj \u00c1gnes, a m\u00e9ltat\u00f3 | Fot\u00f3: Pataky Lehel Zsolt\"\/><\/a><figcaption class=\"wp-element-caption\">Nagy Istv\u00e1n d\u00edjazott, Berecz G\u00e1bor egyes\u00fcleti eln\u00f6k \u00e9s Ujj \u00c1gnes, a m\u00e9ltat\u00f3 | Fot\u00f3: Pataky Lehel Zsolt<\/figcaption><\/figure>\n\n\n\n<p>Az aradi K\u00f6lcsey Egyes\u00fclet szerda este, a Magyar Kult\u00fara Napj\u00e1n adta \u00e1t a 2024-es K\u00f6lcsey-d\u00edjat Nagy Istv\u00e1n fizikatan\u00e1rnak, m\u0171vel\u0151d\u00e9sszervez\u0151nek, volt p\u00e9cskai alpolg\u00e1rmesternek az aradi magyars\u00e1g \u00e9rdek\u00e9ben v\u00e9gzett \u00f6nzetlen \u00e9s f\u00e1radhatatlan munk\u00e1j\u00e1\u00e9rt, t\u00f6bbek k\u00f6z\u00f6tt a p\u00e9cskai Klebelsberg-kultusz megteremt\u00e9s\u00e9\u00e9rt.<\/p>\n\n\n\n<p>A K\u00f6lcsey-d\u00edjat 2004 \u00f3ta adja \u00e1t patin\u00e1s m\u00falt\u00fa <a href=\"https:\/\/www.facebook.com\/profile.php?id=100064467408977\" target=\"_blank\" rel=\"noreferrer noopener\">k\u00f6zm\u0171vel\u0151d\u00e9si t\u00e1rsas\u00e1g<\/a>, a kit\u00fcntetett olyan szem\u00e9ly \u2013 ritk\u00e1n int\u00e9zm\u00e9ny \u2013, aki vagy amely sokat tett az Arad megyei magyars\u00e1g\u00e9rt, a magyar kult\u00far\u00e1\u00e9rt.<\/p>\n\n\n\n<p><a href=\"https:\/\/www.aradihirek.ro\/itt-hon\/a-magyar-kultura-lovagja-es-kolcsey-dijas-lesz-a-pecskai-nagy-istvan\" target=\"_blank\" rel=\"noreferrer noopener\">Nagy Istv\u00e1nra<\/a> t\u00f6bbek k\u00f6z\u00f6tt az\u00e9rt esett a v\u00e1laszt\u00e1s, mert egyr\u00e9szt \u00f6nzetlen\u00fcl seg\u00edti hossz\u00fa \u00e9vek \u00f3ta az egyes\u00fclet tev\u00e9kenys\u00e9g\u00e9t a kiadv\u00e1nyok szerkeszt\u00e9s\u00e9vel-t\u00f6rdel\u00e9s\u00e9vel, m\u00e1sr\u00e9szt el\u00e9v\u00fclhetetlen \u00e9rdemeket szerzett gr\u00f3f Klebelsberg Kuno p\u00e9cskai szobr\u00e1nak a fel\u00e1ll\u00edt\u00e1s\u00e1ban, a n\u00e9hai oktat\u00e1s\u00fcgyi miniszter kultusz\u00e1nak megteremt\u00e9s\u00e9ben \u00e9s \u00e1pol\u00e1s\u00e1ban; id\u00e9n 150 \u00e9ve, hogy Klebelsberg megsz\u00fcletett P\u00e9csk\u00e1n, \u00e9s 25 esztendeje avatt\u00e1k fel a mellszobr\u00e1t a v\u00e1rosban.<\/p>\n\n\n\n<figure class=\"wp-block-image\"><a class=\"colorbox cboxElement\" href=\"https:\/\/www.aradihirek.ro\/sites\/default\/files\/hirfoto\/25-01\/Kolcsey-dij2.jpg\"><img decoding=\"async\" src=\"https:\/\/www.aradihirek.ro\/sites\/default\/files\/hirfoto\/25-01\/Kolcsey-dij2.jpg\" alt=\"\"\/><\/a><figcaption class=\"wp-element-caption\">A szint\u00e9n K\u00f6lcsey-d\u00edjas Ujj \u00c1gnes tan\u00e1ra volt Nagy Istv\u00e1nnak | Fot\u00f3: Pataky Lehel Zsolt<\/figcaption><\/figure>\n\n\n\n<p>Pataky Lehel Zsolt k\u00e9sz\u00edtett besz\u00e1mol\u00f3t a szerda esti aradi K\u00f6lcsey-d\u00edj\u00e1tad\u00f3r\u00f3l a Temesv\u00e1ri R\u00e1di\u00f3 Magyar ad\u00e1sa sz\u00e1m\u00e1ra. Hallgassa meg: <a href=\"https:\/\/open.spotify.com\/embed\/episode\/6UlqlZgByGufzq9Mf9V0re\">https:\/\/open.spotify.com\/embed\/episode\/6UlqlZgByGufzq9Mf9V0re<\/a><\/p>\n\n\n\n<p><\/p>\n\n\n\n<h1 class=\"wp-block-heading\">K\u00f6lcsey-d\u00edjat vehetett \u00e1t a p\u00e9cskai Klebelsberg-kultusz megteremt\u0151je<a href=\"https:\/\/kronika.ro\/szerzo\/pataky-lehel-zsolt\"><\/a><\/h1>\n\n\n\n<h3 class=\"wp-block-heading\"><a href=\"https:\/\/kronika.ro\/szerzo\/pataky-lehel-zsolt\">Pataky Lehel Zsolt<\/a><\/h3>\n\n\n\n<p><a href=\"https:\/\/kronika.ro\/kultura\/kolcsey-dijat-vehetett-at-a-pecskai-klebelsberg-kultusz-megteremtoje\">2025. janu\u00e1r 22.<\/a><\/p>\n\n\n\n<figure class=\"wp-block-image\"><img decoding=\"async\" src=\"https:\/\/cdn.szekelyhon.ro\/kronika_2025\/nn_kolcsey-dij4.jpg\" alt=\"K\u00f6lcsey-d\u00edj\"\/><\/figure>\n\n\n\n<p><a href=\"https:\/\/kronika.ro\/bejelentkezes?op=news&amp;news_id=582156\"><\/a>Az aradi K\u00f6lcsey Egyes\u00fclet szerda este, a magyar kult\u00fara napj\u00e1n adta \u00e1t a 2024-es K\u00f6lcsey-d\u00edjat Nagy Istv\u00e1n fizikatan\u00e1rnak, m\u0171vel\u0151d\u00e9sszervez\u0151nek, volt p\u00e9cskai alpolg\u00e1rmesternek az aradi magyars\u00e1g \u00e9rdek\u00e9ben v\u00e9gzett \u00f6nzetlen \u00e9s f\u00e1radhatatlan munk\u00e1j\u00e1\u00e9rt, t\u00f6bbek k\u00f6z\u00f6tt a p\u00e9cskai Klebelsberg-kultusz megteremt\u00e9s\u00e9\u00e9rt. A K\u00f6lcsey-d\u00edjat 2004 \u00f3ta adja \u00e1t a patin\u00e1s m\u00falt\u00fa k\u00f6zm\u0171vel\u0151d\u00e9si t\u00e1rsas\u00e1g, a kit\u00fcntetett olyan szem\u00e9ly \u2013 ritk\u00e1n int\u00e9zm\u00e9ny \u2013, aki vagy amely sokat tett az Arad megyei magyars\u00e1g\u00e9rt, a magyar kult\u00far\u00e1\u00e9rt.<\/p>\n\n\n\n<p><strong>Az eddigi K\u00f6lcsey-d\u00edjasok:<\/strong><\/p>\n\n\n\n<ul class=\"wp-block-list\">\n<li>2003: Berzsenyi T\u00e1rsas\u00e1g, Kosara G\u00e9za<\/li>\n\n\n\n<li>2004: Ujj J\u00e1nos, Sz\u0171cs S\u00e1ndor<\/li>\n\n\n\n<li>2005: Ruja Ildik\u00f3, Kett Groza J\u00e1nos<\/li>\n\n\n\n<li>2006: Brauch Magda, Egyed Emese<\/li>\n\n\n\n<li>2007: dr. Huber Ildik\u00f3, Ft. S\u00e1ndor Tivadar<\/li>\n\n\n\n<li>2008: K\u00f6v\u00e9r Gabor, \u00d3dry M\u00e1ria<\/li>\n\n\n\n<li>2009: Ficzay D\u00e9nes (post mortem), Puskel P\u00e9ter<\/li>\n\n\n\n<li>2010: Khell Levente \u00e9s Jol\u00e1n tan\u00edt\u00f3 h\u00e1zasp\u00e1r, B\u00f6sz\u00f6rm\u00e9nyi Zolt\u00e1n<\/li>\n\n\n\n<li>2011: P\u00e1vai Gyula (postumus), \u00c9der Enik\u0151<\/li>\n\n\n\n<li>2012: Tokay Gy\u00f6rgy, Brittich Erzs\u00e9bet<\/li>\n\n\n\n<li>2013: S\u00e1ndor Istv\u00e1n (post mortem), Horv\u00e1th T\u00fcnde<\/li>\n\n\n\n<li>2014: Ujj \u00c1gnes, Tapaszt\u00f3 Ern\u0151<\/li>\n\n\n\n<li>2015: Olasz Ang\u00e9la, Csan\u00e1di J\u00e1nos<\/li>\n\n\n\n<li>2016: Cziszter K\u00e1lm\u00e1n, a Piroska h\u00e1zasp\u00e1r (Istv\u00e1n \u00e9s Katalin)<\/li>\n\n\n\n<li>2017: J\u00e1mbor Ilona, Kocsis Rudolf<\/li>\n\n\n\n<li>2018: Hossz\u00fa Zolt\u00e1n, Siska-Szab\u00f3 Zolt\u00e1n (post mortem)<\/li>\n\n\n\n<li>2019: J\u00e1mbor Gyula, Fekete R\u00e9ka<\/li>\n\n\n\n<li>2020: nem osztottak d\u00edjakat a koronav\u00edrus-j\u00e1rv\u00e1ny miatt<\/li>\n\n\n\n<li>2021: Bogn\u00e1r Levente<\/li>\n\n\n\n<li>2022: Bege Magdolna<\/li>\n\n\n\n<li>2023: Csiky Gergely F\u0151gimn\u00e1zium<\/li>\n<\/ul>\n\n\n\n<figure class=\"wp-block-image size-large\"><img loading=\"lazy\" decoding=\"async\" width=\"1024\" height=\"825\" src=\"https:\/\/nagyistvan.pecska.ro\/wp-content\/uploads\/2026\/03\/o_kolcsey-dij5-1024x825.webp\" alt=\"\" class=\"wp-image-4583\" srcset=\"https:\/\/nagyistvan.pecska.ro\/wp-content\/uploads\/2026\/03\/o_kolcsey-dij5-1024x825.webp 1024w, https:\/\/nagyistvan.pecska.ro\/wp-content\/uploads\/2026\/03\/o_kolcsey-dij5-300x242.webp 300w, https:\/\/nagyistvan.pecska.ro\/wp-content\/uploads\/2026\/03\/o_kolcsey-dij5-768x619.webp 768w, https:\/\/nagyistvan.pecska.ro\/wp-content\/uploads\/2026\/03\/o_kolcsey-dij5.webp 1158w\" sizes=\"auto, (max-width: 1024px) 100vw, 1024px\" \/><\/figure>\n","protected":false},"excerpt":{"rendered":"<p>K\u00f6lcsey Egyes\u00fclet Arad Nagy Istv\u00e1n az \u00faj K\u00f6lcsey-d\u00edjas Nagy Istv\u00e1n a 2024-es K\u00f6lcsey-d\u00edj kit\u00fcntetettje [AUDIO] 2025. 01. 23. Az aradi K\u00f6lcsey Egyes\u00fclet szerda este, a Magyar Kult\u00fara Napj\u00e1n adta \u00e1t a 2024-es K\u00f6lcsey-d\u00edjat Nagy Istv\u00e1n fizikatan\u00e1rnak, m\u0171vel\u0151d\u00e9sszervez\u0151nek, volt p\u00e9cskai alpolg\u00e1rmesternek az aradi magyars\u00e1g \u00e9rdek\u00e9ben v\u00e9gzett \u00f6nzetlen \u00e9s f\u00e1radhatatlan munk\u00e1j\u00e1\u00e9rt, t\u00f6bbek k\u00f6z\u00f6tt a p\u00e9cskai Klebelsberg-kultusz megteremt\u00e9s\u00e9\u00e9rt. &hellip; <a href=\"https:\/\/nagyistvan.pecska.ro\/?p=4581\" class=\"more-link\"><span class=\"screen-reader-text\">Nagy Istv\u00e1n K\u00f6lcsey-d\u00edjas<\/span> r\u00e9szletei&#8230;<\/a><\/p>\n","protected":false},"author":2,"featured_media":0,"comment_status":"open","ping_status":"open","sticky":false,"template":"","format":"standard","meta":{"footnotes":""},"categories":[1],"tags":[],"class_list":["post-4581","post","type-post","status-publish","format-standard","hentry","category-nincs-kategorizalva"],"_links":{"self":[{"href":"https:\/\/nagyistvan.pecska.ro\/index.php?rest_route=\/wp\/v2\/posts\/4581","targetHints":{"allow":["GET"]}}],"collection":[{"href":"https:\/\/nagyistvan.pecska.ro\/index.php?rest_route=\/wp\/v2\/posts"}],"about":[{"href":"https:\/\/nagyistvan.pecska.ro\/index.php?rest_route=\/wp\/v2\/types\/post"}],"author":[{"embeddable":true,"href":"https:\/\/nagyistvan.pecska.ro\/index.php?rest_route=\/wp\/v2\/users\/2"}],"replies":[{"embeddable":true,"href":"https:\/\/nagyistvan.pecska.ro\/index.php?rest_route=%2Fwp%2Fv2%2Fcomments&post=4581"}],"version-history":[{"count":1,"href":"https:\/\/nagyistvan.pecska.ro\/index.php?rest_route=\/wp\/v2\/posts\/4581\/revisions"}],"predecessor-version":[{"id":4584,"href":"https:\/\/nagyistvan.pecska.ro\/index.php?rest_route=\/wp\/v2\/posts\/4581\/revisions\/4584"}],"wp:attachment":[{"href":"https:\/\/nagyistvan.pecska.ro\/index.php?rest_route=%2Fwp%2Fv2%2Fmedia&parent=4581"}],"wp:term":[{"taxonomy":"category","embeddable":true,"href":"https:\/\/nagyistvan.pecska.ro\/index.php?rest_route=%2Fwp%2Fv2%2Fcategories&post=4581"},{"taxonomy":"post_tag","embeddable":true,"href":"https:\/\/nagyistvan.pecska.ro\/index.php?rest_route=%2Fwp%2Fv2%2Ftags&post=4581"}],"curies":[{"name":"wp","href":"https:\/\/api.w.org\/{rel}","templated":true}]}}