{"id":4575,"date":"2026-03-05T16:49:51","date_gmt":"2026-03-05T14:49:51","guid":{"rendered":"https:\/\/nagyistvan.pecska.ro\/?p=4575"},"modified":"2026-03-05T16:49:51","modified_gmt":"2026-03-05T14:49:51","slug":"1989-decembere-ota-folyamatosan-magyar-ugyet-szolgalok-negy-nap-alatt-ket-dijat-is-atvehet-nagy-istvan","status":"publish","type":"post","link":"https:\/\/nagyistvan.pecska.ro\/?p=4575","title":{"rendered":"\u201e1989 decembere \u00f3ta folyamatosan magyar \u00fcgyet szolg\u00e1lok\u201d \u2013 N\u00e9gy nap alatt k\u00e9t d\u00edjat is \u00e1tvehet Nagy Istv\u00e1n"},"content":{"rendered":"\n<figure class=\"wp-block-image size-full\"><img loading=\"lazy\" decoding=\"async\" width=\"750\" height=\"509\" src=\"https:\/\/nagyistvan.pecska.ro\/wp-content\/uploads\/2026\/03\/image-2.png\" alt=\"\" class=\"wp-image-4576\" srcset=\"https:\/\/nagyistvan.pecska.ro\/wp-content\/uploads\/2026\/03\/image-2.png 750w, https:\/\/nagyistvan.pecska.ro\/wp-content\/uploads\/2026\/03\/image-2-300x204.png 300w\" sizes=\"auto, (max-width: 750px) 100vw, 750px\" \/><\/figure>\n\n\n\n<p>K\u00f6nyvek, monogr\u00e1fi\u00e1k, albumok viselik Nagy Istv\u00e1n keze munk\u00e1j\u00e1nak a nyom\u00e1t | Fot\u00f3: Pataky Lehel Zsolt<\/p>\n\n\n\n<p><a href=\"https:\/\/www.aradihirek.ro\/itt-hon\/1989-decembere-ota-folyamatosan-magyar-ugyet-szolgalok-negy-nap-alatt-ket-dijat-is-atvehet-nagy-istvan-audio\">N\u00e9gy nap alatt k\u00e9t kit\u00fcntet\u00e9st is \u00e1tvehet<\/a> Nagy Istv\u00e1n nyugalmazott p\u00e9cskai fizikatan\u00e1r, k\u00f6z\u00e9leti szerepl\u0151: janu\u00e1r 18-\u00e1n, szombaton Budapesten a <a href=\"http:\/\/alkotohazak.shp.hu\/hpc\/web.php?a=alkotohazak&amp;o=magyar_kultura_lovagjai_20251_L0E4\">Falvak Kult\u00far\u00e1j\u00e1\u00e9rt Alap\u00edtv\u00e1ny<\/a> a Magyar Kult\u00fara Lovagj\u00e1v\u00e1 \u00fcti a kor\u00e1bbi p\u00e9cskai alpolg\u00e1rmestert, janu\u00e1r 22-\u00e9n, a j\u00f6v\u0151 szerd\u00e1n pedig az aradi K\u00f6lcsey Egyes\u00fclet 2024-es K\u00f6lcsey-d\u00edj\u00e1t veheti \u00e1t az aradi magyars\u00e1g\u00e9rt \u00e9s a szellemi \u00f6r\u00f6ks\u00e9g v\u00e9delm\u00e9\u00e9rt v\u00e9gzett munk\u00e1ja elismer\u00e9sek\u00e9nt.<\/p>\n\n\n\n<p>Nagy Istv\u00e1n t\u00f6bb \u00e9vtizeden \u00e1t volt a P\u00e9cskai 2-es sz\u00e1m\u00fa (tavaly szeptembert\u0151l <a href=\"https:\/\/www.aradihirek.ro\/itt-hon\/tanevnyito-pecskan-ormos-zsigmond-nevet-vette-fel-a-magyar-tagozatos-iskola-audio\" target=\"_blank\" rel=\"noreferrer noopener\">Orm\u00f3s Zsigmond<\/a>) \u00c1ltal\u00e1nos Iskola fizikatan\u00e1ra \u00e9s a helyi pion\u00edrh\u00e1z elektronikai szakk\u00f6r\u00e9nek a vezet\u0151je. Az 1989-es rendszerv\u00e1lt\u00e1s ut\u00e1n alap\u00edt\u00f3tagja volt a Rom\u00e1niai Magyar Demokrata Sz\u00f6vets\u00e9g helyi szervezet\u00e9nek, az RMDSZ sz\u00edneiben 1992-t\u0151l 2004-ig h\u00e1rom ciklusban t\u00f6lt\u00f6tt be alpolg\u00e1rmesteri tiszts\u00e9get.<\/p>\n\n\n\n<p>2009-ben abbahagyta a politiz\u00e1l\u00e1st, de a k\u00f6z\u00fcgyekt\u0151l nem fordult el: digitaliz\u00e1lta t\u00f6bbek k\u00f6z\u00f6tt a M\u00e1rki S\u00e1ndor-f\u00e9le <em>Arad v\u00e1rmegye \u00e9s Arad szabad kir\u00e1lyi v\u00e1ros Monographi\u00e1j\u00e1t<\/em>, t\u00f6bb k\u00f6nyv \u00e9s monogr\u00e1fia szerkeszt\u0151je, szerz\u0151je, vagy t\u00e1rsszerz\u0151je volt. Az \u00e1ltala alap\u00edtott K\u00e1lm\u00e1ny Lajos K\u00f6zm\u0171vel\u0151d\u00e9si Egyes\u00fclet eln\u00f6kek\u00e9nt \u00e1polja P\u00e9cska jeles sz\u00fcl\u00f6tteinek eml\u00e9k\u00e9t: az \u0151 ind\u00edtv\u00e1ny\u00e1ra alak\u00edtott\u00e1k ki a r\u00f3mai katolikus temet\u0151ben az ott nyugv\u00f3 m\u00e1sodik vil\u00e1gh\u00e1bor\u00fas magyar honv\u00e9dek s\u00edreml\u00e9k\u00e9t, a k\u00e1polna fal\u00e1n pedig a n\u00e9hai p\u00e9cskai pedag\u00f3gusok neveit tartalmaz\u00f3 eml\u00e9kt\u00e1bl\u00e1t helyezett el 2023-ban.<\/p>\n\n\n\n<p>2000-ben seg\u00e9dkezett Klebelsberg Kuno p\u00e9cskai szobr\u00e1nak fel\u00e1ll\u00edt\u00e1s\u00e1ban, t\u00f6bb \u00e9ven \u00e1t a volt k\u00f6zoktat\u00e1s\u00fcgyi miniszterr\u0151l elnevezett konferenciasorozatot szervezett a v\u00e1rosban. K\u00f6z\u00e9leti \u00e9s pedag\u00f3gusi p\u00e1ly\u00e1ja, a helyi magyars\u00e1g \u00e9rdek\u00e9ben v\u00e9gzett munk\u00e1ss\u00e1ga elismer\u00e9sek\u00e9nt tavaly P\u00e9cska <a href=\"https:\/\/www.aradihirek.ro\/itt-hon\/nagy-istvan-pecska-diszpolgara-lett-dr-kovacs-gabort-is-kituntettek-a-varosnapokon-audio\" target=\"_blank\" rel=\"noreferrer noopener\">d\u00edszpolg\u00e1r\u00e1v\u00e1 avatt\u00e1k<\/a> Nagy Istv\u00e1nt. A k\u00e9t \u00fajabb kit\u00fcntet\u00e9s kapcs\u00e1n Pataky Lehel Zsolt besz\u00e9lgetett Nagy Istv\u00e1nnal a d\u00edjakr\u00f3l, \u00e9let\u00fatj\u00e1r\u00f3l, a magyar szellemi \u00f6r\u00f6ks\u00e9g \u00e1pol\u00e1si ir\u00e1nti elk\u00f6telezetts\u00e9gr\u0151l, a p\u00e9cskai magyar k\u00f6z\u00f6ss\u00e9g helyzet\u00e9r\u0151l, az elsz\u00f3rv\u00e1nyosod\u00e1s jeleir\u0151l a Temesv\u00e1ri r\u00e1di\u00f3 p\u00e9nteki Magyar ad\u00e1s\u00e1ban. <a href=\"https:\/\/open.spotify.com\/embed\/episode\/3daY1AtIyZxzN13dbJ6yIF?utm_source=generator\">https:\/\/open.spotify.com\/embed\/episode\/3daY1AtIyZxzN13dbJ6yIF<\/a><\/p>\n\n\n\n<p>A k\u00e9t d\u00edj\u00e1tad\u00f3ra Nagy Istv\u00e1n a P\u00e9cskai morzs\u00e1k c\u00edm\u0171, a helyi (magyar) k\u00f6ztoktat\u00e1s t\u00f6rt\u00e9net\u00e9r\u0151l, Klebelsberg Kunor\u00f3l \u00e9s a v\u00e1ros m\u00faltj\u00e1r\u00f3l sz\u00f3l\u00f3 kismonogr\u00e1fi\u00e1t adott ki, amelynek a bemutat\u00f3j\u00e1t janu\u00e1r 24-\u00e9n, p\u00e9nteken d\u00e9lut\u00e1n \u00f6t \u00f3r\u00e1t\u00f3l tartj\u00e1k a p\u00e9cskai Orm\u00f3s Zsigmond \u00c1ltal\u00e1nos Iskola d\u00edszterm\u00e9ben.<\/p>\n\n\n\n<figure class=\"wp-block-image\"><img decoding=\"async\" src=\"https:\/\/www.aradihirek.ro\/sites\/default\/files\/styles\/800w\/public\/klebelsberg_kuno_szobra_pecskan.jpg?itok=l7VqZIAo\" alt=\"Gr\u00f3f Klebelsberg Kuno szobra P\u00e9csk\u00e1n | Fot\u00f3: Pataky Lehel Zsolt\" title=\"Gr\u00f3f Klebelsberg Kuno szobra P\u00e9csk\u00e1n | Fot\u00f3: Pataky Lehel Zsolt\"\/><\/figure>\n\n\n\n<p><\/p>\n\n\n\n<p class=\"has-medium-font-size\"><strong><a href=\"https:\/\/kronika.ro\/erdelyi-hirek\/erdelyieket-is-kituntetnek-a-magyar-kultura-lovagja-cimmel\">Erd\u00e9lyi szem\u00e9lyis\u00e9geket is kit\u00fcntetnek<\/a> a Magyar Kult\u00fara Lovagja c\u00edmmel<\/strong><\/p>\n\n\n\n<figure class=\"wp-block-image size-large\"><img loading=\"lazy\" decoding=\"async\" width=\"1024\" height=\"768\" src=\"https:\/\/nagyistvan.pecska.ro\/wp-content\/uploads\/2026\/03\/image-3-1024x768.png\" alt=\"\" class=\"wp-image-4577\" srcset=\"https:\/\/nagyistvan.pecska.ro\/wp-content\/uploads\/2026\/03\/image-3-1024x768.png 1024w, https:\/\/nagyistvan.pecska.ro\/wp-content\/uploads\/2026\/03\/image-3-300x225.png 300w, https:\/\/nagyistvan.pecska.ro\/wp-content\/uploads\/2026\/03\/image-3-768x576.png 768w, https:\/\/nagyistvan.pecska.ro\/wp-content\/uploads\/2026\/03\/image-3.png 1200w\" sizes=\"auto, (max-width: 1024px) 100vw, 1024px\" \/><\/figure>\n\n\n\n<p>Az erd\u00e9lyi kit\u00fcntetettek egyike Nagy Istv\u00e1n, akinek a kezdem\u00e9nyez\u00e9s\u00e9re 2023 m\u00e1jus\u00e1ban eml\u00e9kt\u00e1bl\u00e1t avattak a p\u00e9cskai r\u00f3mai katolikus temet\u0151 k\u00e1poln\u00e1j\u00e1nak fal\u00e1n a n\u00e9hai pedag\u00f3gusok neveivel<\/p>\n\n\n\n<p class=\"has-medium-font-size\">A <a href=\"https:\/\/www.aradinap.ro\/blog\/2025\/01\/08\/a-magyar-kultura-lovagja-lett-nagy-istvan\/\">Magyar Kult\u00fara Lovagja lett<\/a> Nagy Istv\u00e1n<\/p>\n\n\n\n<figure class=\"wp-block-image size-full\"><img loading=\"lazy\" decoding=\"async\" width=\"800\" height=\"500\" src=\"https:\/\/nagyistvan.pecska.ro\/wp-content\/uploads\/2026\/03\/image-4.png\" alt=\"\" class=\"wp-image-4578\" srcset=\"https:\/\/nagyistvan.pecska.ro\/wp-content\/uploads\/2026\/03\/image-4.png 800w, https:\/\/nagyistvan.pecska.ro\/wp-content\/uploads\/2026\/03\/image-4-300x188.png 300w, https:\/\/nagyistvan.pecska.ro\/wp-content\/uploads\/2026\/03\/image-4-768x480.png 768w\" sizes=\"auto, (max-width: 800px) 100vw, 800px\" \/><\/figure>\n\n\n\n<p class=\"has-medium-font-size\"><strong>A <a href=\"https:\/\/www.hidegkutihirek.hu\/2025\/01\/20\/a-magyar-kultura-lovagjava-utottek-nagy-istvant-pesthidegkut-baratjat\/\">magyar kult\u00fara lovagj\u00e1v\u00e1 \u00fct\u00f6tt\u00e9k<\/a> Nagy Istv\u00e1nt, Pesthidegk\u00fat bar\u00e1tj\u00e1t<\/strong><\/p>\n\n\n\n<figure class=\"wp-block-image size-full\"><img loading=\"lazy\" decoding=\"async\" width=\"435\" height=\"756\" src=\"https:\/\/nagyistvan.pecska.ro\/wp-content\/uploads\/2026\/03\/Hegedus-Tamastol.jpeg\" alt=\"\" class=\"wp-image-4579\" srcset=\"https:\/\/nagyistvan.pecska.ro\/wp-content\/uploads\/2026\/03\/Hegedus-Tamastol.jpeg 435w, https:\/\/nagyistvan.pecska.ro\/wp-content\/uploads\/2026\/03\/Hegedus-Tamastol-173x300.jpeg 173w\" sizes=\"auto, (max-width: 435px) 100vw, 435px\" \/><\/figure>\n\n\n\n<p><em>Javaslatev\u0151 szervezet: Magyar Civil Szervezetek Erd\u00e9lyi Sz\u00f6vets\u00e9ge<\/em><\/p>\n\n\n\n<p><em>881. Nagy Istv\u00e1n (P\u00e9cska, Rom\u00e1nia) tan\u00e1r, helyt\u00f6rt\u00e9n\u00e9sz<\/em><\/p>\n\n\n\n<p><em>Lovagias tettek: h\u00e1rom mand\u00e1tumon \u00e1t az Arad melletti P\u00e9cska alpolg\u00e1rmestere, egyben a helyi k\u00f6z\u00f6ss\u00e9gek \u00e9s a kultur\u00e1lis \u00e9let \u201emotorja\u201d. K\u00e9t \u00e9vtizede a K\u00e1lm\u00e1ny Lajos K\u00f6zm\u0171vel\u0151d\u00e9si Egyes\u00fclet eln\u00f6ke, konferenci\u00e1k szervez\u0151je. Kezdem\u00e9nyez\u0151je a B\u00fazavir\u00e1g Egyes\u00fcletnek \u00e9s a Klebelsberg Napoknak. Eml\u00e9kt\u00e1bl\u00e1k, szobrok fel\u00e1ll\u00edt\u00e1s\u00e1nak kezdem\u00e9nyez\u0151je. A Klebelsberg Kunot id\u00e9z\u0151 szobor l\u00e9trej\u00f6tte neki is k\u00f6sz\u00f6nhet\u0151. Helyt\u00f6rt\u00e9neti k\u00f6nyvek szerkeszt\u0151je. Digitaliz\u00e1lta \u00e9s kiadta Arad v\u00e1rmegye monogr\u00e1fi\u00e1j\u00e1t. Szerkesztette \u00e9s \u00edrta a helyi P\u00e9cskai \u00dajs\u00e1got. Cikkei jelennek meg aradi \u00e9s erd\u00e9lyi magyar lapokban.<\/em><\/p>\n\n\n\n<p><strong><em>\u201eA hat\u00e1ron t\u00fali magyar kultur\u00e1lis \u00f6r\u00f6ks\u00e9g \u00e1pol\u00e1s\u00e1\u00e9rt\u201d<\/em><\/strong><a href=\"https:\/\/www.aradihirek.ro\/sites\/default\/files\/klebelsberg_kuno_szobra_pecskan.jpg\"><\/a><\/p>\n\n\n\n<p><\/p>\n","protected":false},"excerpt":{"rendered":"<p>K\u00f6nyvek, monogr\u00e1fi\u00e1k, albumok viselik Nagy Istv\u00e1n keze munk\u00e1j\u00e1nak a nyom\u00e1t | Fot\u00f3: Pataky Lehel Zsolt N\u00e9gy nap alatt k\u00e9t kit\u00fcntet\u00e9st is \u00e1tvehet Nagy Istv\u00e1n nyugalmazott p\u00e9cskai fizikatan\u00e1r, k\u00f6z\u00e9leti szerepl\u0151: janu\u00e1r 18-\u00e1n, szombaton Budapesten a Falvak Kult\u00far\u00e1j\u00e1\u00e9rt Alap\u00edtv\u00e1ny a Magyar Kult\u00fara Lovagj\u00e1v\u00e1 \u00fcti a kor\u00e1bbi p\u00e9cskai alpolg\u00e1rmestert, janu\u00e1r 22-\u00e9n, a j\u00f6v\u0151 szerd\u00e1n pedig az aradi K\u00f6lcsey &hellip; <a href=\"https:\/\/nagyistvan.pecska.ro\/?p=4575\" class=\"more-link\"><span class=\"screen-reader-text\">\u201e1989 decembere \u00f3ta folyamatosan magyar \u00fcgyet szolg\u00e1lok\u201d \u2013 N\u00e9gy nap alatt k\u00e9t d\u00edjat is \u00e1tvehet Nagy Istv\u00e1n<\/span> r\u00e9szletei&#8230;<\/a><\/p>\n","protected":false},"author":2,"featured_media":0,"comment_status":"open","ping_status":"open","sticky":false,"template":"","format":"standard","meta":{"footnotes":""},"categories":[1],"tags":[],"class_list":["post-4575","post","type-post","status-publish","format-standard","hentry","category-nincs-kategorizalva"],"_links":{"self":[{"href":"https:\/\/nagyistvan.pecska.ro\/index.php?rest_route=\/wp\/v2\/posts\/4575","targetHints":{"allow":["GET"]}}],"collection":[{"href":"https:\/\/nagyistvan.pecska.ro\/index.php?rest_route=\/wp\/v2\/posts"}],"about":[{"href":"https:\/\/nagyistvan.pecska.ro\/index.php?rest_route=\/wp\/v2\/types\/post"}],"author":[{"embeddable":true,"href":"https:\/\/nagyistvan.pecska.ro\/index.php?rest_route=\/wp\/v2\/users\/2"}],"replies":[{"embeddable":true,"href":"https:\/\/nagyistvan.pecska.ro\/index.php?rest_route=%2Fwp%2Fv2%2Fcomments&post=4575"}],"version-history":[{"count":1,"href":"https:\/\/nagyistvan.pecska.ro\/index.php?rest_route=\/wp\/v2\/posts\/4575\/revisions"}],"predecessor-version":[{"id":4580,"href":"https:\/\/nagyistvan.pecska.ro\/index.php?rest_route=\/wp\/v2\/posts\/4575\/revisions\/4580"}],"wp:attachment":[{"href":"https:\/\/nagyistvan.pecska.ro\/index.php?rest_route=%2Fwp%2Fv2%2Fmedia&parent=4575"}],"wp:term":[{"taxonomy":"category","embeddable":true,"href":"https:\/\/nagyistvan.pecska.ro\/index.php?rest_route=%2Fwp%2Fv2%2Fcategories&post=4575"},{"taxonomy":"post_tag","embeddable":true,"href":"https:\/\/nagyistvan.pecska.ro\/index.php?rest_route=%2Fwp%2Fv2%2Ftags&post=4575"}],"curies":[{"name":"wp","href":"https:\/\/api.w.org\/{rel}","templated":true}]}}