{"id":4568,"date":"2026-03-05T14:54:02","date_gmt":"2026-03-05T12:54:02","guid":{"rendered":"https:\/\/nagyistvan.pecska.ro\/?p=4568"},"modified":"2026-03-05T14:56:17","modified_gmt":"2026-03-05T12:56:17","slug":"4568","status":"publish","type":"post","link":"https:\/\/nagyistvan.pecska.ro\/?p=4568","title":{"rendered":"Nagy Istv\u00e1n munk\u00e1ss\u00e1g\u00e1t P\u00e9cska d\u00edszpolg\u00e1ra c\u00edmmel ismert\u00e9k el"},"content":{"rendered":"\n<h1 class=\"wp-block-heading\"><\/h1>\n\n\n\n<h1 class=\"wp-block-heading\"><\/h1>\n\n\n\n<p><a href=\"https:\/\/nyugatijelen.com\/jelenido\/nagy-istvan-munkassagat-pecska-diszpolgara-cimmel-ismertek-el\">Balta J\u00e1nos<\/a><\/p>\n\n\n\n<p>2024. m\u00e1jus 22.<\/p>\n\n\n\n<p>A P\u00e9cska v\u00e1ros d\u00edszpolg\u00e1ra kit\u00fcntet\u00e9s motiv\u00e1ci\u00f3it ugyancsak T\u00f3th Brigitta ismertette:&nbsp;<\/p>\n\n\n\n<p>\u201eNagy Istv\u00e1n \u00far 1954. okt\u00f3ber 3-\u00e1n az Arad megyei Gyorokon sz\u00fcletett, de az elemi iskolai tanulm\u00e1nyait m\u00e1r Nagyvarjason kezdte el az Antal h\u00e1zasp\u00e1r ir\u00e1ny\u00edt\u00e1s\u00e1val. Az \u00e1ltal\u00e1nos iskolai tanulm\u00e1nyait Torny\u00e1n folytatta, amely id\u0151szakra nosztalgi\u00e1val eml\u00e9kezik. Ut\u00e1na az aradi 3-as Sz\u00e1m\u00fa L\u00edceumban folytatta, majd a Temesv\u00e1ri Egyetem Term\u00e9szettudom\u00e1nyi Kar\u00e1n szerzett fizikatan\u00e1r oklevelet.<\/p>\n\n\n\n<p>Az egyetem elv\u00e9gz\u00e9se ut\u00e1n a P\u00e9cskai Pion\u00edrh\u00e1zban dolgozott, n\u00e9h\u00e1ny h\u00e9t ut\u00e1n \u00e1thelyezt\u00e9k a Tornyai \u00c1ltal\u00e1nos Iskol\u00e1ba, ahol fizikatan\u00e1rk\u00e9nt m\u0171k\u00f6d\u00f6tt. 1980\u20131992 k\u00f6z\u00f6tt a P\u00e9cskai 2-es Sz\u00e1m\u00fa \u00c1ltal\u00e1nos Iskol\u00e1ban, illetve a P\u00e9cskai Pion\u00edrh\u00e1zban is oktatott. 1980-ban h\u00e1zass\u00e1got k\u00f6t\u00f6tt a feles\u00e9g\u00e9vel, M\u00e1ri\u00e1val, aki k\u00e9t gyermekkel, \u00c1kossal \u00e9s Imol\u00e1val aj\u00e1nd\u00e9kozta meg.<\/p>\n\n\n\n<p>Az 1989-es forradalmi esem\u00e9nyek Nagy Istv\u00e1n \u00e9let\u00e9ben is sorsfordul\u00f3k voltak, elj\u00f6tt az ideje a k\u00f6z\u00f6ss\u00e9g\u00e9rt dolgozni. 1989. december 28-\u00e1n P\u00e9csk\u00e1n megalap\u00edtotta a Rom\u00e1niai Magyar Demokrata Sz\u00f6vets\u00e9g helybeli szervezet\u00e9t, amelyet 2005-ig vezetett. Ezzel p\u00e1rhuzamosan \u00e9vekig a megyei RMDSZ-szervezetnek a k\u00f6zigazgat\u00e1si \u00e9s k\u00f6zm\u0171vel\u0151d\u00e9si eln\u00f6ki tiszts\u00e9g\u00e9t is bet\u00f6lt\u00f6tte. Az 1990\u20132008 k\u00f6z\u00f6tt kifejtett helyi tan\u00e1csosi mand\u00e1tuma idej\u00e9n nagyban hozz\u00e1j\u00e1rult a k\u00f6zs\u00e9g, majd a v\u00e1ros P\u00e9cska kultur\u00e1lis \u00e9s gazdas\u00e1gi fejl\u0151d\u00e9s\u00e9hez. Az 1992\u20132004 k\u00f6z\u00f6tt kifejtett alpolg\u00e1rmesteri tiszts\u00e9g\u00e9ben hozz\u00e1j\u00e1rult a k\u00f6zs\u00e9g gazdas\u00e1gi \u00e9s kultur\u00e1lis fejl\u0151d\u00e9s\u00e9hez. A k\u00f6zigazgat\u00e1sban elt\u00f6lt\u00f6tt 12 \u00e9v alatt nagyban hozz\u00e1j\u00e1rult a magyar nyelv\u0171 oktat\u00e1s fejl\u0151d\u00e9s\u00e9hez.<\/p>\n\n\n\n<p>Nagy Istv\u00e1n maradand\u00f3t alkotott a magyar k\u00f6zm\u0171vel\u0151d\u00e9si \u00e9let ter\u00e9n is, t\u00f6bb k\u00f6zm\u0171vel\u0151d\u00e9si egyes\u00fclet l\u00e9trehoz\u00e1s\u00e1ban vett r\u00e9szt, sz\u00e1mos kiadv\u00e1ny is a nev\u00e9hez f\u0171z\u0151dik. 1995-ben alap\u00edt\u00f3 tagja volt a K\u00e1lm\u00e1ny Lajos K\u00f6zm\u0171vel\u0151d\u00e9si Egyes\u00fcletnek, amely hozz\u00e1j\u00e1rult a magyar k\u00f6zm\u0171vel\u0151d\u00e9si \u00e9let fejleszt\u00e9s\u00e9hez nemcsak P\u00e9csk\u00e1n, hanem a hozz\u00e1 tartoz\u00f3 Torny\u00e1n \u00e9s Szederh\u00e1ton is. 2001-ben egyik kezdem\u00e9nyez\u0151je volt a B\u00fazavir\u00e1g Egyes\u00fclet l\u00e9trehoz\u00e1s\u00e1nak, 1992\u20132004 k\u00f6z\u00f6tt ft. Heinrich J\u00f3zsef pl\u00e9b\u00e1nossal \u00e9s m\u00e1sokkal kiadt\u00e1k a P\u00e9cskai \u00dajs\u00e1got. 1995\u20131999 k\u00f6z\u00f6tt t\u00f6bb k\u00f6nyvet szerkesztett:<em> Fejezetek P\u00e9cska nagyk\u00f6zs\u00e9g m\u00faltj\u00e1b\u00f3l<\/em>, dr. Kov\u00e1ch G\u00e9za munk\u00e1j\u00e1t; P\u00e9ter L\u00e1szl\u00f3 szegedi egyetemi tan\u00e1r <em>K\u00e1lm\u00e1ny Lajos&nbsp;<\/em>c\u00edm\u0171 k\u00f6tet\u00e9t; Ap\u00e1cai B\u00f6l\u00f6ni S\u00e1ndor p\u00e9cskai tan\u00e1r <em>C\u00fa, v\u00e9nasszony b\u00e1b\u00e1ja<\/em>, illetve <em>Bety\u00e1rgyerek az erd\u0151ben<\/em> c\u00edm\u0171 k\u00f6teteit; dr. P\u00e1lfi S\u00e1ndor orvossal egy\u00fctt szerkesztett\u00e9k Gul\u00e1csi Roz\u00e1lia tan\u00edt\u00f3n\u0151<em> Eml\u00e9kalbum Magyarp\u00e9cska k\u00f6zm\u0171vel\u0151d\u00e9si \u00e9let\u00e9b\u0151l<\/em> c\u00edm\u0171 munk\u00e1j\u00e1t; Nagyhalm\u00e1gyi S\u00e1ndor <em>Magyarp\u00e9cska m\u00faltj\u00e1b\u00f3l<\/em> c\u00edm\u0171 k\u00f6tet\u00e9t; P\u00e9ter L\u00e1szl\u00f3 egyetemi tan\u00e1r gy\u0171jtem\u00e9ny\u00e9t <em>K\u00e1lm\u00e1ny Lajos: Magyar Hitvil\u00e1g&nbsp;<\/em>c\u00edmmel szerkesztette.<\/p>\n\n\n\n<p><strong>Akt\u00edv nyugd\u00edjas \u00e9vek<\/strong><\/p>\n\n\n\n<p>H\u00e1rom alpolg\u00e1rmesteri mand\u00e1tum ut\u00e1n visszat\u00e9rt a katedr\u00e1hoz, a 2-es Sz\u00e1m\u00fa \u00c1ltal\u00e1nos Iskol\u00e1ban \u00e9s a Gheorghe Laz\u0103r L\u00edceumban 2019-ig tan\u00edtott, majd nyugd\u00edjba vonult.<\/p>\n\n\n\n<p>Ez azonban nem jelentette, hogy visszavonult volna a p\u00e9cskai k\u00f6z\u00e9letb\u0151l. 2007-ben szerkesztette meg <em>P\u00e9cska V\u00e1ros Monogr\u00e1fi\u00e1j\u00e1<\/em>t. Annak t\u00f6bb fejezet\u00e9t maga \u00edrta: <em>Szemelv\u00e9nyek a p\u00e9cskai r\u00f3mai katolikus \u00e9letb\u0151l<\/em>; <em>A p\u00e9cskai oktat\u00e1s fejezetei; A p\u00e9cskai magyar k\u00f6zm\u0171vel\u0151d\u00e9si \u00e9let<\/em>, illetve <em>P\u00e9cska a statisztik\u00e1kban<\/em>, amit And\u00f3 Andr\u00e1ssal egy\u00fctt \u00edrt.<\/p>\n\n\n\n<p>P\u00e9cska nevezetes sz\u00fcl\u00f6tteinek a tisztelet\u00e9t Nagy Istv\u00e1n els\u0151rend\u0171 feladatnak tekintette, ez\u00e9rt 2000-ben hozz\u00e1j\u00e1rult Klebelsberg Kun\u00f3 mellszobr\u00e1nak a fel\u00e1ll\u00edt\u00e1s\u00e1hoz. 2002-ben Ineuan Mihai ortodox pl\u00e9b\u00e1nossal egy\u00fcttm\u0171k\u00f6dve, seg\u00edtett Roman Ciorogariu ortodox p\u00fcsp\u00f6k mellszobr\u00e1nak az elk\u00e9sz\u00edt\u00e9s\u00e9ben. Kezdem\u00e9nyezte Mester J\u00e1nos \u00e9s Nagy Oszk\u00e1r eml\u00e9kt\u00e1bl\u00e1inak a r\u00f3mai katolikus templom kertj\u00e9ben t\u00f6rt\u00e9nt leleplez\u00e9s\u00e9t. 2010-ben kezdem\u00e9nyezte az els\u0151 vil\u00e1gh\u00e1bor\u00faban elhunyt p\u00e9cskai r\u00f3mai katolikus h\u00edvek neveinek a katolikus templom el\u0151tti obeliszkre v\u00e9set\u00e9s\u00e9t. A r\u00f3mai katolikus temet\u0151ben kezdem\u00e9nyezte egy obeliszk \u00e1ll\u00edt\u00e1s\u00e1t a m\u00e1sodik vil\u00e1gh\u00e1bor\u00faban elhunyt helybeli ismeretlen katolikus h\u0151s\u00f6k tisztelet\u00e9re.<\/p>\n\n\n\n<p>A jelzettekkel p\u00e1rhuzamosan, 2010-ben \u00f6ssze\u00e1ll\u00edtotta a <em>P\u00e9cskai magyar oktat\u00e1s Eur\u00f3p\u00e1b\u00f3l, Eur\u00f3p\u00e1ba<\/em> c\u00edm\u0171, illetve a <em>R\u00e9gi n\u00f3ta sz\u00e9pen sz\u00f3l<\/em> c\u00edm\u0171 k\u00f6teteket. 2013-ban \u00f6ssze\u00e1ll\u00edtotta a <em>Tornyai tan\u00edt\u00f3k \u00e9s di\u00e1kok<\/em> c\u00edm\u0171 k\u00f6tetet. Ugyanabban az \u00e9vben kezdem\u00e9nyezte a tornyai \u00faj iskola\u00e9p\u00fcleten P\u00e9ter Antal n\u00e9hai igazgat\u00f3, iskola\u00e9p\u00edt\u0151 eml\u00e9kt\u00e1bl\u00e1j\u00e1nak az elhelyez\u00e9s\u00e9t.<\/p>\n\n\n\n<p>Szab\u00f3 Istv\u00e1nnal k\u00f6z\u00f6sen 2014-ben \u00f6ssze\u00e1ll\u00edtotta a <em>Nagyvarjasi harangsz\u00f3<\/em>, 2019-ben<em> Nagyvarjasi, p\u00e9cskai aradi kalend\u00e1rium<\/em> c\u00edm\u0171 k\u00f6teteteket. Ugyanabban az \u00e9vben, a nagyvarjasi r\u00f3mai katolikus templomban kezdem\u00e9nyezte eml\u00e9kt\u00e1bla elhelyez\u00e9st a falu sz\u00fcl\u00f6tte, Ol\u00e1h S\u00e1ndor tisztelet\u00e9re.<\/p>\n\n\n\n<p>2015-ben kiadta Ficzay D\u00e9nes&nbsp; <em>Kis irodalomt\u00f6rt\u00e9net&nbsp;<\/em>c\u00edm\u0171 k\u00f6tetet. 2021-ben \u00edrta meg <em>Eml\u00e9kezni m\u00e1rpedig kell, 30 \u00e9ves az Alma Mater Alap\u00edtv\u00e1ny<\/em> c\u00edm\u0171 k\u00f6tetet. 2022-ben \u00f6ssze\u00e1ll\u00edtotta a <em>M\u00e1riaradnai b\u00facs\u00fa \u2013 \u00e9nekes k\u00f6nyv<\/em>et. Az eml\u00edtettek mellett Nagy Istv\u00e1n sz\u00e1mos k\u00f6tetnek a t\u00e1rsszerz\u0151je, sok \u00edr\u00e1sa jelent meg aradi, szegedi \u00e9s debreceni kiadv\u00e1nyokban.<\/p>\n\n\n\n<p>Tisztelt Nagy Istv\u00e1n, t\u00f6bb \u00e9vtizedes munk\u00e1j\u00e1\u00e9rt, a p\u00e9cskai k\u00f6z\u00f6ss\u00e9g \u00e9s a magyar \u00e9rt\u00e9kek meg\u0151rz\u00e9s\u00e9\u00e9rt P\u00e9cska V\u00e1ros Tan\u00e1csa d\u00edszpolg\u00e1ri c\u00edmben r\u00e9szesti \u00f6nt.\u201d&nbsp;<\/p>\n\n\n\n<p>A kit\u00fcntet\u00e9st Antal P\u00e9ter polg\u00e1rmester \u00e9s Miodrag Stanoiov alpolg\u00e1rmester adt\u00e1k \u00e1t, ami ut\u00e1n a kedvezm\u00e9nyezett a meghat\u00f3dotts\u00e1gt\u00f3l elcsukl\u00f3 hangon mondott k\u00f6sz\u00f6netet sok\u00e9vi munk\u00e1j\u00e1nak az elismer\u00e9s\u00e9\u00e9rt.<\/p>\n\n\n\n<p><\/p>\n\n\n\n<p><a href=\"https:\/\/www.aradihirek.ro\/itt-hon\/nagy-istvan-pecska-diszpolgara-lett-dr-kovacs-gabort-is-kituntettek-a-varosnapokon-audio\"><strong>Nagy Istv\u00e1n P\u00e9cska d\u00edszpolg\u00e1ra lett<\/strong><\/a><\/p>\n\n\n\n<p>Pataky Lehel Zsolt<\/p>\n\n\n\n<p>2024. 05. 20.<\/p>\n\n\n\n<figure class=\"wp-block-image size-full\"><img loading=\"lazy\" decoding=\"async\" width=\"750\" height=\"500\" src=\"https:\/\/nagyistvan.pecska.ro\/wp-content\/uploads\/2026\/03\/image.png\" alt=\"\" class=\"wp-image-4569\" srcset=\"https:\/\/nagyistvan.pecska.ro\/wp-content\/uploads\/2026\/03\/image.png 750w, https:\/\/nagyistvan.pecska.ro\/wp-content\/uploads\/2026\/03\/image-300x200.png 300w\" sizes=\"auto, (max-width: 750px) 100vw, 750px\" \/><\/figure>\n\n\n\n<p>Antal P\u00e9ter polg\u00e1rmester, Nagy Istv\u00e1n d\u00edszpolg\u00e1r \u00e9s Miodrag Stanoiov alpolg\u00e1rmester [ Fot\u00f3k: Pataky Lehel Zsolt<\/p>\n\n\n\n<p>Pedag\u00f3gusi, k\u00f6z\u00f6ss\u00e9gszervez\u0151i \u00e9s a szellemi \u00f6r\u00f6ks\u00e9g v\u00e9delme ter\u00e9n kifejtett tev\u00e9kenys\u00e9ge elismer\u00e9sek\u00e9nt d\u00edszpolg\u00e1ri c\u00edmmel t\u00fcntett\u00e9k ki P\u00e9csk\u00e1n Nagy Istv\u00e1n nyugalmazott fizikatan\u00e1rt, volt alpolg\u00e1rmestert, m\u00edg tudom\u00e1nyos kutat\u00f3i munk\u00e1j\u00e1\u00e9rt P\u00e9cskai gy\u00f6kerek-d\u00edjat adom\u00e1nyoztak dr. Kov\u00e1cs G\u00e1bor vegy\u00e9sznek, egyetemi adjunktusnak.<\/p>\n\n\n\n<figure class=\"wp-block-image size-full\"><img loading=\"lazy\" decoding=\"async\" width=\"750\" height=\"563\" src=\"https:\/\/nagyistvan.pecska.ro\/wp-content\/uploads\/2026\/03\/image-1.png\" alt=\"\" class=\"wp-image-4570\" srcset=\"https:\/\/nagyistvan.pecska.ro\/wp-content\/uploads\/2026\/03\/image-1.png 750w, https:\/\/nagyistvan.pecska.ro\/wp-content\/uploads\/2026\/03\/image-1-300x225.png 300w\" sizes=\"auto, (max-width: 750px) 100vw, 750px\" \/><\/figure>\n\n\n\n<p>Vas\u00e1rnap tartotta d\u00edsz\u00fcl\u00e9s\u00e9t a v\u00e1rosi k\u00e9pvisel\u0151test\u00fclet, amelyen \u2013 szok\u00e1s szerint \u2013 kit\u00fcntet\u00e9seket adtak \u00e1t, abb\u00f3l az alkalomb\u00f3l, hogy P\u00e9csk\u00e1t h\u00fasz \u00e9ve emelt\u00e9k v\u00e1rosi rangra. Az \u00f6nkorm\u00e1nyzat a telep\u00fcl\u00e9s h\u00edrnev\u00e9nek \u00f6regb\u00edt\u00e9s\u00e9\u00e9rt, a kultur\u00e1lis vagy a hit\u00e9let gazdag\u00edt\u00e1s\u00e1\u00e9rt, illetve er\u0151s\u00edt\u00e9s\u00e9\u00e9rt, tov\u00e1bb\u00e1 a helyi szellemi, term\u00e9szeti \u00e9s \u00e9p\u00edtett \u00f6r\u00f6ks\u00e9g \u00e1pol\u00e1s\u00e1\u00e9rt v\u00e9gzett tev\u00e9kenys\u00e9get ismeri el az eml\u00e9kplakettekkel \u00e9s d\u00edszoklevelekkel \u2013 magyar\u00e1zta Antal P\u00e9ter p\u00e9cskai polg\u00e1rmester.<\/p>\n\n\n\n<p>A legrangosabb kit\u00fcntet\u00e9st, a d\u00edszpolg\u00e1ri c\u00edmet id\u00e9n Nagy Istv\u00e1n nyugalmazott fizikatan\u00e1rnak, kor\u00e1bbi alpolg\u00e1rmesternek adom\u00e1nyozt\u00e1k, pedag\u00f3gusi, k\u00f6z\u00f6ss\u00e9gszervez\u0151i \u00e9s a szellemi \u00f6r\u00f6ks\u00e9g v\u00e9delme ter\u00e9n kifejtett tev\u00e9kenys\u00e9ge elismer\u00e9sek\u00e9nt.<\/p>\n\n\n\n<p><\/p>\n\n\n\n<p><\/p>\n","protected":false},"excerpt":{"rendered":"<p>Balta J\u00e1nos 2024. m\u00e1jus 22. A P\u00e9cska v\u00e1ros d\u00edszpolg\u00e1ra kit\u00fcntet\u00e9s motiv\u00e1ci\u00f3it ugyancsak T\u00f3th Brigitta ismertette:&nbsp; \u201eNagy Istv\u00e1n \u00far 1954. okt\u00f3ber 3-\u00e1n az Arad megyei Gyorokon sz\u00fcletett, de az elemi iskolai tanulm\u00e1nyait m\u00e1r Nagyvarjason kezdte el az Antal h\u00e1zasp\u00e1r ir\u00e1ny\u00edt\u00e1s\u00e1val. Az \u00e1ltal\u00e1nos iskolai tanulm\u00e1nyait Torny\u00e1n folytatta, amely id\u0151szakra nosztalgi\u00e1val eml\u00e9kezik. Ut\u00e1na az aradi 3-as Sz\u00e1m\u00fa L\u00edceumban &hellip; <a href=\"https:\/\/nagyistvan.pecska.ro\/?p=4568\" class=\"more-link\"><span class=\"screen-reader-text\">Nagy Istv\u00e1n munk\u00e1ss\u00e1g\u00e1t P\u00e9cska d\u00edszpolg\u00e1ra c\u00edmmel ismert\u00e9k el<\/span> r\u00e9szletei&#8230;<\/a><\/p>\n","protected":false},"author":2,"featured_media":0,"comment_status":"open","ping_status":"open","sticky":false,"template":"","format":"standard","meta":{"footnotes":""},"categories":[1],"tags":[],"class_list":["post-4568","post","type-post","status-publish","format-standard","hentry","category-nincs-kategorizalva"],"_links":{"self":[{"href":"https:\/\/nagyistvan.pecska.ro\/index.php?rest_route=\/wp\/v2\/posts\/4568","targetHints":{"allow":["GET"]}}],"collection":[{"href":"https:\/\/nagyistvan.pecska.ro\/index.php?rest_route=\/wp\/v2\/posts"}],"about":[{"href":"https:\/\/nagyistvan.pecska.ro\/index.php?rest_route=\/wp\/v2\/types\/post"}],"author":[{"embeddable":true,"href":"https:\/\/nagyistvan.pecska.ro\/index.php?rest_route=\/wp\/v2\/users\/2"}],"replies":[{"embeddable":true,"href":"https:\/\/nagyistvan.pecska.ro\/index.php?rest_route=%2Fwp%2Fv2%2Fcomments&post=4568"}],"version-history":[{"count":4,"href":"https:\/\/nagyistvan.pecska.ro\/index.php?rest_route=\/wp\/v2\/posts\/4568\/revisions"}],"predecessor-version":[{"id":4574,"href":"https:\/\/nagyistvan.pecska.ro\/index.php?rest_route=\/wp\/v2\/posts\/4568\/revisions\/4574"}],"wp:attachment":[{"href":"https:\/\/nagyistvan.pecska.ro\/index.php?rest_route=%2Fwp%2Fv2%2Fmedia&parent=4568"}],"wp:term":[{"taxonomy":"category","embeddable":true,"href":"https:\/\/nagyistvan.pecska.ro\/index.php?rest_route=%2Fwp%2Fv2%2Fcategories&post=4568"},{"taxonomy":"post_tag","embeddable":true,"href":"https:\/\/nagyistvan.pecska.ro\/index.php?rest_route=%2Fwp%2Fv2%2Ftags&post=4568"}],"curies":[{"name":"wp","href":"https:\/\/api.w.org\/{rel}","templated":true}]}}