{"id":4354,"date":"2022-12-07T11:50:46","date_gmt":"2022-12-07T09:50:46","guid":{"rendered":"https:\/\/nagyistvan.pecska.ro\/?p=4354"},"modified":"2022-12-07T11:50:46","modified_gmt":"2022-12-07T09:50:46","slug":"cseveges-az-aradi-ladaban-palfi-kingaval","status":"publish","type":"post","link":"https:\/\/nagyistvan.pecska.ro\/?p=4354","title":{"rendered":"Cseveg\u00e9s az aradi L\u00e1d\u00e1ban P\u00e1lfi King\u00e1val"},"content":{"rendered":"\n<p><\/p>\n\n\n\n<figure class=\"wp-block-embed is-type-video is-provider-youtube wp-block-embed-youtube wp-embed-aspect-16-9 wp-has-aspect-ratio\"><div class=\"wp-block-embed__wrapper\">\n<iframe loading=\"lazy\" title=\"41 L\u00c1DA - Nagy Istv\u00e1n\" width=\"660\" height=\"371\" src=\"https:\/\/www.youtube.com\/embed\/HoZVBjVVxG4?feature=oembed\" frameborder=\"0\" allow=\"accelerometer; autoplay; clipboard-write; encrypted-media; gyroscope; picture-in-picture; web-share\" referrerpolicy=\"strict-origin-when-cross-origin\" allowfullscreen><\/iframe>\n<\/div><\/figure>\n\n\n\n<p><em>Telepakolta a L\u00e1d\u00e1t k\u00f6nyvekkel \u00e9s elhozta a L\u00e1da lev\u00e9t is. Nagy Istv\u00e1n fizikatan\u00e1r azt mondja, hogy p\u00e9cskai magyark\u00e9nt v\u00e9gzi a dolg\u00e1t: \u2013 k\u00f6nyvet szerkeszt, f\u00e9nyk\u00e9pez, vir\u00e1gokat nevel, mindig foglalkozik valamivel. A L\u00e1d\u00e1ban elmondja, hogy szerinte mi a&nbsp;hossz\u00fa h\u00e1zass\u00e1g titka \u00e9s felid\u00e9zi a diszn\u00f3v\u00e1g\u00e1sok hangulat\u00e1t is. Nagy Istv\u00e1n a L\u00e1d\u00e1ban, ahol aradi magyarok mes\u00e9lnek \u00f6nmagukr\u00f3l!<\/em><\/p>\n\n\n\n<p><strong>P\u00e1lfi Kinga<\/strong>: <em>\u2013 Szeretettel k\u00f6sz\u00f6nt\u00f6k mindenkit. A L\u00e1d\u00e1ban ma Nagy Istv\u00e1n van vel\u00fcnk P\u00e9csk\u00e1r\u00f3l. Sz\u00e1mos helyt\u00f6rt\u00e9neti k\u00f6nyv szerkeszt\u00e9s\u00e9ben vesz r\u00e9szt, ma is akt\u00edvan \u00edr, \u00e9s jelen van a k\u00f6z\u00f6ss\u00e9gi rendezv\u00e9nyeken. Azt mondj\u00e1k r\u00f3la, hogy \u0151 a sz\u00f3rv\u00e1ny napsz\u00e1mosa.<\/em><\/p>\n\n\n\n<p><em>K\u00f6sz\u00f6nt\u00f6m szeretettel, \u00e9s nem tudom mennyire \u00e9rt egyet ezzel a kifejez\u00e9ssel, amit \u00f6nre ragasztottak.<\/em><\/p>\n\n\n\n<figure class=\"wp-block-image size-large\"><img loading=\"lazy\" decoding=\"async\" width=\"1024\" height=\"676\" src=\"https:\/\/nagyistvan.pecska.ro\/wp-content\/uploads\/2022\/12\/image-1024x676.png\" alt=\"\" class=\"wp-image-4355\" srcset=\"https:\/\/nagyistvan.pecska.ro\/wp-content\/uploads\/2022\/12\/image-1024x676.png 1024w, https:\/\/nagyistvan.pecska.ro\/wp-content\/uploads\/2022\/12\/image-300x198.png 300w, https:\/\/nagyistvan.pecska.ro\/wp-content\/uploads\/2022\/12\/image-768x507.png 768w, https:\/\/nagyistvan.pecska.ro\/wp-content\/uploads\/2022\/12\/image.png 1088w\" sizes=\"auto, (max-width: 1024px) 100vw, 1024px\" \/><\/figure>\n\n\n\n<p><strong>PK: \u2013 <\/strong><em>A sz\u00f3rv\u00e1nyban.<\/em><\/p>\n\n\n\n<p><strong>NI: \u2013 <\/strong>Nem a sz\u00f3rv\u00e1nyban. Dehogy a sz\u00f3rv\u00e1nyban. \u00c9n p\u00e9cskai magyark\u00e9nt azt, amit magyar szempontb\u00f3l a magyarok sz\u00e1m\u00e1ra fontosnak tartok. Teh\u00e1t \u00e9n egy\u00e1ltal\u00e1n nem \u00e9rzem magam sz\u00f3rv\u00e1nybelinek. \u00c9n P\u00e9csk\u00e1n \u00e9lek 1980 \u00f3ta. Ott volt k\u00e9t, t\u00e9rben is elk\u00fcl\u00f6n\u00fcl\u0151 \u2013 nevezz\u00fck k\u00f6z\u00f6ss\u00e9gnek, b\u00e1r ez rossz sz\u00f3 \u2013, n\u00e9pess\u00e9g. Volt akkor olyan 4500 magyar, 4500 rom\u00e1n meg 2000 cig\u00e1ny, ez most m\u00e1r, a magyarok fogynak, a cig\u00e1nyok is fogynak, a rom\u00e1nok szaporodnak, de egy\u00e9bk\u00e9nt ott t\u00f6mb volt a t\u00f6mbben, az Arad megyei sz\u00f3rv\u00e1nyhoz k\u00e9pest, ugyan\u00fagy ahogy Kisiratos is egy t\u00f6mb, Majl\u00e1t is egy t\u00f6mb.<\/p>\n\n\n\n<p><strong>Nagy Istv\u00e1n<\/strong>: \u2013 H\u00e1t nem tudom, hogy ki ragasztotta r\u00e1m, nem vagyok \u00e9n napsz\u00e1mos, v\u00e9gzem a dolgom.<\/p>\n\n\n\n<p><strong>PK<\/strong>: \u2013 <em>\u00c9n egy \u00fajs\u00e1gcikkben tal\u00e1ltam ezt, hogy a sz\u00f3rv\u00e1ny napsz\u00e1mosa, az\u00e9rt gondoltam, hogy megk\u00e9rdezem.<\/em><\/p>\n\n\n\n<p><strong>NI<\/strong>: \u2013 Nem eml\u00e9kszem, hogy tal\u00e1lkoztam volna vele, de valaki biztos le\u00edrta.<\/p>\n\n\n\n<p><strong>PK<\/strong>: \u2013 <em>Igen. Miel\u0151tt err\u0151l a sok mindenr\u0151l besz\u00e9lgetn\u00e9nk \u00e9n szeretn\u00e9m, ha megmutatn\u00e1, mit hozott a l\u00e1d\u00e1ba, mert j\u00f3l megpakolta.<\/em><\/p>\n\n\n\n<p><strong>NI<\/strong>: \u2013 Igen. Hoztam.<\/p>\n\n\n\n<p><strong>PK<\/strong>: \u2013 <em>Ide sorba kipakolhatja \u0151ket.<\/em><\/p>\n\n\n\n<p><strong>NI<\/strong>: \u2013 A legr\u00e9gebbi a <em>Fejezetek P\u00e9cska nagyk\u00f6zs\u00e9g m\u00faltj\u00e1b\u00f3l<\/em> c\u00edm\u0171 k\u00f6nyv, ez az els\u0151 k\u00f6nyv, amit \u00e9n t\u00f6rdeltem meg szedtem. Kov\u00e1ch G\u00e9za egykori t\u00f6rt\u00e9nelemtan\u00e1rom \u00edrta \u00e9s 1995-\u00f6s.<\/p>\n\n\n\n<figure class=\"wp-block-image size-full\"><img loading=\"lazy\" decoding=\"async\" width=\"528\" height=\"673\" src=\"https:\/\/nagyistvan.pecska.ro\/wp-content\/uploads\/2022\/12\/image-1.png\" alt=\"\" class=\"wp-image-4356\" srcset=\"https:\/\/nagyistvan.pecska.ro\/wp-content\/uploads\/2022\/12\/image-1.png 528w, https:\/\/nagyistvan.pecska.ro\/wp-content\/uploads\/2022\/12\/image-1-235x300.png 235w\" sizes=\"auto, (max-width: 528px) 100vw, 528px\" \/><\/figure>\n\n\n\n<p>Azt\u00e1n van itt egy \u2013 merem \u00e1ll\u00edtani \u2013, p\u00e1rj\u00e1t ritk\u00edt\u00f3 kivitel\u0171 \u00e9s tartalm\u00fa, t\u00f6rt\u00e9netesen rom\u00e1n nyelv\u0171 monogr\u00e1fia P\u00e9csk\u00e1r\u00f3l, ennek a 600 oldal\u00e1b\u00f3l olyan 140-et \u00e9n \u00edrtam, \u00e9n szedtem \u00e1kumb\u00e1kum k\u00e9z\u00edr\u00e1sokb\u00f3l a z\u00f6m\u00e9t, akkor m\u00e9g sz\u00e1m\u00edt\u00f3g\u00e9pen keveset kaptam. Van hozz\u00e1 egy sz\u00e9p t\u00e9rk\u00e9pmell\u00e9klet, azt most nem bontjuk ki.<\/p>\n\n\n\n<figure class=\"wp-block-image size-full\"><img loading=\"lazy\" decoding=\"async\" width=\"442\" height=\"695\" src=\"https:\/\/nagyistvan.pecska.ro\/wp-content\/uploads\/2022\/12\/image-2.png\" alt=\"\" class=\"wp-image-4357\" srcset=\"https:\/\/nagyistvan.pecska.ro\/wp-content\/uploads\/2022\/12\/image-2.png 442w, https:\/\/nagyistvan.pecska.ro\/wp-content\/uploads\/2022\/12\/image-2-191x300.png 191w\" sizes=\"auto, (max-width: 442px) 100vw, 442px\" \/><\/figure>\n\n\n\n<p><strong>PK<\/strong>: \u2013 <em>Ez P\u00e9cska monogr\u00e1fi\u00e1ja.<\/em><\/p>\n\n\n\n<p><strong>NI<\/strong>: \u2013 Igen.<\/p>\n\n\n\n<p>Azt\u00e1n van itt egy eml\u00e9klap.<\/p>\n\n\n\n<figure class=\"wp-block-image size-full\"><img loading=\"lazy\" decoding=\"async\" width=\"429\" height=\"644\" src=\"https:\/\/nagyistvan.pecska.ro\/wp-content\/uploads\/2022\/12\/image-3.png\" alt=\"\" class=\"wp-image-4358\" srcset=\"https:\/\/nagyistvan.pecska.ro\/wp-content\/uploads\/2022\/12\/image-3.png 429w, https:\/\/nagyistvan.pecska.ro\/wp-content\/uploads\/2022\/12\/image-3-200x300.png 200w\" sizes=\"auto, (max-width: 429px) 100vw, 429px\" \/><\/figure>\n\n\n\n<p><strong>PK<\/strong>: \u2013 <em>Itt nyugszik h\u00e1rom n\u00e9vtelen honv\u00e9d.<\/em><\/p>\n\n\n\n<p><strong>NI<\/strong>: \u2013 Teh\u00e1t volt a p\u00e9cskai katolikus temet\u0151ben egy s\u00edr, rajta egy egyszer\u0171 betonkereszttel, hogy h\u00e1rom n\u00e9vtelen magyar honv\u00e9d. Amikor nekem megmutatta a gondnok, \u00e9ppen el\u0151tte kasz\u00e1lt\u00e1k le, ott \u00e9gett\u00e9k el a s\u00edron a lekasz\u00e1lt f\u00fcvet. K\u00e9rdezte a gondnok, hogy mit lehetne ezzel csin\u00e1lni? Azt\u00e1n az lett bel\u0151le, aki rajta van a k\u00e9pen. A b\u00e9k\u00e9si Minya Gr\u00e1nitt\u00f3l koldultam a lapot, egy 2m x 1m-es gr\u00e1nitlap.<\/p>\n\n\n\n<p><strong>PK<\/strong>: \u2013 <em>M\u00e9rt kellett azt koldulni?<\/em><\/p>\n\n\n\n<p><strong>NI<\/strong>: \u2013 H\u00e1t \u00edrtam nekik, hogy adjanak ingyen. \u00c9s akkor adtak.<\/p>\n\n\n\n<p>Ez \u2013<em> Tornyai tan\u00edt\u00f3k \u00e9s tanul\u00f3k \u2013 <\/em>egy Torny\u00e1r\u00f3l \u00edrott k\u00f6nyv arr\u00f3l az iskol\u00e1r\u00f3l, amelyikbe j\u00e1rtam V-VIII-ba.<\/p>\n\n\n\n<figure class=\"wp-block-image size-full\"><img loading=\"lazy\" decoding=\"async\" width=\"482\" height=\"690\" src=\"https:\/\/nagyistvan.pecska.ro\/wp-content\/uploads\/2022\/12\/image-4.png\" alt=\"\" class=\"wp-image-4359\" srcset=\"https:\/\/nagyistvan.pecska.ro\/wp-content\/uploads\/2022\/12\/image-4.png 482w, https:\/\/nagyistvan.pecska.ro\/wp-content\/uploads\/2022\/12\/image-4-210x300.png 210w\" sizes=\"auto, (max-width: 482px) 100vw, 482px\" \/><\/figure>\n\n\n\n<p>Ezt \u2013 <em>Nagyvarjasi harangsz\u00f3<\/em> \u2013 a L\u00e1da operat\u0151r\u00e9nek nagyb\u00e1tyj\u00e1val egy\u00fctt \u00edrtuk, Nagyvarjasr\u00f3l.<\/p>\n\n\n\n<figure class=\"wp-block-image size-full\"><img loading=\"lazy\" decoding=\"async\" width=\"408\" height=\"528\" src=\"https:\/\/nagyistvan.pecska.ro\/wp-content\/uploads\/2022\/12\/image-5.png\" alt=\"\" class=\"wp-image-4360\" srcset=\"https:\/\/nagyistvan.pecska.ro\/wp-content\/uploads\/2022\/12\/image-5.png 408w, https:\/\/nagyistvan.pecska.ro\/wp-content\/uploads\/2022\/12\/image-5-232x300.png 232w\" sizes=\"auto, (max-width: 408px) 100vw, 408px\" \/><\/figure>\n\n\n\n<p><strong>PK<\/strong>: \u2013 <em>Szab\u00f3 Istv\u00e1nnal.<\/em><\/p>\n\n\n\n<p><strong>NI<\/strong>: \u2013 Igen. \u00c9n ott n\u0151ttem f\u00f6l.<\/p>\n\n\n\n<p>Ez meg \u2013 ha m\u00e1r sz\u00f3rv\u00e1ny \u2013 egy 25 p\u00e9ld\u00e1nyban k\u00e9sz\u00fclt valami, \u2013 <em>P\u00e9cskai, Aradi, Nagyvarjasi Kalend\u00e1rium.<\/em><\/p>\n\n\n\n<figure class=\"wp-block-image size-full\"><img loading=\"lazy\" decoding=\"async\" width=\"485\" height=\"686\" src=\"https:\/\/nagyistvan.pecska.ro\/wp-content\/uploads\/2022\/12\/image-6.png\" alt=\"\" class=\"wp-image-4361\" srcset=\"https:\/\/nagyistvan.pecska.ro\/wp-content\/uploads\/2022\/12\/image-6.png 485w, https:\/\/nagyistvan.pecska.ro\/wp-content\/uploads\/2022\/12\/image-6-212x300.png 212w\" sizes=\"auto, (max-width: 485px) 100vw, 485px\" \/><\/figure>\n\n\n\n<p>K\u00e9sz\u00edtett\u00fcnk Szab\u00f3 Istv\u00e1nnal egy 2020-as kalend\u00e1riumot \u00fagy, hogy volt egy Aradi-, egy P\u00e9cskai- meg egy Nagyvarjasi Kalend\u00e1rium, mindenikb\u0151l volt 50 p\u00e9ld\u00e1ny, mindegyiknek volt egy k\u00f6z\u00f6s r\u00e9sze, \u00e9s volt nem k\u00f6z\u00f6s r\u00e9sze. Az aradi specifikusabban aradi, a p\u00e9cskai p\u00e9cskai \u00e9s a nagyvarjasi meg ink\u00e1bb nagyvarjasi volt. Ebbe a k\u00f6tetbe benne van a k\u00f6z\u00f6s \u00e9s a nem k\u00f6z\u00f6s is, minden.<\/p>\n\n\n\n<p><strong>PK<\/strong>: \u2013 <em>Teh\u00e1t ezek a k\u00f6tetek itt val\u00f3j\u00e1ban mind helyt\u00f6rt\u00e9nethez k\u00f6thet\u0151k, mind azokhoz a telep\u00fcl\u00e9sekhez, amelyeken \u00f6n vagy tanult, vagy \u00e9l, illetve \u00e9lt vagy dolgozott, vagy olyan helyek, ahol megfordult?<\/em><\/p>\n\n\n\n<p><strong>NI<\/strong>: \u2013 Olyan helyek, ahol \u00e9lek, gyakorlatilag, meg \u00e9ltem. Ezeken a helyeken m\u00e9g Temesv\u00e1ron \u00e9ltem, amikor di\u00e1k voltam, de egy\u00e9bk\u00e9nt itt, ezeken a helyeken \u00e9lek. Most is.<\/p>\n\n\n\n<p><strong>PK<\/strong>: \u2013 <em>M\u00e9rt fontos az, hogy ilyen form\u00e1ban foglalkozzon ezekkel a helyekkel, vagy ilyen form\u00e1ban is, hogy egy k\u00f6nyv egy maradand\u00f3 eml\u00e9k, ebben meg\u00f6r\u00f6k\u00edti, elrakt\u00e1rozza, meg\u0151rzi azt a sok-sok inform\u00e1ci\u00f3t, ami k\u00f6t\u0151dik ahhoz a helysz\u00ednhez?<\/em><\/p>\n\n\n\n<p><strong>NI<\/strong>: \u2013 Ha m\u00e1r meg tudja az ember csin\u00e1lni \u2013 rossz sz\u00f3 a csin\u00e1l\u00e1s de maradjunk enn\u00e9l \u2013, akkor csin\u00e1lja meg. Ilyen egyszer\u0171. Most, nyilv\u00e1n \u00e9rdekelnek is a helyt\u00f6rt\u00e9neti vonatkoz\u00e1sok, \u00e9s valamennyire k\u00e9pes is vagyok ezt \u00f6sszerakni, \u00e9s akkor \u00edgy sz\u00fcletnek ezek a k\u00f6nyvek. Nyilv\u00e1n, hogy tekint\u00e9lyes mennyis\u00e9g\u0171 munka van m\u00f6g\u00f6tt\u00fck, ezek m\u00f6g\u00f6tt is, meg m\u00e1sok m\u00f6g\u00f6tt is, de h\u00e1t az\u00e9rt vagyunk, hogy csin\u00e1ljuk valamit.<\/p>\n\n\n\n<p><strong>PK<\/strong>: \u2013 <em>Pedig \u00f6n nem t\u00f6rt\u00e9nelemtan\u00e1rit v\u00e9gzett, nem is t\u00f6rt\u00e9nelemtan\u00e1rk\u00e9nt dolgozott, nem is magyar irodalmat tanult vagy tan\u00edtott, hanem fizik\u00e1t.<\/em><\/p>\n\n\n\n<p><strong>NI<\/strong>: \u2013 Igen persze, fizika\u00f3r\u00e1n a gyerekek id\u0151nk\u00e9nt felh\u00e1nytorgatt\u00e1k nekem, hogy mi\u00e9rt jav\u00edtja ki a helyes\u00edr\u00e1si hib\u00e1t, mert maga nem is magyartan\u00e1r. Erre azt tudom csak mondani, hogy amikor \u00e9n V\u2013VIII-ba j\u00e1rtam, Szarvashegyi R\u00f3za volt a mez\u0151gazdas\u00e1g-biol\u00f3gia tan\u00e1runk \u2013 \u0151 tan\u00edt\u00f3 volt tulajdonk\u00e9ppen, de ezeket a t\u00e1rgyakat tan\u00edtotta \u2013, levonta a jegy\u00fcnket a helyes\u00edr\u00e1si hib\u00e1k\u00e9rt, amikor ellen\u0151rz\u0151t \u00edrtunk az \u0151 t\u00e1rgyaib\u00f3l.<\/p>\n\n\n\n<p>Engem zavar az, hogyha helytelen\u00fcl \u00edr valaki, mert l\u00e1tszik rajta. Teh\u00e1t \u0151t mag\u00e1t \u00e1rulja el, hogy mennyit \u00e9r a b\u0151re.<\/p>\n\n\n\n<p>Igen, \u00e9n fizik\u00e1t v\u00e9geztem. Eszembe jutott az is, hogy hozzam el a diplomadolgozatom. Ott van az asztalomon.<\/p>\n\n\n\n<p><strong>PK<\/strong>: \u2013 <em>Mi volt a t\u00e9m\u00e1ja?<\/em><\/p>\n\n\n\n<p><strong>NI<\/strong>: \u2013 A galaktikus p\u00e1rbesz\u00e9d lehet\u0151s\u00e9ge.<\/p>\n\n\n\n<p><strong>PK<\/strong>: \u2013 <em>Huh. Nekem huh.<\/em><\/p>\n\n\n\n<p><strong>NI<\/strong>: \u2013 K\u00e9t k\u00e9rd\u00e9s tulajdonk\u00e9ppen. Az egyik az, hogy l\u00e9tezhet-e m\u00e1sik \u00e9rtelmes civiliz\u00e1ci\u00f3 a vil\u00e1gegyetemben? A v\u00e1lasz azzal egy\u00fctt egy\u00e9rtelm\u0171 igen, hogy ennek t\u00e1rgyi bizony\u00edt\u00e9ka, vagy b\u00e1rminem\u0171 bizony\u00edt\u00e9ka pillanatnyilag nem \u00e1ll rendelkez\u00e9s\u00fcnkre. A m\u00e1sik pedig az, hogy amennyibe l\u00e9tezhet, akkor kapcsolatba l\u00e9phet\u00fcnk-e vele? Amire a v\u00e1lasz egy\u00e9rtelm\u0171 nem. Ide se j\u00f6hetnek, mi se mehet\u00fcnk oda. A t\u00e1vols\u00e1gok fizikailag \u00e1thatolhatatlanok. Az \u00fat megt\u00e9tel\u00e9hez sz\u00fcks\u00e9ges energia mennyis\u00e9g miatt.<\/p>\n\n\n\n<p><strong>PK<\/strong>: \u2013 <em>De egy\u00e9bk\u00e9nt \u00f6r\u00fclne, ha lehetne kapcsolatot teremteni?<\/em><\/p>\n\n\n\n<p><strong>NI<\/strong>: \u2013 Nem kell ennek se \u00f6r\u00fclni, se semmi. T\u00e9ny az, hogy az ember mondjuk h\u00fasz embern\u00e9l t\u00f6bbel nem tart kapcsolatot. Ez mindenkinek a maga mikroszf\u00e9r\u00e1ja. Azon t\u00fal persze, nekem is a telefonomban van kilencsz\u00e1z valah\u00e1ny telefonsz\u00e1m, szinte mindegyikr\u0151l tudok valamit, de att\u00f3l m\u00e9g emberk\u00e9nt egy mikrokl\u00edm\u00e1ban \u00e9l\u00fcnk. Mit tudhatn\u00e1nk meg t\u0151l\u00fck? H\u00e1t fejlettebb technol\u00f3gi\u00e1t. De azzal se tudunk b\u00e1nni, ami rendelkez\u00e9s\u00fcnkre \u00e1ll, akkor minek nek\u00fcnk enn\u00e9l fejlettebb? Teh\u00e1t fel kell n\u0151ni a feladathoz, ahhoz hogy tudjunk vele valamit kezdeni. \u00c9rdekes lenne tudni r\u00f3luk, vagy megtudni, hogy vannak, de h\u00e1t a lehet\u0151s\u00e9gek azok korl\u00e1toltak meg behat\u00e1roltak.<\/p>\n\n\n\n<p><strong>PK<\/strong>: \u2013 <em>L\u00e1tva ezt a sok k\u00f6nyvet nekem el\u0151sz\u00f6r az jut eszembe, hogy ehhez nagyon sokat kellett \u00fclni a sz\u00e1m\u00edt\u00f3g\u00e9p el\u0151tt.<\/em><\/p>\n\n\n\n<p><strong>NI<\/strong>: \u2013 \u00c9n reggel hat f\u00e9l h\u00e9tkor kelek, \u00e9s este tizenegykor fekszem le, nap k\u00f6zben nem szoktam aludni, elv\u00e9gzem azt a dolgom, amit el kell, tan\u00e1rk\u00e9nt az iskol\u00e1ban elv\u00e9geztem, azt\u00e1n hazamegyek, otthon a h\u00e1z k\u00f6r\u00fcl van, amit meg kell csin\u00e1lni azt megcsin\u00e1ljuk, \u00e9s azon k\u00edv\u00fcl sz\u00e1m\u00edt\u00f3g\u00e9p, reggelt\u0151l estig p\u00e1rhuzamosan olvasok naponta t\u00f6bb t\u00edz oldalt, k\u00f6nyvet t\u00f6rdelek, g\u00e9pelek be ezt, azt, amazt, vitatkozom akikkel<\/p>\n\n\n\n<p><strong>PK<\/strong>: \u2013 <em>kell<\/em><\/p>\n\n\n\n<p><strong>NI<\/strong>: \u2013 \u00e9rdemes meg lehet, meg azokkal is, akikkel \u00e9rdemtelen<\/p>\n\n\n\n<p><strong>PK<\/strong>: \u2013 <em>De nem az nem f\u00e1raszt\u00f3, hogy olyan sokat \u00fcl a sz\u00e1m\u00edt\u00f3g\u00e9p el\u0151tt, vagy azt sz\u00edvesen csin\u00e1lja?<\/em><\/p>\n\n\n\n<p><strong>NI<\/strong>: \u2013 Nem, ez nekem \u00e9letm\u00f3d. N\u00e1lunk a h\u00e1zban 1991 decembere \u00f3ta van asztali sz\u00e1m\u00edt\u00f3g\u00e9p, \u00e9s \u00e9n azt az\u00f3ta haszn\u00e1lom. \u201992-ben elkezdtem <em>P\u00e9cskai \u00dajs\u00e1g<\/em>ot szerkeszteni, \u00f6sszerakni, t\u00f6rdelni \u00e9s azt\u00e1n ez \u00e9letforma.<\/p>\n\n\n\n<p><strong>PK<\/strong>: \u2013 <em>Aki l\u00e1tja \u00f6nt a rendezv\u00e9nyeken azt is tudja, hogy nagyon sokszor f\u00e9nyk\u00e9pez\u0151g\u00e9ppel a kez\u00e9ben van, f\u00e9nyk\u00e9peket is k\u00e9sz\u00edt. Ez is az \u00e9letforma r\u00e9sze, vagy ez mi\u00e9r?<\/em><\/p>\n\n\n\n<p><strong>NI<\/strong>: \u2013 \u00c9letforma is v\u00e9gs\u0151 soron, mert ugye az \u00e9n f\u00e9nyk\u00e9pez\u00e9si foglalatoss\u00e1gom az k\u00e9t ir\u00e1ny\u00fa. Az egyik az, hogy otthon a kert\u00fcnkbe szoktam vir\u00e1gokat f\u00e9nyk\u00e9pezni, aki f\u00e9szbukozik az ezt tudja. \u00c9s azon k\u00edv\u00fcl pedig rendezv\u00e9nyeken a rendezv\u00e9nyt, de sokkal ink\u00e1bb a r\u00e9sztvev\u0151ket f\u00e9nyk\u00e9pezem, mint mag\u00e1t e rendezv\u00e9nyt.<\/p>\n\n\n\n<p><strong>PK<\/strong>: \u2013 <em>Mi\u00e9rt?<\/em><\/p>\n\n\n\n<p><strong>NI<\/strong>: \u2013 Csak. Nincs ebben k\u00fcl\u00f6n\u00f6sebben\u2026 Ideol\u00f3gi\u00e1t nem tudok hozz\u00e1rendelni, de az\u00e9rt szerintem \u00f6r\u00fclnek azok, akik megl\u00e1tj\u00e1k magukat, ha k\u00e9sz\u00fcl r\u00f3luk egy j\u00f3 k\u00e9p, vagy egy jobb k\u00e9p. Szemetet nem szoktam kitenni. Az lek\u00e9sz\u00fclt k\u00e9pekb\u0151l kiv\u00e1logatom azt, amit arra val\u00f3nak tartok. Ez azt jelenti gyakorlatilag, hogy 100 elk\u00e9sz\u00fclt k\u00e9pb\u0151l 80 kimehet.<\/p>\n\n\n\n<p><strong>PK<\/strong>: \u2013 <em>M\u00e9g valamit rakott a l\u00e1d\u00e1ba, nem tudom mi az. P\u00e9cskai vizet hozott nek\u00fcnk, vagy?<\/em><\/p>\n\n\n\n<p><strong>NI<\/strong>: \u2013 M\u00e1r vagy n\u00e9gyszer eszembe jutott, hogy ezt is ki k\u00e9ne tenni. Ha elolvassa szerkeszt\u0151 asszony, akkor ezen azt \u00edrja, hogy<\/p>\n\n\n\n<figure class=\"wp-block-image size-full\"><img loading=\"lazy\" decoding=\"async\" width=\"610\" height=\"468\" src=\"https:\/\/nagyistvan.pecska.ro\/wp-content\/uploads\/2022\/12\/image-7.png\" alt=\"\" class=\"wp-image-4362\" srcset=\"https:\/\/nagyistvan.pecska.ro\/wp-content\/uploads\/2022\/12\/image-7.png 610w, https:\/\/nagyistvan.pecska.ro\/wp-content\/uploads\/2022\/12\/image-7-300x230.png 300w\" sizes=\"auto, (max-width: 610px) 100vw, 610px\" \/><\/figure>\n\n\n\n<p><strong>PK<\/strong>: \u2013 <em>a L\u00e1da leve.<\/em><\/p>\n\n\n\n<p><strong>NI<\/strong>: \u2013 A l\u00e1da leve, ugye. Err\u0151l az juthat eszembe, hogy valamikor r\u00e9gen, kezd\u0151 tan\u00e1rk\u00e9nt szilv\u00e1t szedt\u00fcnk a t\u00e9esz egyik telephely\u00e9nek a bej\u00e1rat\u00e1n\u00e1l, reggelt\u0151 estig, \u00e9s abb\u00f3l nyilv\u00e1n hogy szilval\u00e9 k\u00e9sz\u00fclt. Id\u0151nk\u00e9nt szoktunk, P\u00e9csk\u00e1n \u00f6sszegy\u0171jtj\u00fck a gy\u00fcm\u00f6lcs\u00f6t, van \u00fcst, ahol kif\u0151zik, s akkor ez a l\u00e1d\u00e1ba rakott gy\u00fcm\u00f6lcsnek a leve.<\/p>\n\n\n\n<p><strong>PK<\/strong>: \u2013 <em>\u00c9s ezt \u00f6n f\u0151zte?<\/em><\/p>\n\n\n\n<p><strong>NI<\/strong>: \u2013 Igen. \u00c9n szedtem a gy\u00fcm\u00f6lcs\u00f6t, \u00e9n vittem az \u00fcsth\u00f6z, igen, persze. Nem megyek el a kocsm\u00e1ba, hogy hozzak egy f\u00e9l liter p\u00e1link\u00e1t.<\/p>\n\n\n\n<p><strong>PK<\/strong>: \u2013 <em>H\u00e1t az\u00e9rt ink\u00e1bb megk\u00e9rdezem.<\/em><\/p>\n\n\n\n<figure class=\"wp-block-image size-full\"><img loading=\"lazy\" decoding=\"async\" width=\"809\" height=\"491\" src=\"https:\/\/nagyistvan.pecska.ro\/wp-content\/uploads\/2022\/12\/image-9.png\" alt=\"\" class=\"wp-image-4364\" srcset=\"https:\/\/nagyistvan.pecska.ro\/wp-content\/uploads\/2022\/12\/image-9.png 809w, https:\/\/nagyistvan.pecska.ro\/wp-content\/uploads\/2022\/12\/image-9-300x182.png 300w, https:\/\/nagyistvan.pecska.ro\/wp-content\/uploads\/2022\/12\/image-9-768x466.png 768w\" sizes=\"auto, (max-width: 809px) 100vw, 809px\" \/><\/figure>\n\n\n\n<p><strong>PK<\/strong>: \u2013 <em>Szerencs\u00e9re egy olyan valaki volt itt, akinek fontos a helyes\u00edr\u00e1s, \u00fagyhogy<\/em><\/p>\n\n\n\n<p><strong>NI<\/strong>: \u2013 \u201e<em>Lesz-e m\u00e9g Aradnak feln\u0151tt focibajnok csapata?<\/em>\u201d<\/p>\n\n\n\n<figure class=\"wp-block-image size-full\"><img loading=\"lazy\" decoding=\"async\" width=\"517\" height=\"670\" src=\"https:\/\/nagyistvan.pecska.ro\/wp-content\/uploads\/2022\/12\/image-8.png\" alt=\"\" class=\"wp-image-4363\" srcset=\"https:\/\/nagyistvan.pecska.ro\/wp-content\/uploads\/2022\/12\/image-8.png 517w, https:\/\/nagyistvan.pecska.ro\/wp-content\/uploads\/2022\/12\/image-8-231x300.png 231w\" sizes=\"auto, (max-width: 517px) 100vw, 517px\" \/><\/figure>\n\n\n\n<p>H\u00e1t hogyha ker\u00fcl olyan, aki annyi p\u00e9nzt \u00f6nt bele, hogy bajnokes\u00e9lyes legyen a csapat, akkor ak\u00e1r lehet is. \u00c9n a magam r\u00e9sz\u00e9r\u0151l ink\u00e1bb t\u00f6megsport p\u00e1rti vagyok, mint ilyen p\u00e9nznyel\u0151 focik\u00e9, mert sz\u00e1momra teljesen Istent\u0151l elvadult az a j\u00f6vedelmi lehet\u0151s\u00e9g, amihez egy ugyanolyan k\u00e9t l\u00e1bon j\u00e1r\u00f3 focista jut, mint mi itt ebben a szob\u00e1ban.<\/p>\n\n\n\n<p><strong>PK<\/strong>: \u2013 <em>S ez\u00e9rt nem n\u00e9zi mondjuk a foci k\u00f6zvet\u00edt\u00e9seket, tegy\u00fck f\u00f6l?<\/em><\/p>\n\n\n\n<p><strong>NI<\/strong>: \u2013 H\u00e1t nem ez\u00e9rt nem n\u00e9zem. Ritk\u00e1n n\u00e9zek focit, r\u00e9gebben gyakrabban n\u00e9ztem focit. Az\u00f3ta nem n\u00e9zek majdhogynem semmi sportot, ami\u00f3ta sportn\u00e1l megjelenik a telev\u00edzi\u00f3 k\u00e9perny\u0151j\u00e9n a fekete h\u00e1tt\u00e9ren a lila fel\u00edr\u00e1s, hogy szerz\u0151i jogok meg any\u00e1m ty\u00fakja. Egy\u00e9bk\u00e9nt n\u00e1lunk csak magyar csatorn\u00e1kat n\u00e9z\u00fcnk, van nyilv\u00e1n milli\u00f3 rom\u00e1n csatorna is a k\u00e1belt\u00e9v\u00e9be de azokb\u00f3l semmit se n\u00e9z\u00fcnk, \u00e9s ideges\u00edt ez a jogd\u00edjas t\u00f6rt\u00e9net.<\/p>\n\n\n\n<p><strong>PK<\/strong>: \u2013 <em>Pr\u00f3b\u00e1lt ez ellen tenni valamit? Mert voltak olyanok, hogy megfogalmaztak pet\u00edci\u00f3kat, ilyen-olyan<\/em><\/p>\n\n\n\n<p><strong>NI<\/strong>. Id\u0151nk\u00e9nt. A pet\u00edci\u00f3k nem \u00e9rnek semmit. Olcs\u00f3 j\u00e1t\u00e9k h\u00fclye gyerekeknek gyakorlatilag minden pet\u00edci\u00f3, el eg\u00e9szen az Eur\u00f3pai Uni\u00f3nak \u00f6sszegy\u0171jt\u00f6tt egy milli\u00f3, magyar jogok\u00e9rt \u00f6sszegy\u0171lt al\u00e1\u00edr\u00e1s is v\u00e9gs\u0151 soron, mert ugye kidobj\u00e1k a kuk\u00e1ba.<\/p>\n\n\n\n<p>H\u00e1t nyilv\u00e1n, mindenf\u00e9le nyilv\u00e1nos tereken ha sz\u00f3ba ker\u00fcl, akkor a magam m\u00f3dj\u00e1n dohogok, de h\u00e1t<\/p>\n\n\n\n<p><strong>PK<\/strong>: \u2013 <em>Mit \u00e9r viszont az, hogy \u00f6n nagyon sokszor odasz\u00f3l embereknek f\u00e9szbukon, kritiz\u00e1lja \u0151ket? Van ennek \u00edgy \u00e9rtelme, \u00e9s lesz ebb\u0151l valami olyan megold\u00e1s, ami hasznos lehet? Mit gondol?<\/em><\/p>\n\n\n\n<p><strong>NI<\/strong>: \u2013 \u00c9n amit nem tartok elfogadhat\u00f3nak \u00e9s \u00fagy mellbe v\u00e1g, akkor \u00e9n ott azon nyomban lereag\u00e1lom, hogy szerintem ez nincs \u00edgy, \u00e9s az\u00e9rt szoktam \u00e9rvelni is, teh\u00e1t nem csak \u00fagy, nem annyi van, hogy valaki \u00edr egy marhas\u00e1got, s akkor azt mondom, hogy menj az any\u00e1dba, hanem mondok r\u00e1 valamit, viszonylag v\u00e1laszt\u00e9kos st\u00edlusba, adott esetben el\u00e9g kem\u00e9nyen, \u00e9s meg is indoklom az \u00e1ll\u00e1spontom. Ha reag\u00e1l, s kialakul egy cseveg\u00e9s, akkor \u00e9n ott \u00e9rvelek v\u00e9gig, teh\u00e1t nem csak azt mondom, hogy hallgass, hallgass, hallgass, mert annak nyilv\u00e1n nincs \u00e9rtelme. Szerintem ez egy pedag\u00f3gusreflex. Azt hiszem.<\/p>\n\n\n\n<p><strong>PK<\/strong>: \u2013 <em>\u00c9s ut\u00e1na megj\u00f6n a v\u00e1rt eredm\u00e9ny?<\/em><\/p>\n\n\n\n<p><strong>NI<\/strong>: \u2013 A fen\u00e9t. H\u00e1t az ember nevelhetetlen.<\/p>\n\n\n\n<p><strong>PK<\/strong>: \u2013 <\/p>\n\n\n\n<figure class=\"wp-block-image size-full\"><img loading=\"lazy\" decoding=\"async\" width=\"347\" height=\"346\" src=\"https:\/\/nagyistvan.pecska.ro\/wp-content\/uploads\/2022\/12\/image-10.png\" alt=\"\" class=\"wp-image-4365\" srcset=\"https:\/\/nagyistvan.pecska.ro\/wp-content\/uploads\/2022\/12\/image-10.png 347w, https:\/\/nagyistvan.pecska.ro\/wp-content\/uploads\/2022\/12\/image-10-300x300.png 300w, https:\/\/nagyistvan.pecska.ro\/wp-content\/uploads\/2022\/12\/image-10-150x150.png 150w\" sizes=\"auto, (max-width: 347px) 100vw, 347px\" \/><\/figure>\n\n\n\n<p><strong>NI<\/strong>: \u2013 De komolyan. R\u00e9gen, r\u00e9gen, nagyon r\u00e9gen olvastam, hogy az ember 15 \u00e9ves kor\u00e1ra kialakul 50%&#8211;ra, 18 \u00e9ves kor\u00e1ra 75%-ra, \u00e9s ut\u00e1na, amikor m\u00e1r \u00e9p \u00e9szn\u00e9l van, majdhogynem feln\u0151tt \u2013 ugye most azt mondj\u00e1k, hogy 30 \u00e9ves kor\u00e1ra se feln\u0151tt \u2013, ut\u00e1na m\u00e9g egy picit alakul, de csak picit, teh\u00e1t nem lehet. Aki feln\u0151tt ember azon m\u00e1r \u00fagyse lehet, annak annyit \u00e9r az ilyen t\u00edpus\u00fa odamond\u00e1s<\/p>\n\n\n\n<p><strong>PK<\/strong>: \u2013 <em>Hozz\u00e1sz\u00f3l\u00e1s.<\/em><\/p>\n\n\n\n<p><strong>NI<\/strong>: \u2013 hozz\u00e1sz\u00f3l\u00e1s, mint fal\u00e1bnak a s\u00f3s borszesz. Teh\u00e1t nem fog megv\u00e1ltozni. Szerencs\u00e9s esetben r\u00e1csod\u00e1lkozhat, hogy j\u00e9, ilyen h\u00fcly\u00e9n is lehet l\u00e1tni a vil\u00e1got. Ennyi.<\/p>\n\n\n\n<p><strong>PK<\/strong>: \u2013 <em>Mag\u00e1val szembe is ilyen kritikus?<\/em><\/p>\n\n\n\n<p><strong>NI<\/strong>: \u2013 H\u00e1t persze, mi\u00e9rt ne? \u00c9n magamr\u00f3l legal\u00e1bb olyan rossz bizony\u00edtv\u00e1nyt tudok ki\u00e1ll\u00edtani, s\u0151t m\u00e9g rosszabbat, mint ak\u00e1rki m\u00e1s.<\/p>\n\n\n\n<p><strong>PK<\/strong>: \u2013 <em>Mivel el\u00e9gedetlen?<\/em><\/p>\n\n\n\n<p><strong>NI<\/strong>: \u2013 Mindennel, ami nem \u00fagy van, ahogy lennie kellene.<\/p>\n\n\n\n<p><strong>PK<\/strong>: \u2013 <em>De \u00f6nmag\u00e1val kapcsolatban mivel el\u00e9gedetlen?<\/em><\/p>\n\n\n\n<p><strong>NI<\/strong>: \u2013 \u00d6nmagammal\u2026 Viszonylag rendetlen vagyok.<\/p>\n\n\n\n<p><strong>PK<\/strong>: \u2013 <em>Miben l\u00e1tszik, hogy otthon nem tudom, szanasz\u00e9jjel hagyja a k\u00e1v\u00e9scs\u00e9sz\u00e9t\u2026<\/em><\/p>\n\n\n\n<p><strong>NI<\/strong>: \u2013 H\u00e1t id\u0151nk\u00e9nt mondja a feles\u00e9gem, hogy tedd el, tedd el, tedd el. A sz\u00e1m\u00edt\u00f3g\u00e9p mellett gy\u0171lnek, gy\u0171lnek, gy\u0171lnek a kupacok, \u00e9s akkor ugye van \u00e9venk\u00e9nt a h\u00fasv\u00e9ti meg kar\u00e1csonyi nagytakar\u00edt\u00e1s, meg m\u00e9g legal\u00e1bb k\u00e9tszer el kell onnan r\u00e1molni, mert rontja az asszonynak a kil\u00e1t\u00e1s\u00e1t de ennyi. Az\u00e9rt viszonylag nem vagyok \u00e9n rendetlen, de biztos, hogy lehetn\u00e9k rendesebb is.<\/p>\n\n\n\n<p><strong>PK<\/strong>: \u2013 <em>\u00c9s mi az, amivel el\u00e9gedett \u00f6nmag\u00e1val szemben?<\/em><\/p>\n\n\n\n<p><strong>NI<\/strong>: \u2013 \u00c1, semmivel. Nincs. H\u00e1t mi\u00e9rt lenn\u00e9k el\u00e9gedett? Elv\u00e9gzem a dolgom. Az a dolgom, hogy csin\u00e1ljam meg, \u00e9s cs\u00f3kolom.<\/p>\n\n\n\n<p><strong>PK<\/strong>: \u2013 <em>Abban mondjuk, hogy van kitart\u00e1sa, hogy ezeket, mikor elkezdi ezt a k\u00f6nyvet, tudja hogy v\u00e9gigcsin\u00e1lja.<\/em><\/p>\n\n\n\n<p><strong>NI<\/strong>: \u2013 Ez nem megel\u00e9gedetts\u00e9g k\u00e9rd\u00e9se.<\/p>\n\n\n\n<p><strong>PK<\/strong>: \u2013 <em>Hogy felnevelt k\u00e9t gyermeket.<\/em><\/p>\n\n\n\n<p><strong>NI<\/strong>: \u2013 Igen, felnevelt\u00fck a feles\u00e9gemmel a k\u00e9t gyereket. K\u00f6sz\u00f6nj\u00fck sz\u00e9pen, j\u00f3l vannak. Itt vannak, A szakm\u00e1jukb\u00f3l \u00e9lnek meg. Tisztess\u00e9ges szakm\u00e1juk \u00e9s abb\u00f3l ered\u0151 j\u00f6vedelm\u00fck van. J\u00f3l vannak.<\/p>\n\n\n\n<p><strong>PK<\/strong>: \u2013 <em>Teh\u00e1t akkor lehetne el\u00e9gedett is.<\/em><\/p>\n\n\n\n<p><strong>NI<\/strong>: \u2013 Nem a j\u00f3 sz\u00f3. J\u00f3l esik azt l\u00e1tni, hogy rendbe vannak. De nevezhetj\u00fck, na j\u00f3, az hogy j\u00f3lesik nevezhetj\u00fck el\u00e9gedetts\u00e9gnek is. V\u00e9gs\u0151 soron igen, na.<\/p>\n\n\n\n<p><strong>PK<\/strong>: \u2013 <em>Ugye most m\u00e1r nagytata is?<\/em><\/p>\n\n\n\n<p><strong>NI<\/strong>: \u2013 Igen, van egy k\u00e9t \u00e9ves, egy hat \u00e9ves, egy nyolc \u00e9ves \u00e9s egy t\u00edz \u00e9ves unok\u00e1nk.<\/p>\n\n\n\n<p><strong>PK<\/strong>: \u2013 <em>Isten \u00e9ltesse \u0151ket!<\/em><\/p>\n\n\n\n<p><strong>NI<\/strong>: \u2013 K\u00f6sz\u00f6nj\u00fck.<\/p>\n\n\n\n<p><strong>PK<\/strong>: \u2013 <em>Milyen nagytata szerepben lenni?<\/em><\/p>\n\n\n\n<p><strong>NI<\/strong>: \u2013 \u00c9rdekes, mert k\u00edv\u00e1ncsi unok\u00e1ink vannak, s nyilv\u00e1n, ahogy n\u0151nek a k\u00edv\u00e1ncsis\u00e1guk is gyarapszik, \u00e9s j\u00f3les\u0151 \u00e9rz\u00e9s azt l\u00e1tni, hogy vannak dolgok, amivel engem keresnek meg, mert tata te ezt tudod. Ez \u00edgy \u00e9rdekes.<\/p>\n\n\n\n<p><strong>PK<\/strong>: \u2013 <em>P\u00e9ld\u00e1ul miben? Legut\u00f3bb?<\/em><\/p>\n\n\n\n<p><strong>NI<\/strong>: \u2013 \u00d3, h\u00e1t Csongor, a legnagyobb unok\u00e1nk rengeteget olvas, oda\u00e1ll az \u00e1ltala m\u00e1r elolvasott k\u00f6nyvek mell\u00e9, \u00e9s azok magasabba, mint \u0151. Olyan egy m\u00e9ter harminc most, mondjuk. Ebb\u0151l ad\u00f3d\u00f3an tele van mindenf\u00e9le inform\u00e1ci\u00f3kkal, \u00e9s akkor j\u00f6n, \u00e9s k\u00e9rdi. A m\u00faltkor otthon k\u00e9t lombik felhaszn\u00e1l\u00e1s\u00e1val p\u00e1link\u00e1t f\u0151zt\u00fcnk. \u0150 rakta \u00f6ssze. Hozta ezt a lombikot, hozta azt a lombikot, minden megvolt, s csin\u00e1ltuk, benn a konyh\u00e1ba.<\/p>\n\n\n\n<p><strong>PK<\/strong>: \u2013 <em>Azt mondta itt a legelej\u00e9n, hogy h\u00fasz olyan ember van, akivel \u2013 \u00e1ltal\u00e1ban \u2013 mindenki tartja a kapcsolatot szorosan. Az \u00f6n eset\u00e9ben kik tartoznak ebbe a h\u00fasz emberbe?<\/em><\/p>\n\n\n\n<p><strong>NI<\/strong>: \u2013 Ebbe a h\u00fasz emberbe a csal\u00e1d, a k\u00e9t gyerek, a meny\u00fcnk, a feles\u00e9gem, azon k\u00edv\u00fcl akikkel k\u00f6nyveket buher\u00e1lunk, Fekete Karcsi a K\u00f6lcseyt\u0151l, Kir\u00e1ly Andr\u00e1s a Szabads\u00e1g-szobor Egyes\u00fclett\u0151l, azt\u00e1n tavaly volt az Alma Materes k\u00f6tet, akkor az Alma Materesekkel. De nagyon sz\u0171k bar\u00e1ti k\u00f6r, akikkel \u00f6sszej\u00e1rn\u00e1nk az most m\u00e1r nincs. R\u00e9gebben volt de most m\u00e1s nincs.<\/p>\n\n\n\n<p><strong>PK<\/strong>: \u2013 <em>Most ink\u00e1bb a csal\u00e1don van a hangs\u00faly tal\u00e1n? Vagy mindig is a csal\u00e1don volt?<\/em><\/p>\n\n\n\n<p><strong>NI<\/strong>: \u2013 Nem. A csal\u00e1d az mindig k\u00f6zponti szerepl\u0151 volt, mert h\u00e1t a csal\u00e1d, meg minden, ami a port\u00e1n van az fontos, azon k\u00edv\u00fcl pedig sok emberrel besz\u00e9l\u00fcnk, tal\u00e1lkozunk. Mik\u00f6zben nem j\u00e1runk \u00f6ssze most m\u00e1r \u00fagy rendszeresen senkivel, senki olyat nem tudok, akivel haragban lenn\u00e9nk. Teh\u00e1t \u00edgy, egy\u00fctt fut a k\u00e9t dolog.<\/p>\n\n\n\n<p><strong>PK<\/strong>: \u2013 <em>Van-e b\u00e1rmi, amit hi\u00e1nyol a napjaib\u00f3l?<\/em><\/p>\n\n\n\n<p><strong>NI<\/strong>: \u2013 Nem hi\u00e1nyolok semmit. Nem, t\u00e9nyleg nem. Volt, amikor mondtam, r\u00e9gen, ink\u00e1bb viccb\u0151l, hogy el kellett volna menjek \u00daj Z\u00e9landra p\u00e1sztornak, de az m\u00e1r elm\u00falt, de p\u00e9ld\u00e1ul k\u00fclf\u00f6ldre se akarok menni, teh\u00e1t vil\u00e1got l\u00e1tni.<\/p>\n\n\n\n<p><strong>PK<\/strong>: \u2013 <em>De valamikor fontolgatta, hogy elk\u00f6lt\u00f6zz\u00f6n?<\/em><\/p>\n\n\n\n<p><strong>NI<\/strong>: \u2013 Nem. Sosem fontolgattam. Eszembe nem jutott. Ezt ink\u00e1bb viccb\u0151l mondtam, ha nem mentem el \u201990-ben \u00daj Z\u00e9landra birkap\u00e1sztornak, most m\u00e1r nem megyek sehova. Nem, eszembe nem jutott, hogy b\u00e1rhova mennem k\u00e9ne. J\u00f3 nekem itt. Elvagyok.<\/p>\n\n\n\n<p><strong>PK<\/strong>: \u2013 <em>\u00c9s ez a nagyon szoros magyar k\u00f6tel\u00e9k, a magyars\u00e1ghoz val\u00f3 k\u00f6t\u0151d\u00e9s ez honnan j\u00f6n?<\/em><\/p>\n\n\n\n<p><strong>NI<\/strong>: \u2013 Otthonr\u00f3l, meg az iskol\u00e1b\u00f3l. Otthon, n\u00e1lunk gyerekkoromban Nagyvarjason csak magyar n\u00f3t\u00e1kat meg n\u00e9pdalokat \u00e9nekeltek a lakodalomban, irredent\u00e1kat meg nem irredent\u00e1kat is, azokba n\u0151tt\u00fcnk f\u00f6l. Azt\u00e1n az iskol\u00e1ban Torny\u00e1n Moln\u00e1r Jakab volt a magyartan\u00e1runk, szerett\u00fck, meg szerettem, az Ujj h\u00e1zasp\u00e1r tan\u00edtott, azt\u00e1n Aradon Ficzay, Kov\u00e1ch G\u00e9za, Miska b\u00e1csi, Erd\u00e9lyi Karcsi, teh\u00e1t innen van ez mind.<br><strong>PK<\/strong>: \u2013 <em>\u00c9s ezt pr\u00f3b\u00e1lja meg tov\u00e1bbadni is, ha j\u00f3l \u00e9rzem, ak\u00e1r a tan\u00edtv\u00e1nyainak, ak\u00e1r a csal\u00e1dnak?<\/em><\/p>\n\n\n\n<p><strong>NI<\/strong>: \u2013 H\u00e1t nem biztos, hogy tov\u00e1bbadom. Vagy \u00fagy egy\u00e1ltal\u00e1n. \u00c9n v\u00e9gzem a dolgom, azt\u00e1n hogyha valakit ez megihlet, nem biztos, hogy ez a j\u00f3 sz\u00f3 r\u00e1, elkapja ez a dolog, akkor ez rendben van, ha meg nem, h\u00e1t Istenem. Nem.<\/p>\n\n\n\n<figure class=\"wp-block-image size-full\"><img loading=\"lazy\" decoding=\"async\" width=\"973\" height=\"484\" src=\"https:\/\/nagyistvan.pecska.ro\/wp-content\/uploads\/2022\/12\/image-11.png\" alt=\"\" class=\"wp-image-4366\" srcset=\"https:\/\/nagyistvan.pecska.ro\/wp-content\/uploads\/2022\/12\/image-11.png 973w, https:\/\/nagyistvan.pecska.ro\/wp-content\/uploads\/2022\/12\/image-11-300x149.png 300w, https:\/\/nagyistvan.pecska.ro\/wp-content\/uploads\/2022\/12\/image-11-768x382.png 768w\" sizes=\"auto, (max-width: 973px) 100vw, 973px\" \/><\/figure>\n\n\n\n<p><strong>NI<\/strong>: \u2013 <em>Na<\/em><em>j\u00f3, akkor legyen egy r\u00f3zsasz\u00edn sz\u00f3.<\/em><\/p>\n\n\n\n<figure class=\"wp-block-image size-full\"><img loading=\"lazy\" decoding=\"async\" width=\"626\" height=\"708\" src=\"https:\/\/nagyistvan.pecska.ro\/wp-content\/uploads\/2022\/12\/image-12.png\" alt=\"\" class=\"wp-image-4367\" srcset=\"https:\/\/nagyistvan.pecska.ro\/wp-content\/uploads\/2022\/12\/image-12.png 626w, https:\/\/nagyistvan.pecska.ro\/wp-content\/uploads\/2022\/12\/image-12-265x300.png 265w\" sizes=\"auto, (max-width: 626px) 100vw, 626px\" \/><\/figure>\n\n\n\n<p>Diszn\u00f3v\u00e1g\u00e1s.<\/p>\n\n\n\n<p>Legutolj\u00e1ra diszn\u00f3t 2010 december\u00e9be v\u00e1gtam. A diszn\u00f3v\u00e1g\u00e1s az mindig egy csal\u00e1di buli volt. Gyerekkoromban is, meg feln\u0151tt koromban is. Hajnalban f\u00f6lkelt\u00fcnk, lev\u00e1gtuk, megp\u00f6rk\u00f6lt\u00fck, f\u00f6ldolgoztuk, este megett\u00fck a finom vacsor\u00e1t, any\u00e1m h\u00e1jas t\u00e9szt\u00e1t s\u00fct\u00f6tt, mit tudom \u00e9n.<\/p>\n\n\n\n<p><strong>PK<\/strong>: \u2013 <em>Melyik volt a legfinomabb falat a diszn\u00f3v\u00e1g\u00e1son?<\/em><\/p>\n\n\n\n<p><strong>NI<\/strong>: \u2013 Diszn\u00f3v\u00e1g\u00e1son? Az \u00e9rdekes, amikor a t\u00f6lt\u00f6tt dolgokat k\u00e9sz\u00edti az ember, \u00e9s akkor a m\u00e1jast kikavarja, megk\u00f3stolja, a kolb\u00e1szt kikavarja, megk\u00f3stolja azt a nyers h\u00fast, van, aki megborzad t\u0151le de \u00e9n szeretem.<\/p>\n\n\n\n<p><strong>PK<\/strong>: \u2013 <em>Mit eszik legsz\u00edvesebben?<\/em><\/p>\n\n\n\n<p><strong>NI<\/strong>: \u2013 Mindent.<\/p>\n\n\n\n<p><strong>PK<\/strong>: \u2013 <em>Egy kedvenc \u00e9tel csak van.<\/em><\/p>\n\n\n\n<p><strong>NI<\/strong>: \u2013 A frissen szedett bors\u00f3b\u00f3l k\u00e9sz\u00fclt bors\u00f3leves p\u00e9ld\u00e1ul finom. Finom a j\u00f3l elk\u00e9sz\u00edtett z\u00f6ldpasz\u00faj leves cs\u00fcl\u00f6kkel. Finom a nem t\u00fal \u00e9des torta. De szeretem a szavarint is.<\/p>\n\n\n\n<p><strong>PK<\/strong>: \u2013 <em>\u00c9s ezeket \u00f6n k\u00e9sz\u00edti, a feles\u00e9ge?<\/em><\/p>\n\n\n\n<p><strong>NI<\/strong>: \u2013 Az a helyzet, hogy tudok f\u0151zni. Nagyany\u00e1m f\u0151szak\u00e1cs volt, any\u00e1m is j\u00f3l f\u0151z\u00f6tt, feles\u00e9gem is j\u00f3l f\u0151z. Mostan\u00e1ban m\u00e1r ritk\u00e1n f\u0151z\u00f6k, egy dolog az r\u00e1m marad, az az eg\u00e9sz \u00e9jszak\u00e1s s\u00fclt h\u00fas, azt \u00e9n rakom \u00f6ssze, \u00e9n rakom be, \u00e9s azt\u00e1n reggel kiszedj\u00fck a kemenc\u00e9b\u0151l \u00e9s ann\u00e1l finomabb h\u00fas\u00e9tel nincs. Tesz\u00fcnk karik\u00e1ra v\u00e1gott v\u00f6r\u00f6shagym\u00e1t, hogy ne a tesihez tapadjon a h\u00fas, bef\u0171szerezz\u00fck a h\u00fast, al\u00e1 \u00f6nt\u00fcnk negyed liter feh\u00e9r sz\u00e1raz bort, r\u00e1tessz\u00fck a fed\u0151t, betessz\u00fck a s\u00fct\u0151be, 9\u201310 \u00f3r\u00e1t bent van a s\u00fct\u0151ben 90 fokon, m\u00e1snap reggel kikapcsoljuk, d\u00e9lbe m\u00e9g j\u00f3 langyos, kicsit d\u00e9lben \u00e9ppen m\u00e9g lehet meleg\u00edteni, ki lehet tenni az asztalra tepsist\u0151l, k\u00e1pr\u00e1zatosan finom.<\/p>\n\n\n\n<p><strong>PK<\/strong>: \u2013 <em>Az biztos. De van egy valamilyen alkalom, amire k\u00e9sz\u00fcl?<\/em><\/p>\n\n\n\n<p><strong>NI<\/strong>: \u2013 T\u00f6bbnyire amikor \u00f6sszej\u00f6n az eg\u00e9sz csal\u00e1d, akkor t\u00f6bb is fogy, \u00e9s akkor szoktunk ilyet. De volt m\u00e1r olyan is egyszer p\u00e9ld\u00e1ul, ezel\u0151tt j\u00f3 n\u00e9h\u00e1ny \u00e9vvel, a feles\u00e9gem reggel arra \u00e9bredt, hogy fat\u00f6rzs torta volt az asztalon. Csin\u00e1ltam ilyet is.<\/p>\n\n\n\n<p><strong>PK<\/strong>: \u2013 <em>Mi a hossz\u00fa h\u00e1zass\u00e1g titka?<\/em><\/p>\n\n\n\n<p><strong>NI<\/strong>: \u2013 A hossz\u00fa \u00e9let.<\/p>\n\n\n\n<p><strong>PK<\/strong>: \u2013 <em>J\u00f3 v\u00e1lasz.<\/em><\/p>\n\n\n\n<p><strong>NI<\/strong>: \u2013 Nyilv\u00e1n, az alap\u00f6sszetev\u0151 a hossz\u00fa \u00e9let, azon k\u00edv\u00fcl pedig megbesz\u00e9lj\u00fck, amit meg kell besz\u00e9lni, tudom\u00e1sul vessz\u00fck, hogy a m\u00e1sik olyan, amilyen, mert m\u00e1sk\u00e9pp nem m\u0171k\u00f6dik. M\u00e1s nem kell hozz\u00e1. Semmi m\u00e1s nem kell hozz\u00e1.<\/p>\n\n\n\n<figure class=\"wp-block-image size-full\"><img loading=\"lazy\" decoding=\"async\" width=\"945\" height=\"520\" src=\"https:\/\/nagyistvan.pecska.ro\/wp-content\/uploads\/2022\/12\/image-13.png\" alt=\"\" class=\"wp-image-4368\" srcset=\"https:\/\/nagyistvan.pecska.ro\/wp-content\/uploads\/2022\/12\/image-13.png 945w, https:\/\/nagyistvan.pecska.ro\/wp-content\/uploads\/2022\/12\/image-13-300x165.png 300w, https:\/\/nagyistvan.pecska.ro\/wp-content\/uploads\/2022\/12\/image-13-768x423.png 768w\" sizes=\"auto, (max-width: 945px) 100vw, 945px\" \/><\/figure>\n\n\n\n<p><strong>PK<\/strong>: \u2013 <em>Hisz a sorsban?<\/em><\/p>\n\n\n\n<p><strong>NI<\/strong>: \u2013 Nem.<\/p>\n\n\n\n<p><strong>PK<\/strong>: \u2013 <em>Olvas\u00e1s k\u00f6zben \u00e1t szokta ugrani az unalmasabb r\u00e9szeket?<\/em><\/p>\n\n\n\n<p><strong>NI<\/strong>: \u2013 Nem, \u00e9n minden bet\u0171t elolvasok, amihez hozz\u00e1fogok mindent elolvasok.<\/p>\n\n\n\n<p><strong>PK<\/strong>: \u2013 <em>Romantikusnak tartja mag\u00e1t?<\/em><\/p>\n\n\n\n<p><strong>NI<\/strong>: \u2013 Nem igaz\u00e1n, de valamennyi van bennem.<\/p>\n\n\n\n<p><strong>PK<\/strong>: \u2013 <em>Babon\u00e1s?<\/em><\/p>\n\n\n\n<p><strong>NI<\/strong>: \u2013 Nem.<\/p>\n\n\n\n<p><strong>PK<\/strong>: \u2013 <em>J\u00e1tszik valamilyen hangszeren?<\/em><\/p>\n\n\n\n<p><strong>NI<\/strong>: \u2013 Nem.<\/p>\n\n\n\n<p><strong>PK<\/strong>: \u2013 <em>Szokott napl\u00f3t \u00edrni?<\/em><\/p>\n\n\n\n<p><strong>NI<\/strong>: \u2013 Nem.<\/p>\n\n\n\n<p><strong>PK<\/strong>: \u2013 <em>Szereti a s\u00f6rt?<\/em><\/p>\n\n\n\n<p><strong>NI<\/strong>: \u2013 Megiszom.<\/p>\n\n\n\n<p><strong>PK<\/strong>: \u2013 <em>Szed vitaminokat?<\/em><\/p>\n\n\n\n<p><strong>NI<\/strong>: \u2013 Nem.<\/p>\n\n\n\n<p><strong>PK<\/strong>: \u2013 <em>Szokott s\u00edrni filmeken?<\/em><\/p>\n\n\n\n<p><strong>NI<\/strong>: \u2013 \u00c1h.<\/p>\n\n\n\n<p><strong>PK<\/strong>: \u2013 <em>Szeretne \u00fajra gyerek lenni?<\/em><\/p>\n\n\n\n<p><strong>NI<\/strong>: \u2013 Tal\u00e1n igen, de \u00fagyse lehetek. Reinkarn\u00e1ci\u00f3 nincs, \u00fagyhogy<\/p>\n\n\n\n<p><strong>PK<\/strong>: \u2013 <em>De h\u00e1ny \u00e9ves korba menne vissza, a h\u00e1ny \u00e9ves Istv\u00e1nhoz?<\/em><\/p>\n\n\n\n<p><strong>NI<\/strong>: \u2013 Mit tudom \u00e9n. Az \u00f3vod\u00e1ban m\u00e1r j\u00f3 volt.<\/p>\n\n\n\n<p><strong>PK<\/strong>: \u2013 <em>Kipr\u00f3b\u00e1lni \u00fajra kicsit \u00f3vod\u00e1s lenni?<\/em><\/p>\n\n\n\n<p><strong>NI<\/strong>: \u2013 J\u00f3 volt ott Lelik Anival. Az iskol\u00e1ban is viszonylag j\u00f3 volt, mondjuk amikor a tan\u00edt\u00f3n\u00e9ni a t\u00e9rk\u00e9ppel ut\u00e1nunk suvasztott az nem volt olyan kellemes,<\/p>\n\n\n\n<p><strong>PK<\/strong>: \u2013 <em>Rem\u00e9lem az a L\u00e1d\u00e1s besz\u00e9lget\u00e9s is j\u00f3 volt, vagy j\u00f3 esett.<\/em><\/p>\n\n\n\n<figure class=\"wp-block-image size-full\"><img loading=\"lazy\" decoding=\"async\" width=\"657\" height=\"515\" src=\"https:\/\/nagyistvan.pecska.ro\/wp-content\/uploads\/2022\/12\/image-14.png\" alt=\"\" class=\"wp-image-4369\" srcset=\"https:\/\/nagyistvan.pecska.ro\/wp-content\/uploads\/2022\/12\/image-14.png 657w, https:\/\/nagyistvan.pecska.ro\/wp-content\/uploads\/2022\/12\/image-14-300x235.png 300w\" sizes=\"auto, (max-width: 657px) 100vw, 657px\" \/><\/figure>\n\n\n\n<p><strong>NI<\/strong>: \u2013 J\u00f3 volt&#8230;<\/p>\n\n\n\n<figure class=\"wp-block-image size-full\"><img loading=\"lazy\" decoding=\"async\" width=\"811\" height=\"646\" src=\"https:\/\/nagyistvan.pecska.ro\/wp-content\/uploads\/2022\/12\/image-15.png\" alt=\"\" class=\"wp-image-4370\" srcset=\"https:\/\/nagyistvan.pecska.ro\/wp-content\/uploads\/2022\/12\/image-15.png 811w, https:\/\/nagyistvan.pecska.ro\/wp-content\/uploads\/2022\/12\/image-15-300x239.png 300w, https:\/\/nagyistvan.pecska.ro\/wp-content\/uploads\/2022\/12\/image-15-768x612.png 768w\" sizes=\"auto, (max-width: 811px) 100vw, 811px\" \/><\/figure>\n\n\n\n<p><\/p>\n\n\n\n<figure class=\"wp-block-image size-full\"><img loading=\"lazy\" decoding=\"async\" width=\"830\" height=\"662\" src=\"https:\/\/nagyistvan.pecska.ro\/wp-content\/uploads\/2022\/12\/image-16.png\" alt=\"\" class=\"wp-image-4371\" srcset=\"https:\/\/nagyistvan.pecska.ro\/wp-content\/uploads\/2022\/12\/image-16.png 830w, https:\/\/nagyistvan.pecska.ro\/wp-content\/uploads\/2022\/12\/image-16-300x239.png 300w, https:\/\/nagyistvan.pecska.ro\/wp-content\/uploads\/2022\/12\/image-16-768x613.png 768w\" sizes=\"auto, (max-width: 830px) 100vw, 830px\" \/><\/figure>\n\n\n\n<p><\/p>\n\n\n\n<figure class=\"wp-block-image size-full\"><img loading=\"lazy\" decoding=\"async\" width=\"726\" height=\"461\" src=\"https:\/\/nagyistvan.pecska.ro\/wp-content\/uploads\/2022\/12\/image-17.png\" alt=\"\" class=\"wp-image-4372\" srcset=\"https:\/\/nagyistvan.pecska.ro\/wp-content\/uploads\/2022\/12\/image-17.png 726w, https:\/\/nagyistvan.pecska.ro\/wp-content\/uploads\/2022\/12\/image-17-300x190.png 300w\" sizes=\"auto, (max-width: 726px) 100vw, 726px\" \/><\/figure>\n\n\n\n<p><\/p>\n\n\n\n<figure class=\"wp-block-image size-large\"><img loading=\"lazy\" decoding=\"async\" width=\"1024\" height=\"548\" src=\"https:\/\/nagyistvan.pecska.ro\/wp-content\/uploads\/2022\/12\/image-18-1024x548.png\" alt=\"\" class=\"wp-image-4373\" srcset=\"https:\/\/nagyistvan.pecska.ro\/wp-content\/uploads\/2022\/12\/image-18-1024x548.png 1024w, https:\/\/nagyistvan.pecska.ro\/wp-content\/uploads\/2022\/12\/image-18-300x161.png 300w, https:\/\/nagyistvan.pecska.ro\/wp-content\/uploads\/2022\/12\/image-18-768x411.png 768w, https:\/\/nagyistvan.pecska.ro\/wp-content\/uploads\/2022\/12\/image-18.png 1048w\" sizes=\"auto, (max-width: 1024px) 100vw, 1024px\" \/><\/figure>\n\n\n\n<p><\/p>\n\n\n\n<figure class=\"wp-block-image size-full\"><img loading=\"lazy\" decoding=\"async\" width=\"738\" height=\"371\" src=\"https:\/\/nagyistvan.pecska.ro\/wp-content\/uploads\/2022\/12\/image-19.png\" alt=\"\" class=\"wp-image-4374\" srcset=\"https:\/\/nagyistvan.pecska.ro\/wp-content\/uploads\/2022\/12\/image-19.png 738w, https:\/\/nagyistvan.pecska.ro\/wp-content\/uploads\/2022\/12\/image-19-300x151.png 300w\" sizes=\"auto, (max-width: 738px) 100vw, 738px\" \/><\/figure>\n\n\n\n<p><\/p>\n\n\n\n<figure class=\"wp-block-image size-full\"><img loading=\"lazy\" decoding=\"async\" width=\"404\" height=\"258\" src=\"https:\/\/nagyistvan.pecska.ro\/wp-content\/uploads\/2022\/12\/image-20.png\" alt=\"\" class=\"wp-image-4375\" srcset=\"https:\/\/nagyistvan.pecska.ro\/wp-content\/uploads\/2022\/12\/image-20.png 404w, https:\/\/nagyistvan.pecska.ro\/wp-content\/uploads\/2022\/12\/image-20-300x192.png 300w\" sizes=\"auto, (max-width: 404px) 100vw, 404px\" \/><\/figure>\n","protected":false},"excerpt":{"rendered":"<p>Telepakolta a L\u00e1d\u00e1t k\u00f6nyvekkel \u00e9s elhozta a L\u00e1da lev\u00e9t is. Nagy Istv\u00e1n fizikatan\u00e1r azt mondja, hogy p\u00e9cskai magyark\u00e9nt v\u00e9gzi a dolg\u00e1t: \u2013 k\u00f6nyvet szerkeszt, f\u00e9nyk\u00e9pez, vir\u00e1gokat nevel, mindig foglalkozik valamivel. A L\u00e1d\u00e1ban elmondja, hogy szerinte mi a&nbsp;hossz\u00fa h\u00e1zass\u00e1g titka \u00e9s felid\u00e9zi a diszn\u00f3v\u00e1g\u00e1sok hangulat\u00e1t is. Nagy Istv\u00e1n a L\u00e1d\u00e1ban, ahol aradi magyarok mes\u00e9lnek \u00f6nmagukr\u00f3l! P\u00e1lfi &hellip; <a href=\"https:\/\/nagyistvan.pecska.ro\/?p=4354\" class=\"more-link\"><span class=\"screen-reader-text\">Cseveg\u00e9s az aradi L\u00e1d\u00e1ban P\u00e1lfi King\u00e1val<\/span> r\u00e9szletei&#8230;<\/a><\/p>\n","protected":false},"author":2,"featured_media":0,"comment_status":"open","ping_status":"open","sticky":false,"template":"","format":"standard","meta":{"footnotes":""},"categories":[1],"tags":[],"class_list":["post-4354","post","type-post","status-publish","format-standard","hentry","category-nincs-kategorizalva"],"_links":{"self":[{"href":"https:\/\/nagyistvan.pecska.ro\/index.php?rest_route=\/wp\/v2\/posts\/4354","targetHints":{"allow":["GET"]}}],"collection":[{"href":"https:\/\/nagyistvan.pecska.ro\/index.php?rest_route=\/wp\/v2\/posts"}],"about":[{"href":"https:\/\/nagyistvan.pecska.ro\/index.php?rest_route=\/wp\/v2\/types\/post"}],"author":[{"embeddable":true,"href":"https:\/\/nagyistvan.pecska.ro\/index.php?rest_route=\/wp\/v2\/users\/2"}],"replies":[{"embeddable":true,"href":"https:\/\/nagyistvan.pecska.ro\/index.php?rest_route=%2Fwp%2Fv2%2Fcomments&post=4354"}],"version-history":[{"count":2,"href":"https:\/\/nagyistvan.pecska.ro\/index.php?rest_route=\/wp\/v2\/posts\/4354\/revisions"}],"predecessor-version":[{"id":4377,"href":"https:\/\/nagyistvan.pecska.ro\/index.php?rest_route=\/wp\/v2\/posts\/4354\/revisions\/4377"}],"wp:attachment":[{"href":"https:\/\/nagyistvan.pecska.ro\/index.php?rest_route=%2Fwp%2Fv2%2Fmedia&parent=4354"}],"wp:term":[{"taxonomy":"category","embeddable":true,"href":"https:\/\/nagyistvan.pecska.ro\/index.php?rest_route=%2Fwp%2Fv2%2Fcategories&post=4354"},{"taxonomy":"post_tag","embeddable":true,"href":"https:\/\/nagyistvan.pecska.ro\/index.php?rest_route=%2Fwp%2Fv2%2Ftags&post=4354"}],"curies":[{"name":"wp","href":"https:\/\/api.w.org\/{rel}","templated":true}]}}