{"id":4185,"date":"2018-01-29T18:44:15","date_gmt":"2018-01-29T16:44:15","guid":{"rendered":"https:\/\/nagyistvan.pecska.ro\/?p=4185"},"modified":"2018-10-06T15:36:38","modified_gmt":"2018-10-06T13:36:38","slug":"2017-es-kolcsey-dijak-aradon","status":"publish","type":"post","link":"https:\/\/nagyistvan.pecska.ro\/?p=4185","title":{"rendered":"2017-es K\u00f6lcsey-d\u00edjak Aradon"},"content":{"rendered":"<p align=\"justify\">A helyi <a href=\"http:\/\/www.aradihirek.ro\/itt-hon\/atadtak-a-kolcsey-dijakat-audio\">sajt\u00f3<\/a> <a href=\"http:\/\/www.nyugatijelen.com\/jelenido\/vallalni_hogy_kik_vagyunk_mit_akarunk.php\">besz\u00e1molt<\/a> a 2018. janu\u00e1r 25-ei esem\u00e9nyr\u0151l.<\/p>\n<p align=\"justify\">A kit\u00fcntetett J\u00e1mbor Ilona megk\u00e9rt, hogy az esem\u00e9nyen ismertessem a munk\u00e1ss\u00e1g\u00e1t. Lentebb tal\u00e1lhat\u00f3 a f\u00f6lolvasott laud\u00e1ci\u00f3m.<\/p>\n<p style=\"text-align: center;\" align=\"justify\"><img loading=\"lazy\" decoding=\"async\" class=\"aligncenter size-full wp-image-4186\" src=\"https:\/\/nagyistvan.pecska.ro\/wp-content\/uploads\/2018\/01\/IMG_0335-Mindenki.jpg\" alt=\"\" width=\"3247\" height=\"1429\" \/><\/p>\n<p class=\"western\" style=\"text-align: center;\" align=\"justify\"><em><span style=\"font-size: large;\">M\u00e1rkus J\u00e1nos a K\u00f6lcsey Egyes\u00fclet titk\u00e1ra, Berecz G\u00e1bor \u00fcgyvezet\u0151 eln\u00f6k, Kocsis Rudolf d\u00edjazott, Nagy Istv\u00e1n, J\u00e1mbor Ilona d\u00edjazott, Puskel P\u00e9ter Kocsis Rudolf laud\u00e1l\u00f3ja, Fekete K\u00e1roly aleln\u00f6k<\/span><\/em><\/p>\n<h3 class=\"western\" style=\"text-align: center;\" align=\"justify\"><span style=\"color: #800000;\"><strong><span style=\"font-size: large;\">J\u00e1mborn\u00e9 Cucuruzan Ilona laud\u00e1ci\u00f3ja<\/span><\/strong><\/span><\/h3>\n<p><!--more--><\/p>\n<p style=\"text-align: center;\"><img loading=\"lazy\" decoding=\"async\" class=\"aligncenter size-full wp-image-4187\" src=\"https:\/\/nagyistvan.pecska.ro\/wp-content\/uploads\/2018\/01\/IMG_0302-J\u00e1mbor-Ilona.jpg\" alt=\"\" width=\"1331\" height=\"1997\" \/><\/p>\n<p class=\"western\" align=\"justify\"><span style=\"font-size: large;\">Cucuzan Ilon\u00e1t 1969-ben vettem \u00e9szre, amikor a Tornyai \u00c1ltal\u00e1nos Iskol\u00e1ban a Napsug\u00e1rt\u00f3l n\u00e9gy \u00edr\u00f3 tette tiszt\u00e9t, \u00e9s egyik\u00fck, tal\u00e1n K\u00e1ny\u00e1di S\u00e1ndor az iskola magyar tanul\u00f3i el\u0151tt f\u00f6lolvasta egy n\u00e9gysoros\u00e1t, majd jutalomk\u00f6nyvet \u00edg\u00e9rt annak, aki els\u0151k\u00e9nt elmondja k\u00edv\u00fclr\u0151l. Miut\u00e1n a k\u00f6lt\u0151 m\u00e1sodszor is megism\u00e9telte vers\u00e9t, Ilona ny\u00fajtotta a kez\u00e9t, \u00e9s elmondta azt. \u0150 \u00f6t\u00f6dikes volt, \u00e9n nyolcadikos.<\/span><!--more--><\/p>\n<p class=\"western\" align=\"justify\"><span style=\"font-size: large;\">Legk\u00f6zelebb a Cseke G\u00e1bor szerkesztette, az \u00e1tkosban is olvashat\u00f3 Ifj\u00famunk\u00e1s has\u00e1bjain l\u00e1ttam viszont a nev\u00e9t, ahova m\u00e1r k\u00f6z\u00e9piskol\u00e1sk\u00e9nt is \u00edrt, \u00e9s 1976-t\u00f3l a lap vezet\u0151s\u00e9g\u00e9be is megh\u00edvt\u00e1k.<\/span><\/p>\n<p class=\"western\" align=\"justify\"><span style=\"font-size: large;\">Kolozsv\u00e1ri geol\u00f3gus hallgat\u00f3k\u00e9nt a Visszhang mozgalomban volt \u00f6r\u00f6kmozg\u00f3 mindenes.<\/span><\/p>\n<p class=\"western\" align=\"justify\"><span style=\"font-size: large;\">Legk\u00f6zelebb P\u00e9csk\u00e1n l\u00e1ttam viszont Ilon\u00e1t, ahol az egyetem ut\u00e1n, 1981 \u00e9s 1987 k\u00f6z\u00f6tt geol\u00f3gusk\u00e9nt k\u0151olajat f\u00fcrk\u00e9szett, \u00e9s a v\u00e9gzett munk\u00e1jukr\u00f3l \u00edrt az Ifj\u00famunk\u00e1snak \u00e9s a V\u00f6r\u00f6s Lobog\u00f3nak. Ut\u00f3bbin\u00e1l Hudy \u00c1rp\u00e1d ifj\u00fa riporterei egyike volt.<\/span><\/p>\n<p class=\"western\" align=\"justify\"><span style=\"font-size: large;\">1987-ben a f\u00far\u00f3tornyok olajszag\u00e1t\u00f3l elt\u00e1ntorodott a bukaresti El\u0151r\u00e9hez, b\u00e1ny\u00e1szati tud\u00f3s\u00edt\u00f3nak. 2001-ig maradt aradi tud\u00f3s\u00edt\u00f3k\u00e9nt a Rom\u00e1niai Magyar Sz\u00f3n\u00e1l, az El\u0151re 1989 ut\u00e1ni ut\u00f3dj\u00e1n\u00e1l.<\/span><\/p>\n<p class=\"western\" align=\"justify\"><span style=\"font-size: large;\">2001-ben visszat\u00e9rt a geol\u00f3gi\u00e1hoz, amib\u0151l meg is lehet \u00e9lni.<\/span><\/p>\n<p class=\"western\" align=\"justify\"><span style=\"font-size: large;\">1989-ben f\u00f6lszabadult, \u00e9s elkezdett izegni-mozogni, mint elef\u00e1nt a porcel\u00e1nboltban. Sikeres volt egyes \u00f6tletei megval\u00f3s\u00edt\u00e1s\u00e1ban, \u00e9s a csal\u00f3d\u00e1sok gy\u0171jt\u00e9s\u00e9ben egyar\u00e1nt.<\/span><\/p>\n<p class=\"western\" align=\"justify\"><span style=\"font-size: large;\">Az 1989-es fordulat ut\u00e1n P\u00e9terszab\u00f3 Ilona ott volt az RMDSZ megyei vezet\u00e9s\u00e9ben, amit hamar otthagyott, mert zavart okozott lelk\u00e9nek szabad sz\u00e1rnyal\u00e1sa.<\/span><\/p>\n<p class=\"western\" align=\"justify\"><span style=\"font-size: large;\">1991-ben megalap\u00edtotta az Arad-P\u00e9cs Rom\u00e1n\u2013Magyar Bar\u00e1ti T\u00e1rsas\u00e1got, amib\u0151l 1999. v\u00e9g\u00e9n \u00e1br\u00e1ndult ki, mert a rom\u00e1n v\u00e1mn\u00e1l elvett\u00e9k a civil kur\u00e1zsij\u00e1t.<\/span><\/p>\n<p class=\"western\" lang=\"en-US\" align=\"justify\"><span style=\"font-size: large;\"><span lang=\"hu-HU\">A Szoboszlay perben \u00e9letfogytiglanra \u00edt\u00e9lt n\u00e9hai Ferenc B\u00e9la Ervin ferences szerzetes tornyai hittanos tan\u00edtv\u00e1nyak\u00e9nt v\u00e1lhatott vessz\u0151parip\u00e1j\u00e1v\u00e1 az erd\u00e9lyi <\/span><\/span><span style=\"font-size: large;\"><span lang=\"en-US\">&#8216;<\/span><\/span><span style=\"font-size: large;\"><span lang=\"hu-HU\">56<\/span><\/span><span style=\"font-size: large;\"><span lang=\"en-US\">,<\/span><\/span><span style=\"font-size: large;\"><span lang=\"hu-HU\"> ez a m\u00e1ig le nem z\u00e1rult t\u00f6rt\u00e9net. Pisl\u00e1kol a rem\u00e9ny, hogy id\u00e9n befejez\u0151dik a kiv\u00e9gzettek s\u00edrj\u00e1nak keres\u00e9se. Ha megtal\u00e1lj\u00e1k a hamvakat, akkor nem kell lemondani v\u00e9gleg azok keres\u00e9s\u00e9r\u0151l.<\/span><\/span><\/p>\n<p class=\"western\" lang=\"en-US\" align=\"justify\"><span style=\"font-size: large;\"><span lang=\"hu-HU\">2003-ban adta ki az <\/span><\/span><span style=\"font-size: large;\"><span lang=\"hu-HU\"><b>56 ut\u00e1n 57-en a temesv\u00e1ri perben<\/b><\/span><\/span><span style=\"font-size: large;\"><span lang=\"hu-HU\"> c\u00edm\u0171 dokumentumgy\u0171jtem\u00e9ny\u00e9t, amely 3 kiad\u00e1st \u00e9rt meg. Bemutatta Budapestt\u0151l Cs\u00edkszered\u00e1ig, Szatm\u00e1rn\u00e9metit\u0151l Temesv\u00e1rig. Majdnem 1500 p\u00e9ld\u00e1ny fogyott el bel\u0151le<\/span><\/span><\/p>\n<p class=\"western\" lang=\"en-US\" align=\"justify\"><span style=\"font-size: large;\"><span lang=\"hu-HU\">2005-ben megalap\u00edtotta az <\/span><\/span><span style=\"font-size: large;\"><span lang=\"hu-HU\"><b>In memoriam 1956<\/b><\/span><\/span> <span style=\"font-size: large;\"><span lang=\"hu-HU\"><b>Egyes\u00fclet<\/b><\/span><\/span><span style=\"font-size: large;\"><span lang=\"hu-HU\">et. A t\u00e9ma erd\u00e9lyi kutat\u00f3inak r\u00e9szv\u00e9tel\u00e9vel \u2013 Vekov K\u00e1roly, D\u00e1vid Gyula, T\u00f3falvi Zolt\u00e1n \u2013 minden \u00e9vben t\u00f6bb el\u0151ad\u00e1st \u00e9s eml\u00e9km\u0171sort szerveztek.<\/span><\/span><\/p>\n<p class=\"western\" align=\"justify\"><span style=\"font-size: large;\">2009-ben eml\u00e9kt\u00e1bl\u00e1t helyeztek el az aradi minorita templomban az \u00e1rtatlanul el\u00edt\u00e9lt, majd k\u00e9nyszermunkat\u00e1borban meghalt Kar\u00e1csonyi Istv\u00e1n aty\u00e1nak az eml\u00e9k\u00e9re.<\/span><\/p>\n<p class=\"western\" lang=\"en-US\" align=\"justify\"><span style=\"font-size: large;\"><span lang=\"hu-HU\">Ugyanebben az \u00e9vben jelent meg J\u00e1mbor Ilon\u00e1nak a sz\u00fcl\u0151faluj\u00e1r\u00f3l \u00edrott dokumentumgy\u0171jtem\u00e9nye, a <\/span><\/span><span style=\"font-size: large;\"><span lang=\"hu-HU\"><b>Tornya f\u00e9nyben \u00e9s \u00e1rny\u00e9kban<\/b><\/span><\/span><span style=\"font-size: large;\"><span lang=\"hu-HU\">.<\/span><\/span><\/p>\n<p class=\"western\" align=\"justify\"><span style=\"font-size: large;\">2010-ben a Szoboszlay-perben kiv\u00e9gzett p\u00e9cskai Luk\u00e1cs Istv\u00e1n sz\u00fcl\u0151h\u00e1z\u00e1ra tettek eml\u00e9kt\u00e1bl\u00e1t.<\/span><\/p>\n<p class=\"western\" align=\"justify\"><span style=\"font-size: large;\">2013-ban \u2013 a Magyar K\u00fcl\u00fcgyminiszt\u00e9rium t\u00e1mogat\u00e1s\u00e1val \u2013 a t\u00edz kiv\u00e9gzett egyik\u00e9nek, Luk\u00e1cs Istv\u00e1nnak a sz\u00fcl\u0151hely\u00e9n, a p\u00e9cskai templomt\u00e9ren \u2013, f\u00f6l\u00e1ll\u00edtott\u00e1k a Diny\u00e9s L\u00e1szl\u00f3 tervei alapj\u00e1n \u00e9s S\u00e1ndor Istv\u00e1n k\u00f6zrem\u0171k\u00f6d\u00e9s\u00e9vel kivitelezett eml\u00e9km\u0171vet, amely a Szoboszlay-per 57 \u00e1ldozat\u00e1nak \u00e1ll\u00edt eml\u00e9ket.<\/span><\/p>\n<p class=\"western\" lang=\"en-US\" align=\"justify\"><span style=\"font-size: large;\"><span lang=\"hu-HU\">2016-ban amat\u0151r sz\u00ednj\u00e1tsz\u00f3k P\u00e9csk\u00e1n adt\u00e1k el\u0151 Ilon\u00e1nak a Szoboszlay-perr\u0151l irt <\/span><\/span><span style=\"font-size: large;\"><span lang=\"hu-HU\"><b>Az Eszm\u00e9kt\u0151l a v\u00e9rpadig <\/b><\/span><\/span><span style=\"font-size: large;\"><span lang=\"hu-HU\">c\u00edm\u0171 dokumentumj\u00e1t\u00e9k\u00e1t.<\/span><\/span><\/p>\n<p class=\"western\" align=\"justify\"><span style=\"font-size: large;\">Karcolatai, novell\u00e1i a Sz\u00f6v\u00e9tnekben \u00e9s a Havi szeml\u00e9ben jelennek meg.<\/span><\/p>\n<p class=\"western\" align=\"justify\"><span style=\"font-size: large;\">Tagja a K\u00f6lcsey Egyes\u00fcletnek, a Magyar \u00dajs\u00e1g\u00edr\u00f3k Rom\u00e1niai Egyes\u00fclet\u00e9nek \u00e9s az aradi v\u00e1llalkoz\u00f3k szervezet\u00e9nek.<\/span><\/p>\n<p class=\"western\" align=\"justify\"><span style=\"font-size: large;\">A tornyai ProPirKult Egyes\u00fclet rendezv\u00e9nyeinek tev\u00e9keny r\u00e9sztvev\u0151je.<\/span><\/p>\n<p class=\"western\" align=\"justify\"><span style=\"font-size: large;\">Kit\u00fcntet\u00e9sei:<\/span><\/p>\n<p class=\"western\" lang=\"en-US\" align=\"justify\">\u2013 <span style=\"font-size: large;\"><span lang=\"hu-HU\">2014-ben a vingai bolg\u00e1rok <\/span><\/span><span style=\"font-size: large;\"><span lang=\"hu-HU\"><b>a k\u00f6z\u00f6ss\u00e9g\u00e9rt v\u00e9gzett tev\u00e9kenys\u00e9g<\/b><\/span><\/span><span style=\"font-size: large;\"><span lang=\"hu-HU\">\u00e9t ismert\u00e9k el.<\/span><\/span><\/p>\n<p class=\"western\" lang=\"en-US\" align=\"justify\">\u2013 <span style=\"font-size: large;\"><span lang=\"hu-HU\">2015-ben irodalmi munk\u00e1ss\u00e1g\u00e1\u00e9rt <\/span><\/span><span style=\"font-size: large;\"><span lang=\"hu-HU\"><b>Irodami Jelen<\/b><\/span><\/span><span style=\"font-size: large;\"><span lang=\"hu-HU\"> d\u00edjban r\u00e9szes\u00fclt; <\/span><\/span><\/p>\n<p class=\"western\" lang=\"en-US\" align=\"justify\">\u2013 <span style=\"font-size: large;\"><span lang=\"hu-HU\">2016-ban a Magyar Vid\u00e9k Orsz\u00e1gos 56-os Szervezett\u0151l megkapta a <\/span><\/span><span style=\"font-size: large;\"><span lang=\"hu-HU\"><b>H\u0171s\u00e9ggel a haz\u00e1\u00e9rt \u2013 1956 szellemi \u00f6r\u00f6ks\u00e9g\u00e9nek meg\u0151rz\u00e9s\u00e9\u00e9rt \u00e9s a magyars\u00e1gnak tett szolg\u00e1latai\u00e9rt <\/b><\/span><\/span><span style=\"font-size: large;\"><span lang=\"hu-HU\">d\u00edjat.<\/span><\/span><\/p>\n<p class=\"western\" lang=\"en-US\" align=\"justify\"><span style=\"font-size: large;\"><span lang=\"hu-HU\">J\u00e1mbor Ilona \u00f6r\u00f6kmozg\u00f3, lelkes, kitart\u00f3, \u00f6nzetlen, f\u00e1radhatatlanul tev\u00e9kenyked\u0151, emberi gyenges\u00e9gekt\u0151l sem mentes, teljes ember, alkot\u00f3 szem\u00e9lyis\u00e9g, aki sosem azt n\u00e9zi, hogy kap-e valamit az\u00e9rt, amit elv\u00e9gez. Felismeri feladatait, \u00e9s azoknak v\u00e9g\u00fckre is j\u00e1r. L\u00e1nya \u00e1ltal a szelleme a gyermekkor\u00e1ban m\u00e9g gyerekekkel teli, m\u00e1ra ki\u00fcr\u00fclt tornyai iskol\u00e1t\u00f3l, az \u00f3ce\u00e1nokon \u00e1t, a t\u00f6bbi kontinensig terjed.<\/span><\/span><\/p>\n<p class=\"western\" align=\"justify\"><span style=\"font-size: large;\">Mindez az\u00e9rt is lehets\u00e9ges, mert p\u00e1rj\u00e1val, J\u00e1mbor Gyul\u00e1val egym\u00e1s kez\u00e9t fogj\u00e1k.<\/span><\/p>\n<p class=\"western\" lang=\"en-US\" align=\"justify\"><span style=\"font-size: large;\"><span lang=\"hu-HU\">Az Aradi K\u00f6lcsey Egyes\u00fclt megfelel\u0151 embert v\u00e1lasztott, amikor 2018-ban J\u00e1mbor Ilon\u00e1nak \u00edt\u00e9lte az egyik K\u00f6lcsey-d\u00edj\u00e1t.<\/span><\/span><b><\/b><\/p>\n","protected":false},"excerpt":{"rendered":"<p>A helyi sajt\u00f3 besz\u00e1molt a 2018. janu\u00e1r 25-ei esem\u00e9nyr\u0151l. A kit\u00fcntetett J\u00e1mbor Ilona megk\u00e9rt, hogy az esem\u00e9nyen ismertessem a munk\u00e1ss\u00e1g\u00e1t. Lentebb tal\u00e1lhat\u00f3 a f\u00f6lolvasott laud\u00e1ci\u00f3m. M\u00e1rkus J\u00e1nos a K\u00f6lcsey Egyes\u00fclet titk\u00e1ra, Berecz G\u00e1bor \u00fcgyvezet\u0151 eln\u00f6k, Kocsis Rudolf d\u00edjazott, Nagy Istv\u00e1n, J\u00e1mbor Ilona d\u00edjazott, Puskel P\u00e9ter Kocsis Rudolf laud\u00e1l\u00f3ja, Fekete K\u00e1roly aleln\u00f6k J\u00e1mborn\u00e9 Cucuruzan Ilona laud\u00e1ci\u00f3ja<\/p>\n","protected":false},"author":2,"featured_media":0,"comment_status":"open","ping_status":"open","sticky":false,"template":"","format":"standard","meta":{"footnotes":""},"categories":[1],"tags":[],"class_list":["post-4185","post","type-post","status-publish","format-standard","hentry","category-nincs-kategorizalva"],"_links":{"self":[{"href":"https:\/\/nagyistvan.pecska.ro\/index.php?rest_route=\/wp\/v2\/posts\/4185","targetHints":{"allow":["GET"]}}],"collection":[{"href":"https:\/\/nagyistvan.pecska.ro\/index.php?rest_route=\/wp\/v2\/posts"}],"about":[{"href":"https:\/\/nagyistvan.pecska.ro\/index.php?rest_route=\/wp\/v2\/types\/post"}],"author":[{"embeddable":true,"href":"https:\/\/nagyistvan.pecska.ro\/index.php?rest_route=\/wp\/v2\/users\/2"}],"replies":[{"embeddable":true,"href":"https:\/\/nagyistvan.pecska.ro\/index.php?rest_route=%2Fwp%2Fv2%2Fcomments&post=4185"}],"version-history":[{"count":3,"href":"https:\/\/nagyistvan.pecska.ro\/index.php?rest_route=\/wp\/v2\/posts\/4185\/revisions"}],"predecessor-version":[{"id":4317,"href":"https:\/\/nagyistvan.pecska.ro\/index.php?rest_route=\/wp\/v2\/posts\/4185\/revisions\/4317"}],"wp:attachment":[{"href":"https:\/\/nagyistvan.pecska.ro\/index.php?rest_route=%2Fwp%2Fv2%2Fmedia&parent=4185"}],"wp:term":[{"taxonomy":"category","embeddable":true,"href":"https:\/\/nagyistvan.pecska.ro\/index.php?rest_route=%2Fwp%2Fv2%2Fcategories&post=4185"},{"taxonomy":"post_tag","embeddable":true,"href":"https:\/\/nagyistvan.pecska.ro\/index.php?rest_route=%2Fwp%2Fv2%2Ftags&post=4185"}],"curies":[{"name":"wp","href":"https:\/\/api.w.org\/{rel}","templated":true}]}}