{"id":4103,"date":"2017-12-19T19:10:26","date_gmt":"2017-12-19T17:10:26","guid":{"rendered":"https:\/\/nagyistvan.pecska.ro\/?p=4103"},"modified":"2018-10-06T15:38:19","modified_gmt":"2018-10-06T13:38:19","slug":"klebelsberg-es-pecska-akkor-es-most","status":"publish","type":"post","link":"https:\/\/nagyistvan.pecska.ro\/?p=4103","title":{"rendered":"Klebelsberg \u00e9s P\u00e9cska, akkor \u00e9s most"},"content":{"rendered":"<p>A 2017. november 18-\u00e1n Pesthidegk\u00faton tartott el\u0151ad\u00e1som szerkesztett v\u00e1ltozata.<\/p>\n<p>\u2013 <b>Dr. Erd\u0151si K\u00e1roly<\/b>: A ma d\u00e9lut\u00e1ni utols\u00f3, m\u00e1r nem el\u0151ad\u00e1st \u2013 ismerve az \u0151 gondolatait, legal\u00e1bbis azt mondhatom, voltam Magyarp\u00e9csk\u00e1n vend\u00e9gek\u00e9nt \u2013, hanem valami eg\u00e9szen k\u00fcl\u00f6nleges m\u0171fajt fogunk hallani Nagy Istv\u00e1nt\u00f3l. El\u0151ad\u00e1s\u00e1nak c\u00edme: <i><b>Klebelsberg \u00e9s P\u00e9cska, akkor \u00e9s most<\/b><\/i>. Hallgassuk szeretettel Magyarp\u00e9cska k\u00fcld\u00f6tt\u00e9t. Nagyon szenved\u00e9lyes el\u0151ad\u00e1sokat halottam mindig t\u0151le.<\/p>\n<p style=\"text-align: center;\"><img loading=\"lazy\" decoding=\"async\" class=\"size-full wp-image-4105\" src=\"https:\/\/nagyistvan.pecska.ro\/wp-content\/uploads\/2017\/12\/Erd\u0151si-K\u00e1rollyal.jpg\" alt=\"\" width=\"2670\" height=\"1780\" \/><\/p>\n<p style=\"text-align: center;\"><em>Erd\u0151si K\u00e1rollyal<\/em><!--more--><\/p>\n<p>\u2013 <b>Nagy Istv\u00e1n<\/b> \u2013 Fizikatan\u00e1r vagyok, teh\u00e1t b\u00f6lcs\u00e9szekt\u0151l megszokott sz\u00f6veget t\u0151lem ne v\u00e1rjanak.<\/p>\n<p>A vet\u00edt\u0151v\u00e1sznon a P\u00e9cskai R\u00f3mai Katolikus Egyh\u00e1znak az Aradi \u00c1llami Lev\u00e9lt\u00e1rban \u0151rz\u00f6tt keresztel\u00e9si anyak\u00f6nyvi kivonat\u00e1b\u00f3l van az a cs\u00edk kiv\u00e1gva, amelyr\u0151l kider\u00fcl, hogy Klebelsberg Kuno 1875. november 13-\u00e1n sz\u00fcletett, december 5-\u00e9n keresztelte Keglovitz Kuno, s \u00e1ll\u00edt\u00f3lag az\u00e9rt lett \u0151 is Kuno. Szathm\u00e1ry Geyza pl\u00e9b\u00e1nos keresztelte. N\u00e9gy keresztneve volt: Imre, Aur\u00e9l, Ferenc, Kuno. A Klebelsberg csal\u00e1d utols\u00f3 p\u00e9cskai kapcsolata 1885. szeptember 5-\u00e9n lehetett, amikor kivonatot k\u00e9rtek a t\u00edz \u00e9ves Kuno sz\u00fclet\u00e9si bizony\u00edtv\u00e1ny\u00e1r\u00f3l.<\/p>\n<p style=\"text-align: center;\"><img loading=\"lazy\" decoding=\"async\" class=\"aligncenter size-full wp-image-4106\" src=\"https:\/\/nagyistvan.pecska.ro\/wp-content\/uploads\/2017\/12\/Klebelsberg_szuletesi_anyakonyve_1b2.jpg\" alt=\"\" width=\"2478\" height=\"354\" \/><img loading=\"lazy\" decoding=\"async\" class=\"aligncenter size-full wp-image-4107\" src=\"https:\/\/nagyistvan.pecska.ro\/wp-content\/uploads\/2017\/12\/Klebelsberg_szuletesi_anyakonyve_2b-2.jpg\" alt=\"\" width=\"2330\" height=\"317\" \/><\/p>\n<p>Klebelsberg Kunonak az \u00e9desapja Gr\u00f3f Klebelsberg Jakab J\u00f3zsef Konstantin volt, aki Sz\u00e9kesfeh\u00e9rv\u00e1ron van eltemetve. 1875-ben az Aradon \u00e1llom\u00e1soz\u00f3 14. k\u00f6z\u00f6s husz\u00e1rezredn\u00e9l szolg\u00e1lt. Tiszti min\u0151s\u00edt\u00e9si lapja a B\u00e9csi Hadi Lev\u00e9lt\u00e1rban tal\u00e1lhat\u00f3.<\/p>\n<p style=\"text-align: center;\"><img loading=\"lazy\" decoding=\"async\" class=\"aligncenter size-full wp-image-4108\" src=\"https:\/\/nagyistvan.pecska.ro\/wp-content\/uploads\/2017\/12\/Klebelsberg1-b-20171014.jpg\" alt=\"\" width=\"2362\" height=\"1188\" \/><\/p>\n<p><img loading=\"lazy\" decoding=\"async\" class=\"aligncenter size-full wp-image-4112\" src=\"https:\/\/nagyistvan.pecska.ro\/wp-content\/uploads\/2017\/12\/Klebelsberg2-b-1.jpg\" alt=\"\" width=\"2362\" height=\"1135\" \/><\/p>\n<p style=\"text-align: center;\" align=\"justify\"><img loading=\"lazy\" decoding=\"async\" class=\"aligncenter size-full wp-image-4111\" src=\"https:\/\/nagyistvan.pecska.ro\/wp-content\/uploads\/2017\/12\/Klebelsberg3-b.jpg\" alt=\"\" width=\"2362\" height=\"1460\" \/><\/p>\n<p align=\"justify\">Klebelsberg Jakab lovas baleset ut\u00e1n 1877. j\u00falius 15-\u00e9n halt meg, amikor Klebelsberg Kuno egy \u00e9v \u00e9s nyolc h\u00f3napos volt.<\/p>\n<p align=\"justify\">Klebelsberg Kuno <a href=\"http:\/\/(http:\/\/www.macse.hu\/gudenus\/mfat\/fam.aspx?id=2443)\">csal\u00e1df\u00e1ja<\/a>:<\/p>\n<p align=\"justify\"><img loading=\"lazy\" decoding=\"async\" class=\"aligncenter size-full wp-image-4114\" src=\"https:\/\/nagyistvan.pecska.ro\/wp-content\/uploads\/2017\/12\/Klebelsberg-Kuno-csal\u00e1df\u00e1ja.png\" alt=\"\" width=\"1102\" height=\"590\" \/><\/p>\n<p align=\"justify\">Az al\u00e1bbi t\u00e9rk\u00e9p azt \u00e1br\u00e1zolja, hogy apai \u00e1gon Thumburgb\u00f3l, a mai Ausztria nyugati cs\u00fccsk\u00e9b\u0151l sz\u00e1rmazott, \u00e9desanyja a Si\u00f3fokhoz k\u00f6zeli Enyingen, Klebelsberg Kuno az Arad melletti Magyarp\u00e9csk\u00e1n sz\u00fcletett, \u00e9s \u00e9lete Pesthidegk\u00faton, Budapesten z\u00e1rult.<\/p>\n<p align=\"justify\"><img loading=\"lazy\" decoding=\"async\" class=\"aligncenter size-full wp-image-4116\" src=\"https:\/\/nagyistvan.pecska.ro\/wp-content\/uploads\/2017\/12\/Klebelsberg-Thumburgt\u00f3l-Pesthidegk\u00fatig.jpg\" alt=\"\" width=\"3466\" height=\"1913\" \/><\/p>\n<p align=\"justify\">Klebelsberg Kunonak a nev\u00e9t hol \u00edgy, hol \u00fagy \u00edrj\u00e1k. Amint ebb\u0151l a k\u00e9pb\u0151l is kider\u00fcl, hogy \u0151 maga \u00e9kezet n\u00e9lk\u00fcl haszn\u00e1lta a Kunot, azt mondom, hogy j\u00f3 lenne, ha mindenki \u00edgy haszn\u00e1ln\u00e1.<\/p>\n<p style=\"text-align: left;\" align=\"justify\"><img loading=\"lazy\" decoding=\"async\" class=\"size-full wp-image-4117 alignleft\" src=\"https:\/\/nagyistvan.pecska.ro\/wp-content\/uploads\/2017\/12\/Klebelsberg-k\u00e9z\u00edr\u00e1sa-al\u00e1\u00edr\u00e1s\u00e1val.jpg\" alt=\"\" width=\"2480\" height=\"1187\" \/>Hogy pontosan hol sz\u00fcletett azt nem tudjuk. Csup\u00e1n val\u00f3sz\u00edn\u0171s\u00edteni lehet, hogy a magyarp\u00e9cskai j\u00e1r\u00e1si sz\u00e9khely \u00e9p\u00fcletegy\u00fcttes\u00e9ben lehetett az apj\u00e1nak husz\u00e1rsz\u00e1zadosi szolg\u00e1lati lak\u00e1sa. Ha \u00fagy volt, akkor val\u00f3sz\u00edn\u0171, hogy az al\u00e1bbi \u00e9p\u00fcletegy\u00fcttesben sz\u00fcletett. Amikor sz\u00fcletett, akkor az emeletes r\u00e9sz m\u00e9g nem volt meg. 1892-ben \u00e9p\u00fclt. Az els\u0151 k\u00e9p \u2013 Ruber Istv\u00e1n helyi nyomd\u00e1sz \u00e1ltal kiadott levelez\u0151lap \u2013, k\u00f6r\u00fclbel\u00fcl 1910-ben, a m\u00e1sodik 2010-ben k\u00e9sz\u00fclt.<\/p>\n<p style=\"text-align: center;\" align=\"justify\"><img loading=\"lazy\" decoding=\"async\" class=\"aligncenter size-full wp-image-4118\" src=\"https:\/\/nagyistvan.pecska.ro\/wp-content\/uploads\/2017\/12\/F\u0151szolgab\u00edr\u00f3i-hivatal.jpg\" alt=\"\" width=\"808\" height=\"470\" \/><\/p>\n<p style=\"text-align: center;\" align=\"justify\"><img loading=\"lazy\" decoding=\"async\" class=\"aligncenter size-full wp-image-4119\" src=\"https:\/\/nagyistvan.pecska.ro\/wp-content\/uploads\/2017\/12\/\u00f6regotthon-20100506.jpg\" alt=\"\" width=\"3072\" height=\"1193\" \/><\/p>\n<p align=\"justify\"><b>Di\u00f3h\u00e9jban P\u00e9csk\u00e1r\u00f3l<\/b><\/p>\n<p align=\"justify\">P\u00e9cska el\u0151sz\u00f6r 1332-ben fordul el\u0151 a p\u00e1pai tizedjegyz\u00e9kben. Az 1500-as \u00e9vek k\u00f6zep\u00e9r\u0151l fennmaradt t\u00f6r\u00f6k ad\u00f3lajstromokb\u00f3l kider\u00fcl, hogy az akkori telep\u00fcl\u00e9st \u00e9s k\u00f6rny\u00e9k\u00e9t magyarok szerbek, rom\u00e1nok \u00e9s magyarok lakt\u00e1k.<\/p>\n<p style=\"text-align: center;\" align=\"justify\"><img loading=\"lazy\" decoding=\"async\" class=\"aligncenter size-full wp-image-4120\" src=\"https:\/\/nagyistvan.pecska.ro\/wp-content\/uploads\/2017\/12\/K\u00e1ldy-Nagy-111-112.jpg\" alt=\"\" width=\"1505\" height=\"791\" \/><\/p>\n<p align=\"justify\">P\u00e9cska hat\u00e1ra igen kiterjedt, tizenh\u00e9tezer hekt\u00e1r, amib\u0151l tizenk\u00e9tezer term\u0151f\u00f6ld, a t\u00f6bbi erd\u0151 \u00e9s legel\u0151. Az al\u00e1bbi t\u00e9rk\u00e9pen minden egyes apr\u00f3 pont egy tanya. A baloldali, a z\u00f6ld r\u00e9sz Magyarp\u00e9cska, a jobboldali Rom\u00e1np\u00e9cska \u2013 el\u0151sz\u00f6r R\u00e1cz, majd \u00d3-, k\u00e9s\u0151bb Rom\u00e1np\u00e9cska. A k\u00e9t telep\u00fcl\u00e9sr\u00e9sz \u00f6ssze van n\u0151ve.<\/p>\n<p style=\"text-align: center;\" align=\"justify\"><img loading=\"lazy\" decoding=\"async\" class=\"aligncenter size-full wp-image-4121\" src=\"https:\/\/nagyistvan.pecska.ro\/wp-content\/uploads\/2017\/12\/P\u00e9cska-hat\u00e1ra.jpg\" alt=\"\" width=\"3266\" height=\"2346\" \/><\/p>\n<p align=\"justify\">A k\u00e9pen van \u00f6t piros pont. Az \u00fagynevezett tanyasi iskol\u00e1kat jel\u00f6lik. Klebelsberghez semmi k\u00f6z\u00fck. Akkor \u00e9p\u00fcltek, amikor Klebelsberg fiatalember volt, \u00e9s nem, amikor 1922 ut\u00e1n miniszterk\u00e9nt a k\u00f6zoktat\u00e1st ir\u00e1ny\u00edtotta. Mivel kiterjedt volt a tanyavil\u00e1g, \u00e9s a gyermekek iskol\u00e1ztat\u00e1s\u00e1t az \u00e1llam fontosnak tartotta, ez\u00e9rt \u00e1llami tervek alapj\u00e1n, \u00e1llami r\u00e9szt\u00e1mogat\u00e1ssal \u00e9p\u00edtettek tanyasi iskol\u00e1kat is. Megjegyzend\u0151, hogy a rom\u00e1np\u00e9cskai hat\u00e1r ugyanolyan nagy, ugyanolyan s\u0171r\u0171n tany\u00e1sodott \u2013 itt is \u00e9s ott is mintegy 450 tanya volt \u2013, ott m\u00e9gsem volt egyetlen tanyasi iskola sem.<\/p>\n<p align=\"justify\">A p\u00e9cskai rom\u00e1nok eg\u00e9szen 1919-ig ragaszkodtak a felekezeti oktat\u00e1shoz, \u00e9s csak annyi belesz\u00f3l\u00e1st engedtek a magyar \u00e1llamnak, amennyit nagyon musz\u00e1j volt. Az Apponyi t\u00f6rv\u00e9ny ut\u00e1n a tan\u00edt\u00f3i fizet\u00e9sek \u00e1llami kieg\u00e9sz\u00edt\u00e9se miatt kicsit t\u00f6bbet, de m\u00e9g akkor is ink\u00e1bb ragaszkodtak ahhoz, hogy \u0151k ink\u00e1bb szeg\u00e9nyesen, de <span lang=\"ro-RO\">rom<\/span><span lang=\"hu-HU\">\u00e1<\/span><span lang=\"ro-RO\">nul, <\/span><span lang=\"hu-HU\">a <\/span><span lang=\"hu-HU\">maguk sz\u00e1j\u00edze szerint<\/span> tan\u00edtanak, minthogy az \u00e1llam elv\u00e1r\u00e1sait teljes\u00edts\u00e9k. Ennek volt egyik oka az, hogy 1913\u201314-ben volt olyan oszt\u00e1ly, ahol a tan\u00edt\u00f3nak 114 gyerek volt az oszt\u00e1ly\u00e1ban.<\/p>\n<p align=\"justify\">Az al\u00e1bbi k\u00e9pen P\u00e9cska belter\u00fclet\u00e9t l\u00e1tjuk. A bal oldali z\u00f6ld r\u00e9sz Magyarp\u00e9cska, a jobb oldali k\u00e9k Rom\u00e1np\u00e9cska. Kiemeltem a j\u00e1r\u00e1si hivatal hely\u00e9t, ahol Klebelsberg Kuno sz\u00fclethetett. A telep\u00fcl\u00e9s Klebelsberg sz\u00fclet\u00e9sekor, 1875-ben se volt sokkal kisebb.<\/p>\n<p style=\"text-align: center;\" align=\"justify\"><img loading=\"lazy\" decoding=\"async\" class=\"aligncenter size-full wp-image-4122\" src=\"https:\/\/nagyistvan.pecska.ro\/wp-content\/uploads\/2017\/12\/P\u00e9cska-n\u00f6veked\u00e9se.jpg\" alt=\"\" width=\"3177\" height=\"2076\" \/><\/p>\n<p align=\"justify\">Az al\u00e1bbi grafikonok P\u00e9cska lakoss\u00e1g\u00e1nak nemzetis\u00e9gi \u00e9s felekezeti megoszl\u00e1s\u00e1t, \u00e9s ar\u00e1nyait mutatj\u00e1k. Az 1940-ig mintegy 300 zsid\u00f3 magyar anyanyelv\u0171 volt, amit a temet\u0151j\u00fckben l\u00e9v\u0151 s\u00edrk\u00f6vek feliratai igazolnak. Vagy magyar-h\u00e9ber, vagy csak magyar feliratuk van. Kider\u00fcl a grafikonb\u00f3l, hogy a helyi magyars\u00e1g vagy t\u00f6bbs\u00e9get alkotott, vagy ahhoz k\u00f6zeli r\u00e9szar\u00e1nyt k\u00e9pviselt. L\u00e1tszik a vil\u00e1gh\u00e1bor\u00fa okozta t\u00f6r\u00e9s. Az 1956 ut\u00e1ni cs\u00f6kken\u00e9s a rom\u00e1n \u00e1llam nemzetis\u00e9gekhez val\u00f3 viszonyul\u00e1s\u00e1nak t\u00fckre.<\/p>\n<p style=\"text-align: center;\" align=\"justify\"><img loading=\"lazy\" decoding=\"async\" class=\"aligncenter size-full wp-image-4123\" src=\"https:\/\/nagyistvan.pecska.ro\/wp-content\/uploads\/2017\/12\/P\u00e9cskai-magyarok.jpg\" alt=\"\" width=\"2954\" height=\"2119\" \/><\/p>\n<p style=\"text-align: center;\" align=\"justify\"><img loading=\"lazy\" decoding=\"async\" class=\"aligncenter size-full wp-image-4124\" src=\"https:\/\/nagyistvan.pecska.ro\/wp-content\/uploads\/2017\/12\/P\u00e9cska-nemzetis\u00e9gi-t\u00e9rk\u00e9pe-1992.jpg\" alt=\"\" width=\"3221\" height=\"2002\" \/><\/p>\n<p style=\"text-align: center;\" align=\"justify\"><img loading=\"lazy\" decoding=\"async\" class=\"aligncenter size-full wp-image-4125\" src=\"https:\/\/nagyistvan.pecska.ro\/wp-content\/uploads\/2017\/12\/P\u00e9cska-lakosainak-felekezeti-megoszl\u00e1sa.jpg\" alt=\"\" width=\"2244\" height=\"1537\" \/><\/p>\n<p style=\"text-align: center;\" align=\"justify\"><img loading=\"lazy\" decoding=\"async\" class=\"aligncenter size-full wp-image-4126\" src=\"https:\/\/nagyistvan.pecska.ro\/wp-content\/uploads\/2017\/12\/P\u00e9cskaiak-felekezeti-megoszl\u00e1sa-szz.jpg\" alt=\"\" width=\"2244\" height=\"1537\" \/><\/p>\n<p align=\"justify\"><b>K\u00e9rdez\u0151:<\/b> <span lang=\"ro-RO\">A<\/span><span lang=\"hu-HU\">z<\/span><span lang=\"ro-RO\"> 1956-os <\/span><span lang=\"hu-HU\">emelked\u00e9s<\/span><span lang=\"ro-RO\">?<\/span><\/p>\n<p align=\"justify\"><b>N. I. <\/b>A t\u00f6rt\u00e9net arr\u00f3l sz\u00f3l, hogy 1941 ut\u00e1n l\u00e9ptek sz\u00fcl\u0151korba az I. Vil\u00e1gh\u00e1bor\u00fat k\u00f6vet\u0151en sz\u00fcletettek, \u00e9s a h\u00e1bor\u00fak ut\u00e1n mindig megugrik a sz\u00fclet\u00e9ssz\u00e1m, mintegy \u00f6szt\u00f6nszer\u0171en p\u00f3toland\u00f3 a h\u00e1bor\u00fas vesztes\u00e9geket. M\u00e1rpedig megugrott a sz\u00fclet\u00e9ssz\u00e1m 1918 ut\u00e1n, majd 1945 ut\u00e1n is.<\/p>\n<p style=\"text-align: center;\" align=\"justify\"><img loading=\"lazy\" decoding=\"async\" class=\"aligncenter size-full wp-image-4127\" src=\"https:\/\/nagyistvan.pecska.ro\/wp-content\/uploads\/2017\/12\/Keresztel\u00e9sek.jpg\" alt=\"\" width=\"2244\" height=\"1332\" \/><\/p>\n<p align=\"justify\">Most P\u00e9cska lakoss\u00e1g\u00e1nak mintegy 30%-a magyar, 15\u201320% k\u00f6z\u00f6tt van a cig\u00e1nys\u00e1g, akiknek fele rom\u00e1nnak vallja mag\u00e1t, \u00e9s 50\u201355% a rom\u00e1n.<\/p>\n<p align=\"justify\">Az al\u00e1bbi, 1995-ben megjelent k\u00f6nyv az\u00e9rt \u00e9rdekes, mert addig P\u00e9csk\u00e1n Klebelsberg Kunr\u00f3l senki sem besz\u00e9lt.<\/p>\n<p style=\"text-align: center;\" align=\"justify\"><img loading=\"lazy\" decoding=\"async\" class=\"aligncenter size-full wp-image-4129\" src=\"https:\/\/nagyistvan.pecska.ro\/wp-content\/uploads\/2017\/12\/KG-P\u00e9cska.jpg\" alt=\"\" width=\"1040\" height=\"1464\" \/><\/p>\n<p align=\"justify\">Addig \u00e9n sem tudtam r\u00f3la, hogy ki volt. De 1990 el\u0151tt Magyarorsz\u00e1gon se sokat besz\u00e9ltek r\u00f3la.<\/p>\n<p align=\"justify\">P\u00e9csk\u00e1n igyeksz\u00fcnk Klebelsberg eml\u00e9k\u00e9t \u00e1polni.<\/p>\n<p align=\"justify\">1996-ban az Erd\u00e9lyi Magyar K\u00f6zm\u0171vel\u0151d\u00e9si Egyes\u00fclet aradi csoportja elhelyezett az 1887-ben \u00e9p\u00fclt p\u00e9cskai katolikus templom fal\u00e1n egy Klebelsberg-eml\u00e9kt\u00e1bl\u00e1t.<\/p>\n<p style=\"text-align: center;\" align=\"justify\"><img loading=\"lazy\" decoding=\"async\" class=\"aligncenter size-full wp-image-4130\" src=\"https:\/\/nagyistvan.pecska.ro\/wp-content\/uploads\/2017\/12\/templom.jpg\" alt=\"\" width=\"1772\" height=\"922\" \/><\/p>\n<p align=\"justify\">A templom 1887-ben \u00e9p\u00fclt, 35 m\u00e9ter hossz\u00fa, igen impoz\u00e1ns, neog\u00f3t st\u00edlus\u00fa \u00e9p\u00fclet. Az egykori Csan\u00e1d Egyh\u00e1zmegye egyik legnagyobb vid\u00e9ki katolikus temploma, \u00e9s m\u00f6g\u00f6tte van a legnagyobb vid\u00e9ki pl\u00e9b\u00e1nia \u00e9p\u00fclet, amelyben az 1910-es \u00e9vekben a pl\u00e9b\u00e1noson k\u00edv\u00fcl m\u00e9g h\u00e1rom k\u00e1pl\u00e1n is lakott.<\/p>\n<p align=\"justify\"><span lang=\"hu-HU\">2000. november 11-\u00e9n \u00e1ll\u00edtottuk a k\u00e9pen l\u00e1that\u00f3 Klebelsberg-szobrot.<\/span><\/p>\n<p style=\"text-align: center;\" align=\"justify\"><img loading=\"lazy\" decoding=\"async\" class=\"aligncenter size-full wp-image-4131\" src=\"https:\/\/nagyistvan.pecska.ro\/wp-content\/uploads\/2017\/12\/szobor.jpg\" alt=\"\" width=\"1772\" height=\"971\" \/><\/p>\n<p align=\"justify\"><span lang=\"hu-HU\">A talapzaton l\u00e9v\u0151 id\u00e9zetet \u00e9n v\u00e1lasztottam.<\/span><\/p>\n<p style=\"text-align: left;\" align=\"justify\"><span lang=\"hu-HU\">A leleplez\u00e9s\u00e9n\u00e9l ott volt az akkori k\u00f6zoktat\u00e1s-\u00fcgyi miniszter Pokorni Zolt\u00e1n, az akkori m\u0171vel\u0151d\u00e9s\u00fcgyi \u00e1llamtitk\u00e1r Semj\u00e9n Zsolt, Ft. Gyulai Endre szegedi, \u00e9s Ft. Roos M\u00e1rton temesv\u00e1ri p\u00fcsp\u00f6k. A szob<\/span><span lang=\"hu-HU\">or<\/span> <span lang=\"hu-HU\">az igen j\u00f3 nev\u0171,<\/span><span lang=\"hu-HU\"> n\u00e9hai Jecza <\/span><span lang=\"hu-HU\">P<\/span><span lang=\"hu-HU\">\u00e9ter temesv\u00e1ri szobr\u00e1sz<\/span><span lang=\"hu-HU\">m\u0171v\u00e9sz alkot\u00e1sa, \u00e9s a Horv\u00e1th L\u00e1szl\u00f3 \u00e1ltal vezette budapesti Pusk\u00e1s Tivadar T\u00e1vk\u00f6zl\u00e9si Technikum aj\u00e1nd\u00e9ka. A szoboravat\u00e1sra k\u00e9sz\u00fclt egy eml\u00e9k\u00e9rem is.<\/span><\/p>\n<p style=\"text-align: center;\" align=\"justify\"><img loading=\"lazy\" decoding=\"async\" class=\"aligncenter size-full wp-image-4132\" src=\"https:\/\/nagyistvan.pecska.ro\/wp-content\/uploads\/2017\/12\/Jecza-a-szoboravat\u00e1son.jpg\" alt=\"\" width=\"1422\" height=\"1036\" \/><\/p>\n<p style=\"text-align: center;\" align=\"justify\"><em>Gyulai Endre p\u00fcsp\u00f6k, Jecza P\u00e9ter szobr\u00e1sz, Horv\u00e1th L\u00e1szl\u00f3 iskolaigazgat\u00f3<\/em><\/p>\n<p style=\"text-align: center;\" align=\"justify\"><img loading=\"lazy\" decoding=\"async\" class=\"aligncenter size-full wp-image-4133\" src=\"https:\/\/nagyistvan.pecska.ro\/wp-content\/uploads\/2017\/12\/Pokorni-Semj\u00e9n.jpg\" alt=\"\" width=\"2126\" height=\"1484\" \/><\/p>\n<p style=\"text-align: center;\" align=\"justify\"><em>Pokorni L\u00e1szl\u00f3 \u00e9s Semj\u00e9n Zsolt<\/em><\/p>\n<p align=\"justify\">P\u00e9csk\u00e1n igyeksz\u00fcnk a jelent\u0151s teljes\u00edtm\u00e9ny ny\u00fajt\u00f3 el\u0151d\u00f6k eml\u00e9k\u00e9t \u00e1polni. Klebelsberg az egyik.<\/p>\n<p align=\"justify\">A katolikus templom fal\u00e1n l\u00e9v\u0151 eml\u00e9kt\u00e1bl\u00e1k k\u00f6z\u00fcl az els\u0151 1994-ben ker\u00fclt a hely\u00e9re. Orm\u00f3s Zsigmond P\u00e9csk\u00e1n sz\u00fcletett, \u00e9s temesi f\u0151isp\u00e1n, m\u00fazeumalap\u00edt\u00f3, numizmatikus, k\u00e9pz\u0151m\u0171v\u00e9szeti szak\u00edr\u00f3, m\u0171v\u00e9szett\u00f6rt\u00e9n\u00e9sz, de \u00edrt reg\u00e9nyeket is.<\/p>\n<p style=\"text-align: center;\" align=\"justify\"><img loading=\"lazy\" decoding=\"async\" class=\"aligncenter size-full wp-image-4137\" src=\"https:\/\/nagyistvan.pecska.ro\/wp-content\/uploads\/2017\/12\/Orm\u00f3s-eml\u00e9kt\u00e1bla.jpg\" alt=\"\" width=\"1181\" height=\"1342\" \/><\/p>\n<p align=\"justify\">Klebelsberg eml\u00e9kt\u00e1bl\u00e1j\u00e1t 1996-ban helyezt\u00e9k el.<\/p>\n<p align=\"justify\">K\u00e1lm\u00e1ny Lajos Szegeden sz\u00fcletett, \u00e9s halt meg. P\u00e9csk\u00e1n volt kezd\u0151 k\u00e1pl\u00e1n, amikor kiadta a Koszor\u00fak az Alf\u00f6ld vadvir\u00e1gaib\u00f3l c\u00edm\u0171, p\u00e9cskai n\u00e9pk\u00f6lt\u00e9szeti gy\u0171jt\u00e9s\u00e9t. Val\u00f3sz\u00edn\u0171s\u00edthet\u0151, hogy tudtak egym\u00e1sr\u00f3l. K\u00e1lm\u00e1ny a magyar n\u00e9prajzi gy\u0171jt\u00e9s klasszikus\u00e1nak sz\u00e1m\u00edt.<\/p>\n<p style=\"text-align: center;\" align=\"justify\"><img loading=\"lazy\" decoding=\"async\" class=\"aligncenter size-full wp-image-4134\" src=\"https:\/\/nagyistvan.pecska.ro\/wp-content\/uploads\/2017\/12\/K\u00e1lm\u00e1ny-eml\u00e9kt\u00e1bla.jpg\" alt=\"\" width=\"1181\" height=\"1283\" \/><\/p>\n<p align=\"justify\">Mester J\u00e1nos P\u00e9csk\u00e1n sz\u00fcletett, jezsuita, egyetemi tan\u00e1r Szegeden. \u0150 volt az egyetem katolikus pedag\u00f3gia professzora. Klebelsberg nevezte ki. Van, aki szerint az\u00e9rt, mert mindketten Magyarp\u00e9csk\u00e1n sz\u00fclettek, de erre semmif\u00e9le t\u00e1rgyi bizony\u00edt\u00e9k sincs.<\/p>\n<p style=\"text-align: center;\" align=\"justify\"><img loading=\"lazy\" decoding=\"async\" class=\"aligncenter size-full wp-image-4135\" src=\"https:\/\/nagyistvan.pecska.ro\/wp-content\/uploads\/2017\/12\/Mester-eml\u00e9kt\u00e1bla.jpg\" alt=\"\" width=\"1181\" height=\"1246\" \/><\/p>\n<p align=\"justify\">Nagy Oszk\u00e1r szint\u00e9n Magyarp\u00e9csk\u00e1n sz\u00fcletett. Le\u00e1nyanya gyermeke volt. \u00e9s a Nagyb\u00e1nyai Fest\u0151iskola jeles k\u00e9pvisel\u0151je volt. Az \u0151 eml\u00e9kt\u00e1bl\u00e1ja 2015-ben lett elhelyezve. Napjainkban \u0151 a legv\u00e1s\u00e1roltabb nagyb\u00e1nyai fest\u0151.<\/p>\n<p style=\"text-align: center;\" align=\"justify\"><img loading=\"lazy\" decoding=\"async\" class=\"aligncenter size-full wp-image-4136\" src=\"https:\/\/nagyistvan.pecska.ro\/wp-content\/uploads\/2017\/12\/NagyO-eml\u00e9kt\u00e1bla.jpg\" alt=\"\" width=\"1181\" height=\"1208\" \/><\/p>\n<p align=\"justify\">Klebelsberg eml\u00e9k\u00e9t a fent felsoroltakkal egy\u00fctt igyeksz\u00fcnk \u00e1polni. \u00c9venk\u00e9nt volt Klebelsberg-napunk. Ezeket az eml\u00e9kt\u00e1bl\u00e1kon szerepl\u0151k hol egyik\u00e9nek, hol m\u00e1sik\u00e1nak szentelt\u00fck. De volt magyar k\u00f6z\u00e9lethez k\u00f6t\u0151d\u0151 is.<\/p>\n<p style=\"text-align: center;\" align=\"justify\"><img loading=\"lazy\" decoding=\"async\" class=\"aligncenter size-full wp-image-4141\" src=\"https:\/\/nagyistvan.pecska.ro\/wp-content\/uploads\/2017\/12\/Megh\u00edv\u00f3-Klebelsberg-napra-2005nov19.jpg\" alt=\"\" width=\"2362\" height=\"1171\" \/><\/p>\n<p style=\"text-align: center;\" align=\"justify\"><img loading=\"lazy\" decoding=\"async\" class=\"aligncenter size-full wp-image-4142\" src=\"https:\/\/nagyistvan.pecska.ro\/wp-content\/uploads\/2017\/12\/Klebelsberg-nap-2005nov19.jpg\" alt=\"\" width=\"2362\" height=\"2175\" \/><\/p>\n<p align=\"center\">Cionca Arghir Iustin Marinel polg\u00e1rmester, Klebelsberg \u00c9va, Nagy Istv\u00e1n<\/p>\n<p align=\"center\"><img loading=\"lazy\" decoding=\"async\" class=\"aligncenter size-full wp-image-4145\" src=\"https:\/\/nagyistvan.pecska.ro\/wp-content\/uploads\/2017\/12\/Megh\u00edv\u00f3-Klebelsberg-napra-2008nov29.jpg\" alt=\"\" width=\"2592\" height=\"1735\" \/><\/p>\n<p align=\"center\"><img loading=\"lazy\" decoding=\"async\" class=\"aligncenter size-full wp-image-4146\" src=\"https:\/\/nagyistvan.pecska.ro\/wp-content\/uploads\/2017\/12\/Klebelsberg-nap-2008nov29.jpg\" alt=\"\" width=\"3008\" height=\"2000\" \/><\/p>\n<p align=\"center\"><img loading=\"lazy\" decoding=\"async\" class=\"aligncenter size-full wp-image-4148\" src=\"https:\/\/nagyistvan.pecska.ro\/wp-content\/uploads\/2017\/12\/Megh\u00edv\u00f3-Klebelsberg-napra-2009nov7.jpg\" alt=\"\" width=\"2173\" height=\"1133\" \/><\/p>\n<p align=\"center\"><img loading=\"lazy\" decoding=\"async\" class=\"aligncenter size-full wp-image-4149\" src=\"https:\/\/nagyistvan.pecska.ro\/wp-content\/uploads\/2017\/12\/Klebelsberg-nap-2009nov7.jpg\" alt=\"\" width=\"3008\" height=\"2000\" \/><\/p>\n<p align=\"center\"><em>Barna G\u00e1bor, Cz\u00e9g\u00e9nyi D\u00f3ra, Nagy Istv\u00e1n, P\u00e9ter L\u00e1szl\u00f3, Sz\u0171cs Zolt\u00e1n<\/em><\/p>\n<p align=\"center\"><img loading=\"lazy\" decoding=\"async\" class=\"aligncenter size-full wp-image-4151\" src=\"https:\/\/nagyistvan.pecska.ro\/wp-content\/uploads\/2017\/12\/Megh\u00edv\u00f3-Klebelsberg-napra-2010nov6.jpg\" alt=\"\" width=\"2276\" height=\"1278\" \/><\/p>\n<p align=\"center\"><img loading=\"lazy\" decoding=\"async\" class=\"aligncenter size-full wp-image-4150\" src=\"https:\/\/nagyistvan.pecska.ro\/wp-content\/uploads\/2017\/12\/Klebelsberg-nap-2010nov06.jpg\" alt=\"\" width=\"3072\" height=\"2048\" \/><\/p>\n<p align=\"center\"><em>Kir\u00e1ly \u00c1rp\u00e1d, Bella Ibolya, Czegl\u00e9di Ferenc, Pakott G\u00e9za, Horv\u00e1th L\u00e1szl\u00f3<\/em><\/p>\n<p align=\"center\"><img loading=\"lazy\" decoding=\"async\" class=\"aligncenter size-full wp-image-4153\" src=\"https:\/\/nagyistvan.pecska.ro\/wp-content\/uploads\/2017\/12\/Megh\u00edv\u00f3-Klebelsberg-napra-2011nov26.jpg\" alt=\"\" width=\"2590\" height=\"1640\" \/><\/p>\n<p align=\"center\"><img loading=\"lazy\" decoding=\"async\" class=\"aligncenter size-full wp-image-4152\" src=\"https:\/\/nagyistvan.pecska.ro\/wp-content\/uploads\/2017\/12\/Klebelsberg-nap-2011nov26.jpg\" alt=\"\" width=\"3264\" height=\"2176\" \/><\/p>\n<p align=\"center\"><em>Nagy Istv\u00e1n, Kir\u00e1ly Andr\u00e1s, Pellegrini Mikl\u00f3s, Juh\u00e1sz B\u00e9la<\/em><\/p>\n<p align=\"center\"><img loading=\"lazy\" decoding=\"async\" class=\"aligncenter size-full wp-image-4155\" src=\"https:\/\/nagyistvan.pecska.ro\/wp-content\/uploads\/2017\/12\/Megh\u00edv\u00f3-Klebelsberg-napra-2012nov17.jpg\" alt=\"\" width=\"2435\" height=\"1743\" \/><\/p>\n<p align=\"center\"><img loading=\"lazy\" decoding=\"async\" class=\"aligncenter size-full wp-image-4154\" src=\"https:\/\/nagyistvan.pecska.ro\/wp-content\/uploads\/2017\/12\/Klebelsberg-nap-2012nov17.jpg\" alt=\"\" width=\"2362\" height=\"1570\" \/><\/p>\n<p align=\"center\"><img loading=\"lazy\" decoding=\"async\" class=\"aligncenter size-full wp-image-4157\" src=\"https:\/\/nagyistvan.pecska.ro\/wp-content\/uploads\/2017\/12\/Megh\u00edv\u00f3-Klebelsberg-napra-2013nov23.jpg\" alt=\"\" width=\"2750\" height=\"2157\" \/><\/p>\n<p align=\"center\"><img loading=\"lazy\" decoding=\"async\" class=\"aligncenter size-full wp-image-4156\" src=\"https:\/\/nagyistvan.pecska.ro\/wp-content\/uploads\/2017\/12\/Klebelsberg-nap-2013nov23.jpg\" alt=\"\" width=\"1772\" height=\"1178\" \/><\/p>\n<p align=\"center\"><em>Bede Bacsilla Eszter, Simon M. Veronika, Kollmann Gy\u00f6rgy<\/em><\/p>\n<p align=\"center\"><img loading=\"lazy\" decoding=\"async\" class=\"aligncenter size-full wp-image-4172\" src=\"https:\/\/nagyistvan.pecska.ro\/wp-content\/uploads\/2017\/12\/Erd\u0151si-K\u00e1roly-el\u0151ad-4.jpg\" alt=\"\" width=\"1772\" height=\"1168\" \/><\/p>\n<p align=\"center\"><em>Erd\u0151si K\u00e1roly el\u0151ad<\/em><\/p>\n<p align=\"center\"><img loading=\"lazy\" decoding=\"async\" class=\"aligncenter size-full wp-image-4159\" src=\"https:\/\/nagyistvan.pecska.ro\/wp-content\/uploads\/2017\/12\/Megh\u00edv\u00f3-Klebelsberg-napra-2014nov22.jpg\" alt=\"\" width=\"2204\" height=\"1931\" \/><\/p>\n<p align=\"center\"><img loading=\"lazy\" decoding=\"async\" class=\"aligncenter size-full wp-image-4158\" src=\"https:\/\/nagyistvan.pecska.ro\/wp-content\/uploads\/2017\/12\/Klebelsberg-nap-2014nov22.jpg\" alt=\"\" width=\"640\" height=\"480\" \/><\/p>\n<p align=\"center\"><em>Kir\u00e1ly Andr\u00e1s, Cziszter K\u00e1lm\u00e1n, Hossz\u00fa Zolt\u00e1n, Bogn\u00e1r Levente, Nagy Istv\u00e1n<\/em><\/p>\n<p align=\"center\"><img loading=\"lazy\" decoding=\"async\" class=\"aligncenter size-full wp-image-4161\" src=\"https:\/\/nagyistvan.pecska.ro\/wp-content\/uploads\/2017\/12\/Megh\u00edv\u00f3-Klebelsberg-napra-2016nov19.jpg\" alt=\"\" width=\"2480\" height=\"1872\" \/><\/p>\n<p align=\"center\"><img loading=\"lazy\" decoding=\"async\" class=\"aligncenter size-full wp-image-4160\" src=\"https:\/\/nagyistvan.pecska.ro\/wp-content\/uploads\/2017\/12\/Klebelsbern-nap-2016nov19.jpg\" alt=\"\" width=\"2382\" height=\"1585\" \/><\/p>\n<p align=\"justify\">Volt, hogy a Klebelsberg-napra elk\u00e9sz\u00fclt az el\u0151z\u0151 \u00e9vi esem\u00e9ny el\u0151ad\u00e1sait tartalmaz\u00f3 Klebelsberg-napi f\u00fczet.<\/p>\n<p style=\"text-align: center;\" align=\"justify\"><img loading=\"lazy\" decoding=\"async\" class=\"aligncenter size-full wp-image-4170\" src=\"https:\/\/nagyistvan.pecska.ro\/wp-content\/uploads\/2017\/12\/Klebelsberg-napi-f\u00fczetek.jpg\" alt=\"\" width=\"2362\" height=\"825\" \/><\/p>\n<p align=\"justify\">Klebelsberg eml\u00e9k\u00e9t P\u00e9csk\u00e1n nem csak p\u00e9cskaiak \u00e1polj\u00e1k, hanem m\u00e1shonnan \u00e9rkez\u0151k is. T\u00edz \u00e9v \u00f3ta minden \u00e9vben elj\u00f6n egy mak\u00f3i csoport, hogy sz\u00fclet\u00e9s\u00e9nek \u00e9vfordul\u00f3j\u00e1n megkoszor\u00fazza szobr\u00e1t, eml\u00e9kt\u00e1bl\u00e1j\u00e1t. Vezet\u0151j\u00fck a n\u00e9hai Mendei \u00c1rp\u00e1d volt. Hely\u00e9t \u00fajabban a Szibrik Mikl\u00f3s Egyes\u00fclet eln\u00f6ke, Forg\u00f3 G\u00e9za vette \u00e1t.<\/p>\n<p style=\"text-align: center;\" align=\"justify\"><img loading=\"lazy\" decoding=\"async\" class=\"aligncenter size-full wp-image-4162\" src=\"https:\/\/nagyistvan.pecska.ro\/wp-content\/uploads\/2017\/12\/Mak\u00f3iak-2017.jpg\" alt=\"\" width=\"1024\" height=\"576\" \/><\/p>\n<p align=\"justify\">2009-ben volt ott Kor\u00e9nyi Zolt\u00e1n \u00e9s feles\u00e9ge Pesthidegk\u00fatr\u00f3l.<\/p>\n<p style=\"text-align: center;\" align=\"justify\"><img loading=\"lazy\" decoding=\"async\" class=\"aligncenter size-full wp-image-4163\" src=\"https:\/\/nagyistvan.pecska.ro\/wp-content\/uploads\/2017\/12\/Klebelsberg-nap-2009nov7b.jpg\" alt=\"\" width=\"1417\" height=\"945\" \/><\/p>\n<p align=\"justify\">2009-ben mi is voltunk Pesthidegk\u00faton, amikor B\u00faza Barna Klebelsberg-szobr\u00e1t avatt\u00e1k a Klebelsberg Kult\u00fark\u00faria kertj\u00e9ben.<\/p>\n<p style=\"text-align: center;\" align=\"justify\"><img loading=\"lazy\" decoding=\"async\" class=\"aligncenter size-full wp-image-4164\" src=\"https:\/\/nagyistvan.pecska.ro\/wp-content\/uploads\/2017\/12\/Klebelsberg-szoboravat\u00f3-2009j\u00fan21.jpg\" alt=\"\" width=\"1362\" height=\"2043\" \/><\/p>\n<p align=\"justify\">2013-ban Erd\u0151si K\u00e1roly tartott el\u0151ad\u00e1st Klebelsbergr\u0151l, P\u00e9csk\u00e1n. Akkor kapta a p\u00e9cskai magyar iskola Simon M. Veronika Klebelsberg-portr\u00e9j\u00e1t, \u00e9s m\u00e9g egy festm\u00e9ny\u00e9t. Ezeket a pesthidegk\u00fati Kollmann Gy\u00f6rgynek is k\u00f6sz\u00f6nhetj\u00fck.<\/p>\n<p style=\"text-align: center;\" align=\"justify\"><img loading=\"lazy\" decoding=\"async\" class=\"aligncenter size-full wp-image-4167\" src=\"https:\/\/nagyistvan.pecska.ro\/wp-content\/uploads\/2017\/12\/Bede-Bacsilla-Eszter-Kollmann-Gy\u00f6rgy-Simon-M.-Veronika-1.jpg\" alt=\"\" width=\"1772\" height=\"1178\" \/><\/p>\n<p style=\"text-align: center;\" align=\"justify\"><em>Bede Bacsilla Eszter iskolaigazgat\u00f3,\u00a0Simon M. Veronika \u00e9s k\u00e9pei, Kollmann Gy\u00f6rgy<\/em><\/p>\n<p align=\"justify\">Klebelsberg hangja egyetlen egy felv\u00e9telen hallhat\u00f3. Az, hogy kiker\u00fclt a budapesti r\u00e1di\u00f3 arch\u00edvum\u00e1b\u00f3l nekem is k\u00f6sz\u00f6nhet\u0151. Am\u00edg \u2013 kezdem\u00e9nyez\u00e9semre \u2013 nem vetette ki onnan a Pusk\u00e1s Tivadar T\u00e1vk\u00f6zl\u00e9si Technikum igazgat\u00f3ja, Dr. Horv\u00e1th L\u00e1szl\u00f3, addig semmilyen Klebelsberges filmen vagy hangos riportban nem volt hallhat\u00f3. Az \u00f3ta felhaszn\u00e1lj\u00e1k.<\/p>\n<p align=\"justify\">V\u00e9gezet\u00fcl hallgassuk Klebelsberg Kunonak a tanul\u00f3 ifj\u00fas\u00e1ghoz int\u00e9zett besz\u00e9d\u00e9t, 1928-b\u00f3l:<\/p>\n<audio class=\"wp-audio-shortcode\" id=\"audio-4103-1\" preload=\"none\" style=\"width: 100%;\" controls=\"controls\"><source type=\"audio\/mpeg\" src=\"https:\/\/nagyistvan.pecska.ro\/wp-content\/uploads\/2017\/12\/Klebersberg-hangfelv\u00e9tel-besz\u00e9d-a-tanul\u00f3-ifj\u00fas\u00e1ghoz-1928.mp3?_=1\" \/><a href=\"https:\/\/nagyistvan.pecska.ro\/wp-content\/uploads\/2017\/12\/Klebersberg-hangfelv\u00e9tel-besz\u00e9d-a-tanul\u00f3-ifj\u00fas\u00e1ghoz-1928.mp3\">https:\/\/nagyistvan.pecska.ro\/wp-content\/uploads\/2017\/12\/Klebersberg-hangfelv\u00e9tel-besz\u00e9d-a-tanul\u00f3-ifj\u00fas\u00e1ghoz-1928.mp3<\/a><\/audio>\n","protected":false},"excerpt":{"rendered":"<p>A 2017. november 18-\u00e1n Pesthidegk\u00faton tartott el\u0151ad\u00e1som szerkesztett v\u00e1ltozata. \u2013 Dr. Erd\u0151si K\u00e1roly: A ma d\u00e9lut\u00e1ni utols\u00f3, m\u00e1r nem el\u0151ad\u00e1st \u2013 ismerve az \u0151 gondolatait, legal\u00e1bbis azt mondhatom, voltam Magyarp\u00e9csk\u00e1n vend\u00e9gek\u00e9nt \u2013, hanem valami eg\u00e9szen k\u00fcl\u00f6nleges m\u0171fajt fogunk hallani Nagy Istv\u00e1nt\u00f3l. El\u0151ad\u00e1s\u00e1nak c\u00edme: Klebelsberg \u00e9s P\u00e9cska, akkor \u00e9s most. Hallgassuk szeretettel Magyarp\u00e9cska k\u00fcld\u00f6tt\u00e9t. Nagyon szenved\u00e9lyes &hellip; <a href=\"https:\/\/nagyistvan.pecska.ro\/?p=4103\" class=\"more-link\"><span class=\"screen-reader-text\">Klebelsberg \u00e9s P\u00e9cska, akkor \u00e9s most<\/span> r\u00e9szletei&#8230;<\/a><\/p>\n","protected":false},"author":2,"featured_media":0,"comment_status":"open","ping_status":"open","sticky":false,"template":"","format":"standard","meta":{"footnotes":""},"categories":[1],"tags":[],"class_list":["post-4103","post","type-post","status-publish","format-standard","hentry","category-nincs-kategorizalva"],"_links":{"self":[{"href":"https:\/\/nagyistvan.pecska.ro\/index.php?rest_route=\/wp\/v2\/posts\/4103","targetHints":{"allow":["GET"]}}],"collection":[{"href":"https:\/\/nagyistvan.pecska.ro\/index.php?rest_route=\/wp\/v2\/posts"}],"about":[{"href":"https:\/\/nagyistvan.pecska.ro\/index.php?rest_route=\/wp\/v2\/types\/post"}],"author":[{"embeddable":true,"href":"https:\/\/nagyistvan.pecska.ro\/index.php?rest_route=\/wp\/v2\/users\/2"}],"replies":[{"embeddable":true,"href":"https:\/\/nagyistvan.pecska.ro\/index.php?rest_route=%2Fwp%2Fv2%2Fcomments&post=4103"}],"version-history":[{"count":8,"href":"https:\/\/nagyistvan.pecska.ro\/index.php?rest_route=\/wp\/v2\/posts\/4103\/revisions"}],"predecessor-version":[{"id":4320,"href":"https:\/\/nagyistvan.pecska.ro\/index.php?rest_route=\/wp\/v2\/posts\/4103\/revisions\/4320"}],"wp:attachment":[{"href":"https:\/\/nagyistvan.pecska.ro\/index.php?rest_route=%2Fwp%2Fv2%2Fmedia&parent=4103"}],"wp:term":[{"taxonomy":"category","embeddable":true,"href":"https:\/\/nagyistvan.pecska.ro\/index.php?rest_route=%2Fwp%2Fv2%2Fcategories&post=4103"},{"taxonomy":"post_tag","embeddable":true,"href":"https:\/\/nagyistvan.pecska.ro\/index.php?rest_route=%2Fwp%2Fv2%2Ftags&post=4103"}],"curies":[{"name":"wp","href":"https:\/\/api.w.org\/{rel}","templated":true}]}}