{"id":3718,"date":"2013-11-30T09:48:20","date_gmt":"2013-11-30T07:48:20","guid":{"rendered":"http:\/\/nagyistvan.pecska.ro\/?p=3718"},"modified":"2013-11-30T10:20:06","modified_gmt":"2013-11-30T08:20:06","slug":"pecskaiak-rokon-lelkek-magyarok","status":"publish","type":"post","link":"https:\/\/nagyistvan.pecska.ro\/?p=3718","title":{"rendered":"P\u00e9cskaiak, rokon lelkek, magyarok"},"content":{"rendered":"<p>2005. \u00f3ta az Arad megyei P\u00e9csk\u00e1n novemberben \u00e9vente van Klebelsberg-nap. Id\u00e9n Orm\u00f3s Zsigmondra figyelt\u00fcnk, de Klebelsberg Kunot sem feledt\u00fck. Jobbn\u00e1l jobb el\u0151ad\u00e1sok hangzottak el. Az eddigi rendezv\u00e9nyek \u00e1lland\u00f3 r\u00e9sztvev\u0151je, Irh\u00e1zi J\u00e1nos \u00fajs\u00e1g\u00edr\u00f3 szerint \u201enagyon sz\u00ednvonalas volt\u201d. Az elhangzott el\u0151ad\u00e1sok: Szekerny\u00e9s J\u00e1nos, helyt\u00f6rt\u00e9n\u00e9sz, m\u0171kritikus, irodalom- \u00e9s m\u0171vel\u0151d\u00e9st\u00f6rt\u00e9n\u00e9sz, \u00fajs\u00e1g\u00edr\u00f3, szerkeszt\u0151 \u2013 <i>A szabadelv\u0171s\u00e9g \u00e9s a m\u0171v\u00e9szetek elk\u00f6telezettje. 200 esztendeje P\u00e9csk\u00e1n j\u00f6tt a vil\u00e1gra Orm\u00f3s Zsigmond<\/i>, Mikl\u00f3sik Ilona, muzeol\u00f3gus m\u0171v\u00e9szett\u00f6rt\u00e9n\u00e9sz \u2013 <i>Orm\u00f3s Zsigmond csal\u00e1dja, az ember \u00e9s az int\u00e9zm\u00e9nyteremt\u0151, <\/i>Bod\u00f3 Barna, docens politol\u00f3gus, Sapientia Erd\u00e9lyi Magyar Tudom\u00e1nyegyetem \u2013 <i>Orm\u00f3s Zsigmond temesi szerepl\u00e9se \u00e9s politikusi p\u00e1ly\u00e1ja \u00e9s <\/i>Dr. Erd\u0151si K\u00e1roly, a pesthidegk\u00fati Klebelsberg Kuno Eml\u00e9kt\u00e1rsas\u00e1g \u00fcgyvezet\u0151 eln\u00f6ke \u2013 <i>Nemzeti \u00f6nismeret \u2013 Klebelsberg \u00f6r\u00f6ks\u00e9ge<\/i>. A rendezv\u00e9ny r\u00e9sztvev\u0151i megkapt\u00e1k a 2012-es Klebelsberg-nap el\u0151ad\u00e1sait tartalmaz\u00f3 <a href=\"http:\/\/nagyistvan.pecska.ro\/wp-content\/uploads\/2013\/11\/Klebelsberg-napi-f%C3%BCzet-2013-A5net.pdf\">Klebelsberg-napi f\u00fczetek 3. k\u00f6t<\/a>et\u00e9t.<\/p>\n<p style=\"text-align: center;\"><a href=\"http:\/\/nagyistvan.pecska.ro\/wp-content\/uploads\/2013\/11\/Orm\u00f3s-Zsigmond-portr\u00e9ja-Id.-Vastagh-Gy\u00f6rgy-festm\u00e9nye-a-temesv\u00e1ri-k\u00e9pt\u00e1rban.jpg\"><img loading=\"lazy\" decoding=\"async\" class=\"alignnone size-medium wp-image-3719\" alt=\"Orm\u00f3s Zsigmond portr\u00e9ja,  Id. Vastagh Gy\u00f6rgy festm\u00e9nye - a temesv\u00e1ri k\u00e9pt\u00e1rban\" src=\"http:\/\/nagyistvan.pecska.ro\/wp-content\/uploads\/2013\/11\/Orm\u00f3s-Zsigmond-portr\u00e9ja-Id.-Vastagh-Gy\u00f6rgy-festm\u00e9nye-a-temesv\u00e1ri-k\u00e9pt\u00e1rban-223x300.jpg\" width=\"223\" height=\"300\" srcset=\"https:\/\/nagyistvan.pecska.ro\/wp-content\/uploads\/2013\/11\/Orm\u00f3s-Zsigmond-portr\u00e9ja-Id.-Vastagh-Gy\u00f6rgy-festm\u00e9nye-a-temesv\u00e1ri-k\u00e9pt\u00e1rban-223x300.jpg 223w, https:\/\/nagyistvan.pecska.ro\/wp-content\/uploads\/2013\/11\/Orm\u00f3s-Zsigmond-portr\u00e9ja-Id.-Vastagh-Gy\u00f6rgy-festm\u00e9nye-a-temesv\u00e1ri-k\u00e9pt\u00e1rban-761x1024.jpg 761w\" sizes=\"auto, (max-width: 223px) 100vw, 223px\" \/><\/a><\/p>\n<p style=\"text-align: center;\">Orm\u00f3s Zsigmond portr\u00e9ja,\u00a0 Id. Vastagh Gy\u00f6rgy festm\u00e9nye &#8211; a temesv\u00e1ri k\u00e9pt\u00e1rban<\/p>\n<p style=\"text-align: center;\"><a href=\"http:\/\/nagyistvan.pecska.ro\/wp-content\/uploads\/2013\/11\/Pusk\u00e1s-Klebelsberg-szobor.jpg\"><img loading=\"lazy\" decoding=\"async\" class=\"alignnone size-medium wp-image-3720\" alt=\"Pusk\u00e1s-Klebelsberg-szobor\" src=\"http:\/\/nagyistvan.pecska.ro\/wp-content\/uploads\/2013\/11\/Pusk\u00e1s-Klebelsberg-szobor-252x300.jpg\" width=\"252\" height=\"300\" srcset=\"https:\/\/nagyistvan.pecska.ro\/wp-content\/uploads\/2013\/11\/Pusk\u00e1s-Klebelsberg-szobor-252x300.jpg 252w, https:\/\/nagyistvan.pecska.ro\/wp-content\/uploads\/2013\/11\/Pusk\u00e1s-Klebelsberg-szobor-860x1024.jpg 860w, https:\/\/nagyistvan.pecska.ro\/wp-content\/uploads\/2013\/11\/Pusk\u00e1s-Klebelsberg-szobor.jpg 968w\" sizes=\"auto, (max-width: 252px) 100vw, 252px\" \/><\/a><\/p>\n<p style=\"text-align: center;\">Jecza P\u00e9ter Klebelsberg-szobra P\u00e9csk\u00e1n<!--more--><\/p>\n<p>Klebelsberg-nap, mert az \u00e1llamf\u00e9rfi, minden id\u0151k legnagyobb magyar kult\u00farpolitikusa Magyarp\u00e9csk\u00e1n sz\u00fcletett 1875-ben. Osztr\u00e1k apja, Gr\u00f3f Klebelsberg Jakab, akkor \u00e9ppen itt volt husz\u00e1rsz\u00e1zados. Nincs k\u00e9t \u00e9ves, amikor \u00e1rv\u00e1n marad, mert a lovasbalesetet szenvedett apja m\u00e1sf\u00e9l \u00e9v szenved\u00e9s ut\u00e1n belehal s\u00e9r\u00fcl\u00e9s\u00e9be. Nem k\u00f6veti apja csal\u00e1dj\u00e1nak hagyom\u00e1ny\u00e1t, \u00e9s nem lesz katona. \u00c9desanyja dun\u00e1nt\u00fali magyar kisnemes csal\u00e1dj\u00e1ban n\u0151tt f\u00f6l majd a sz\u00e9kesfeh\u00e9rv\u00e1ri ciszterci gimn\u00e1ziumban tanult, ahonnan budapesti, m\u00fcncheni, b\u00e9csi, p\u00e1rizsi egyetemeken lett jog\u00e1sz tud\u00f3ss\u00e1.<\/p>\n<p>Orm\u00f3s Zsigmond is Magyarp\u00e9csk\u00e1n sz\u00fcletett, 1823-ban. A k\u00f6zhivatalnok csal\u00e1d sarja itt j\u00e1r elemi iskol\u00e1ba. A k\u00f6zhivatalnok, gyermektelen nagyb\u00e1tyja, Orm\u00f3s Andr\u00e1s, \u00f6r\u00f6kbe fogadja, \u00e9s temesv\u00e1ri majd szegedi piarist\u00e1kn\u00e1l tan\u00edttatja. A nagyv\u00e1radi jogakad\u00e9mi\u00e1n lesz jog\u00e1ssz\u00e1.<\/p>\n<p>Klebelsberg, gr\u00f3fs\u00e1g\u00e1nak is k\u00f6sz\u00f6nhet\u0151en, az egyetem elv\u00e9gz\u00e9se ut\u00e1n korm\u00e1nyhivatalt kap a minisztereln\u00f6ks\u00e9gen. . Feladata a hat\u00e1ron t\u00fali, a korabeli Magyar Kir\u00e1lys\u00e1gon k\u00edv\u00fcl \u00e9l\u0151 magyarok oktat\u00e1s\u00e1nak megszervez\u00e9se. 1904-t\u0151l a Szlav\u00f3ni\u00e1ban tev\u00e9kenyked\u0151 Juli\u00e1n Egyes\u00fclet eln\u00f6ke, amelynek alap\u00edt\u00e1sakor Tisza Istv\u00e1n minisztereln\u00f6k azt mondta, hogy a kiv\u00e1ndorolt \u00e9s a sz\u00f3rv\u00e1nyban porlad\u00f3 magyars\u00e1gnak a megseg\u00edt\u00e9se term\u00e9szetes k\u00f6teless\u00e9ge a mindenkori magyar korm\u00e1nynak. Az eredm\u00e9ny: 1913-ban, az utols\u00f3 b\u00e9ke\u00e9vben a magyar ajk\u00fa iskolak\u00f6teles koroszt\u00e1lynak m\u00e1r 90 %-a anyanyelv\u0171 iskol\u00e1ba j\u00e1r Horv\u00e1torsz\u00e1gban. 1913-t\u00f3l p\u00e9ldak\u00e9p\u00e9nek, Gr\u00f3f Tisza Istv\u00e1nnak a korm\u00e1ny\u00e1ban k\u00fcl\u00fcgyi \u00e9s nemzetis\u00e9gi k\u00e9rd\u00e9sekkel foglalkozott. Klebelsberg 1916-t\u00f3l 1932-ben bek\u00f6vetkezett hal\u00e1l\u00e1ig orsz\u00e1ggy\u0171l\u00e9si k\u00e9pvisel\u0151.<\/p>\n<p>Orm\u00f3s Zsigmond tanulm\u00e1nyai ut\u00e1n Temes megyei pozsonyi kisk\u00f6vet lesz, ahol K\u00f6lcsey Ferenc a p\u00e9ldak\u00e9pe. Egyik \u00e9letre h\u00edv\u00f3ja, tev\u00e9keny \u00e9lharcosa az 1834-ben a szabadelv\u0171 orsz\u00e1ggy\u0171l\u00e9si ifj\u00fas\u00e1g \u00e1ltal megalap\u00edtott T\u00e1rsalkod\u00e1si Egyletnek. K\u00f6vetkezetes, konokul elvh\u0171, a f\u00fcggetlens\u00e9ghez \u00e9s a liber\u00e1lis eszm\u00e9khez rend\u00edthetetlen\u00fcl ragaszkod\u00f3. Cikkeket, \u00e9rtekez\u00e9seket \u00e9s elbesz\u00e9l\u00e9seket \u00edrt. 1836-ban Temes megye tiszteletbeli aljegyz\u0151je, 1838-ban fizet\u00e9ses megyei aljegyz\u0151, 1841-ben r\u00e9k\u00e1si szolgab\u00edr\u00f3, 1846-t\u00f3l Buzi\u00e1son szolgab\u00edr\u00f3.<\/p>\n<p>Klebelsberg az alaposan el\u0151k\u00e9sz\u00edtett, k\u00f6r\u00fcltekint\u0151en elv\u00e9gzett munk\u00e1ban hitt. Huszti J\u00f3zsef, 1942-ben megjelent <i>Gr\u00f3f Klebelsberg Kuno \u00e9letm\u0171ve <\/i>c\u00edm\u0171 k\u00f6nyv\u00e9ben \u00edrta:<i> <\/i>\u00ab1902-ben vagyunk: Klebelsberg 27 \u00e9ves. Panaszkodik, hogy m\u00e9g ny\u00e1ron is nagyon sok dolga volt a hivatalban, s \u00edgy nem k\u00e9sz\u00fclhetett fel kell\u0151 alaposs\u00e1ggal az \u00fatra. \u2026 \u201eMinden utaz\u00e1s h\u00e1rom r\u00e9szb\u0151l kell, hogy \u00e1lljon: az el\u0151tanulm\u00e1nyokb\u00f3l, mag\u00e1b\u00f3l az \u00fatb\u00f3l s az ut\u00f3tanulm\u00e1nyokb\u00f3l.\u201d Ez alkalommal szerinte az el\u0151tanulm\u00e1nyok a nagy elfoglalts\u00e1g miatt \u201erosszul\u201d siker\u00fcltek. De mivel nem volt Klebelsberg megel\u00e9gedve? \u201eBurckhardt g\u00f6r\u00f6g m\u0171vel\u0151d\u00e9st\u00f6rt\u00e9net\u00e9b\u0151l csak k\u00e9t k\u00f6tetet tudtam befejezni, a harmadik, mely m\u00e1r megjelent, novemberre marad. Curtius nagy m\u0171v\u00e9ben alig jutottam el a dor v\u00e1ndorl\u00e1sig; a hi\u00e1nyt egy n\u00e9met k\u00f6z\u00e9piskolai tank\u00f6nyvvel p\u00f3toltam.\u201d Csak annak \u00f6r\u00fcl s azzal vigasztal\u00f3dik, hogy eddigi \u00fatjain l\u00e1tni mar megtanult: \u201es ez sem olyan k\u00f6nny\u0171, mint sokan gondolj\u00e1k.\u201d Azt rem\u00e9li, hogy a harmadik szakasz, a k\u00e9rd\u00e9sek ut\u00f3lagos tanulm\u00e1nyoz\u00e1sa, majd zavartalanabb lesz, s \u00edgy alaposabban siker\u00fcl.\u00bb<\/p>\n<p>Orm\u00f3s eg\u00e9sz \u00e9let\u00e9ben keveset aludt, napi 4-5 \u00f3r\u00e1t, \u00e9s a t\u00f6bbi id\u0151t munk\u00e1val t\u00f6lt\u00f6tte. Kisk\u00f6vetk\u00e9nt, vagyis jog\u00e1sz gyakornokk\u00e9nt a megy\u00e9nek k\u00fcld\u00f6tt jelent\u00e9seit k\u00e9t p\u00e9ld\u00e1nyban \u00edrta, penn\u00e1val, tint\u00e1val, t\u00f6bbnyire \u00e9jjel. Egyet az \u0151t kik\u00fcld\u0151 hivatalnak, a m\u00e1sikat f\u00f6lnevel\u0151 nagyb\u00e1tyj\u00e1nak. Sokat utazott, \u00edgy szedte \u00f6ssze az \u00e1ltala alap\u00edtott Temesv\u00e1ri K\u00e9pt\u00e1r gy\u0171jtem\u00e9ny\u00e9nek m\u00e1ig alapj\u00e1t k\u00e9pez\u0151 igen \u00e9rt\u00e9kes festm\u00e9ny-, d\u00edszt\u00e1rgy gy\u0171jtem\u00e9ny\u00e9t. Utaz\u00e1sai nyom\u00e1n \u00edrta meg az 1860-1863 k\u00f6z\u00f6tt megjelent hat k\u00f6tetes <i>Utaz\u00e1si eml\u00e9kek<\/i>, vagy az 1883-ban kiadott, mindm\u00e1ig n\u00e9lk\u00fcl\u00f6zhetetlen <i>\u00c1rp\u00e1dkori m\u0171vel\u0151d\u00e9s\u00fcnk t\u00f6rt\u00e9nete<\/i> c\u00edm\u0171 m\u0171v\u00e9t. Nappal v\u00e9gezte hivatali munk\u00e1j\u00e1t, \u00e9jjeli \u00e9brenl\u00e9t\u00e9t a m\u0171v\u00e9szett\u00f6rt\u00e9netnek \u00e9s a sz\u00e9p\u00edr\u00e1snak szentelte.<\/p>\n<p>Klebelsberg a k\u00f6zhivatalnoki rangl\u00e9tra v\u00e9gigj\u00e1r\u00e1sa ut\u00e1n politikusk\u00e9nt is nagyon nagyot alkotott. A Hothy Mikl\u00f3s \u2013 Gr\u00f3f Bethlen Istv\u00e1n \u2013 Gr\u00f3f Klebelsberg Kuno tirumvir\u00e1tus tagja volt. N\u00e9lk\u00fcl\u00fck Magyarorsz\u00e1g nem heverhette volna ki az I. vil\u00e1gh\u00e1bor\u00fa anyagi vesztes\u00e9geit, \u00e9s nem t\u00e9rt volna mag\u00e1hoz a Trianon okozta lelki s\u00e9r\u00fcl\u00e9sb\u0151l. 1919-ben Bethlennel kereszt\u00e9ny p\u00e1rtot szervez. 1921-ben p\u00e1rtonk\u00edv\u00fclik\u00e9nt lett bel\u00fcgyminiszter. 1922-t\u0151l a frissen alakult Egys\u00e9ges P\u00e1rt politikusak\u00e9nt lett k\u00e9pvisel\u0151, majd 1922-t\u0151l v\u00e9gig, 1931. augusztus 24-\u00e9ig a Bethlen-korm\u00e1ny vall\u00e1s- \u00e9s k\u00f6zoktat\u00e1s\u00fcgyi minisztere.<\/p>\n<p>Orm\u00f3s Zsigmond els\u0151sorban k\u00f6zhivatalnok volt, de abban politikusnak is els\u0151rend\u0171. Ugyanis kezelni tudta a soknemzetis\u00e9g\u0171 Temesk\u00f6z, ha \u00fagy tetszik B\u00e1ns\u00e1g megannyi ebb\u0151l ad\u00f3d\u00f3 helyzet\u00e9t. 1860 \u0151sz\u00e9n Temes megye f\u0151jegyz\u0151v\u00e9 v\u00e1lasztotta, 1866-ban a v\u00e1rmegye alisp\u00e1nj\u00e1nak, 1871-ben f\u0151isp\u00e1nnak v\u00e1lasztott\u00e1k, amib\u0151l 76 \u00e9vesen, 1889-ben mentett\u00e9k f\u00f6l.<\/p>\n<p>Klebelsberg els\u0151rend\u0171 feladatnak tartotta a magyars\u00e1g kultur\u00e1lis sz\u00ednvonal\u00e1nak emel\u00e9s\u00e9t, \u00e9s szellemi teljes\u00edtm\u00e9ny\u00e9nek fokoz\u00e1s\u00e1t. Ezt a c\u00e9lt szolg\u00e1lta neonacionalizmusa, aminek egy k\u00f6tetnyi \u00edr\u00e1st szentelt. Egyik megfogalmaz\u00e1sa: \u201e<i>Mert mit \u00e9rtek \u00e9n neonacionalizmus alatt?<\/i><\/p>\n<p><i>A pozit\u00edv, az akt\u00edv, a produkt\u00edv, a konstrukt\u00edv emberek szolidarit\u00e1s\u00e1t; a munk\u00e1s, az alkot\u00f3 emberek szent \u00f6sszefog\u00e1s\u00e1t a rombad\u0151lt haza \u00fajj\u00e1\u00e9p\u00edt\u00e9s\u00e9nek nagyszer\u0171 munk\u00e1j\u00e1ban; \u00f6ntudatos \u00f6sszefog\u00e1st a kritika t\u00falteng\u00e9seivel, a hiperkritik\u00e1val \u00e9s \u00e1ltal\u00e1ban a negat\u00edv emberekkel szemben, mert ha a negat\u00edv emberek befoly\u00e1sa a k\u00f6zv\u00e9lem\u00e9nyben fel\u00fclkerekedn\u00e9k, ez v\u00e9gzetesen meg\u00e1ll\u00edtan\u00e1 a nemzetet a modern halad\u00e1s \u00fatj\u00e1n. A neonacionalizmus a kor\u00e1bbi id\u0151k sz\u00f3nokl\u00f3, \u00fcnnepl\u0151, civ\u00f3d\u00f3 \u00e9s keserg\u0151 hazaszeretet\u00e9vel szemben a munk\u00e1s hazaszeretetet hangs\u00falyozza. \u00c9p \u00fagy szembesz\u00e1ll a jogosulatlan \u00f6n\u00e1m\u00edt\u00e1ssal, mint a nemzet \u00f6nbizalm\u00e1nak kishit\u0171 lefokoz\u00e1s\u00e1val; \u00e9p \u00fagy szembesz\u00e1ll a naiv optimist\u00e1kkal, mint a balj\u00f3sokkal \u00e9s a k\u00e9ts\u00e9gbees\u00e9s apostolaival.<\/i>\u201d<\/p>\n<p>Orm\u00f3s t\u00f6rt\u00e9nelmi \u00e9s r\u00e9g\u00e9szeti m\u00fazeum-t\u00e1rsulatot szervezett, amely k\u00f6zgy\u0171jtem\u00e9ny\u00e9nek alapj\u00e1t az \u0151 igen gazdag festm\u00e9ny-, metszet-, \u00e9rme-, porcel\u00e1n-, k\u00f6nyv- \u00e9s k\u00e9ziratgy\u0171jtem\u00e9nye k\u00e9pezte, \u00e9s ma is ma is a temesv\u00e1ri m\u00fazeumok alapkollekci\u00f3jak\u00e9nt tartj\u00e1k sz\u00e1mon. T\u00e1mogatta a m\u0171v\u00e9szeteket. V\u00e9gtelen\u00fcl szer\u00e9ny \u00e9s elhivatott volt. 1871. m\u00e1jus 15.-\u00e9s mondta: \u00ab<i>Az \u00e9rdem \u00f6n\u00f6k\u00e9, enyim a jutalom. Zsenge ifj\u00fas\u00e1gom \u00f3ta \u2026 minden kit\u00fcntet\u00e9st, mely a k\u00f6z\u00e9let p\u00e1ly\u00e1j\u00e1n \u00e9rt \u2026 a tekintetes megyei k\u00f6z\u00f6ns\u00e9g kegyess\u00e9g\u00e9nek k\u00f6sz\u00f6nhetem. \u2026 Mindazon sikert, melyet k\u00f6z\u00fcgyeink ter\u00e9n kiv\u00edvtam \u2026 \u00a0\u00d6n\u00f6kkel \u00f6sszhangz\u00e1sban \u2026 voltam szerencs\u00e9s el\u00e9rni. \u2026 S a megy\u00e9nek \u2026 kedvez\u0151 h\u00edrnev\u00e9t \u2026 ezen megye tisztikara, \u2026 tisztvisel\u0151t\u00e1rsaim k\u00f6zrem\u0171k\u00f6d\u00e9s\u00e9nek k\u00f6sz\u00f6nhetem. \u2026 Hogy \u2026 n\u00e9mi megismer\u00e9st kiv\u00edvtunk, mind ez \u00d6n\u00f6k m\u0171ve Uraim, nem az enyim, ki csak egyes napsz\u00e1mos val\u00e9k, ki csak arra voltam hivatva: hogy sz\u00e1ndokaikat a lehet\u0151s\u00e9gig \u00e9rv\u00e9nyes\u00edtsem.\u2026 A nemzet \u2026 \u00e9rdekei saj\u00e1t legjobb meggy\u0151z\u0151d\u00e9semmel megegyeznek, t\u00e1mogat\u00e1som \u2026 bens\u0151 \u00f6szt\u00f6nz\u00e9sb\u0151l sz\u00e1rmazik. \u2026 Mint f\u0151isp\u00e1n az \u00edrott t\u00f6rv\u00e9nyre hivatkozom&#8230; Megy\u00e9nk saj\u00e1ts\u00e1gos helyzet\u00e9t, melyben a vall\u00e1sfelekezetek \u00e9s nemzetis\u00e9gek oly nagy v\u00e1ltozatoss\u00e1gban, de \u00f6rvendetes egyet\u00e9rt\u00e9sben testv\u00e9riesen megf\u00e9rnek elj\u00e1r\u00e1saimban mindenkor figyelemben veendem\u2026. Egy honnak polg\u00e1rai s ugyanazon f\u00f6ldnek lak\u00f3i vagyunk mindny\u00e1jan; s \u00e9n a honpolg\u00e1rokat nem nemzetis\u00e9g\u00fck, hanem erk\u00f6lcsi \u00e9rv\u00e9ny\u00fck szerint oszt\u00e1lyozom. Egyik nemzetis\u00e9get a m\u00e1sik rov\u00e1s\u00e1ra kegyelni a hon legszentebb \u00e9rdekeit s\u00e9rt\u0151 b\u0171nnek tekintem. \u2026 Mint f\u0151isp\u00e1n t\u00f6rekv\u00e9sem oda van ir\u00e1nyozva, hogy p\u00e1ly\u00e1m v\u00e9g\u00e9n polg\u00e1rt\u00e1rsaim eml\u00e9kemet e h\u00e1rom sz\u00f3ban meg\u00f6r\u00f6k\u00edts\u00e9k: \u201etev\u00e9keny, igazs\u00e1gos \u00e9s hazafi volt.\u201c\u00bb<\/i><\/p>\n<p>Orm\u00f3s \u00e9s Klebelsberg is hitte \u00e9s m\u0171velte a t\u00e1j\u00e9koztat\u00e1st. Mindketten folyamatosan \u00edrtak a megjelen\u0151 lapokban. Tudt\u00e1k, \u00e9s koruk eszk\u00f6zeivel, meggy\u0151z\u0151d\u00e9ssel m\u0171velt\u00e9k a nyilv\u00e1noss\u00e1got. Rokon lelkek voltak.<\/p>\n<p><span style=\"color: #800000;\"><em>Szerkesztett v\u00e1ltozata megjelent az <a href=\"http:\/\/erdelyinaplo.ro\/aktualis\/osszeallitasok\/pecskaiak-rokon-lelkek-magyarok\"><span style=\"color: #800000;\">Erd\u00e9lyi Napl\u00f3ban<\/span><\/a><\/em><\/span>.<\/p>\n","protected":false},"excerpt":{"rendered":"<p>2005. \u00f3ta az Arad megyei P\u00e9csk\u00e1n novemberben \u00e9vente van Klebelsberg-nap. Id\u00e9n Orm\u00f3s Zsigmondra figyelt\u00fcnk, de Klebelsberg Kunot sem feledt\u00fck. Jobbn\u00e1l jobb el\u0151ad\u00e1sok hangzottak el. Az eddigi rendezv\u00e9nyek \u00e1lland\u00f3 r\u00e9sztvev\u0151je, Irh\u00e1zi J\u00e1nos \u00fajs\u00e1g\u00edr\u00f3 szerint \u201enagyon sz\u00ednvonalas volt\u201d. Az elhangzott el\u0151ad\u00e1sok: Szekerny\u00e9s J\u00e1nos, helyt\u00f6rt\u00e9n\u00e9sz, m\u0171kritikus, irodalom- \u00e9s m\u0171vel\u0151d\u00e9st\u00f6rt\u00e9n\u00e9sz, \u00fajs\u00e1g\u00edr\u00f3, szerkeszt\u0151 \u2013 A szabadelv\u0171s\u00e9g \u00e9s a m\u0171v\u00e9szetek elk\u00f6telezettje. &hellip; <a href=\"https:\/\/nagyistvan.pecska.ro\/?p=3718\" class=\"more-link\"><span class=\"screen-reader-text\">P\u00e9cskaiak, rokon lelkek, magyarok<\/span> r\u00e9szletei&#8230;<\/a><\/p>\n","protected":false},"author":2,"featured_media":0,"comment_status":"open","ping_status":"open","sticky":false,"template":"","format":"standard","meta":{"footnotes":""},"categories":[1],"tags":[],"class_list":["post-3718","post","type-post","status-publish","format-standard","hentry","category-nincs-kategorizalva"],"_links":{"self":[{"href":"https:\/\/nagyistvan.pecska.ro\/index.php?rest_route=\/wp\/v2\/posts\/3718","targetHints":{"allow":["GET"]}}],"collection":[{"href":"https:\/\/nagyistvan.pecska.ro\/index.php?rest_route=\/wp\/v2\/posts"}],"about":[{"href":"https:\/\/nagyistvan.pecska.ro\/index.php?rest_route=\/wp\/v2\/types\/post"}],"author":[{"embeddable":true,"href":"https:\/\/nagyistvan.pecska.ro\/index.php?rest_route=\/wp\/v2\/users\/2"}],"replies":[{"embeddable":true,"href":"https:\/\/nagyistvan.pecska.ro\/index.php?rest_route=%2Fwp%2Fv2%2Fcomments&post=3718"}],"version-history":[{"count":2,"href":"https:\/\/nagyistvan.pecska.ro\/index.php?rest_route=\/wp\/v2\/posts\/3718\/revisions"}],"predecessor-version":[{"id":3722,"href":"https:\/\/nagyistvan.pecska.ro\/index.php?rest_route=\/wp\/v2\/posts\/3718\/revisions\/3722"}],"wp:attachment":[{"href":"https:\/\/nagyistvan.pecska.ro\/index.php?rest_route=%2Fwp%2Fv2%2Fmedia&parent=3718"}],"wp:term":[{"taxonomy":"category","embeddable":true,"href":"https:\/\/nagyistvan.pecska.ro\/index.php?rest_route=%2Fwp%2Fv2%2Fcategories&post=3718"},{"taxonomy":"post_tag","embeddable":true,"href":"https:\/\/nagyistvan.pecska.ro\/index.php?rest_route=%2Fwp%2Fv2%2Ftags&post=3718"}],"curies":[{"name":"wp","href":"https:\/\/api.w.org\/{rel}","templated":true}]}}