{"id":2504,"date":"2013-04-15T21:44:15","date_gmt":"2013-04-15T19:44:15","guid":{"rendered":"http:\/\/nagyistvan.pecska.ro\/?p=2504"},"modified":"2013-04-15T21:46:12","modified_gmt":"2013-04-15T19:46:12","slug":"pecskai-magyar-nap","status":"publish","type":"post","link":"https:\/\/nagyistvan.pecska.ro\/?p=2504","title":{"rendered":"P\u00e9cskai Magyar Nap"},"content":{"rendered":"<p>Elm\u00falt az els\u0151 P\u00e9cskai Magyar nap.<\/p>\n<p>T\u00f6bb besz\u00e1mol\u00f3 el\u00e9rhet\u0151 a vil\u00e1gh\u00e1l\u00f3n az <a href=\"http:\/\/www.aradihirek.ro\/2013\/04\/13\/magyar-pecskaiak-napja.html\">Aradi h\u00edrekben<\/a> \u00e9s a <a href=\"http:\/\/www.nyugatijelen.com\/jelenido\/az_egyuttlet_orome_pecskan.php\">Nyugati Jelenben<\/a>.<\/p>\n<p>Az alkalomra kiadt\u00e1k a P\u00e9cskai \u00c9let els\u0151 sz\u00e1m\u00e1t is.<\/p>\n<p><a href=\"http:\/\/nagyistvan.pecska.ro\/wp-content\/uploads\/2013\/04\/P\u00e9cskai-\u00e9let-fejl\u00e9c.jpg\"><img loading=\"lazy\" decoding=\"async\" class=\"aligncenter size-medium wp-image-2511\" alt=\"P\u00e9cskai \u00e9let  fejl\u00e9c\" src=\"http:\/\/nagyistvan.pecska.ro\/wp-content\/uploads\/2013\/04\/P\u00e9cskai-\u00e9let-fejl\u00e9c-300x81.jpg\" width=\"300\" height=\"81\" srcset=\"https:\/\/nagyistvan.pecska.ro\/wp-content\/uploads\/2013\/04\/P\u00e9cskai-\u00e9let-fejl\u00e9c-300x81.jpg 300w, https:\/\/nagyistvan.pecska.ro\/wp-content\/uploads\/2013\/04\/P\u00e9cskai-\u00e9let-fejl\u00e9c-1024x279.jpg 1024w\" sizes=\"auto, (max-width: 300px) 100vw, 300px\" \/><\/a><\/p>\n<p>Az els\u0151 oldal a lapot kiad\u00f3 M-KIDSZ-\u00e9\u00e9s az RMDSZ-\u00e9.<!--more--><\/p>\n<p><a href=\"http:\/\/nagyistvan.pecska.ro\/wp-content\/uploads\/2013\/04\/P\u00e9cskai-\u00e9let-2013-01-01.jpg\"><img loading=\"lazy\" decoding=\"async\" class=\"aligncenter size-medium wp-image-2505\" alt=\"P\u00e9cskai \u00e9let  2013 01-01\" src=\"http:\/\/nagyistvan.pecska.ro\/wp-content\/uploads\/2013\/04\/P\u00e9cskai-\u00e9let-2013-01-01-211x300.jpg\" width=\"211\" height=\"300\" srcset=\"https:\/\/nagyistvan.pecska.ro\/wp-content\/uploads\/2013\/04\/P\u00e9cskai-\u00e9let-2013-01-01-211x300.jpg 211w, https:\/\/nagyistvan.pecska.ro\/wp-content\/uploads\/2013\/04\/P\u00e9cskai-\u00e9let-2013-01-01-721x1024.jpg 721w\" sizes=\"auto, (max-width: 211px) 100vw, 211px\" \/><\/a>A m\u00e1sodik oldalra Zab\u00e1n Anik\u00f3 tan\u00edt\u00f3 magyar iskol\u00e1ba h\u00edv\u00f3 sorai, valamint K\u00f6les Katalin magyartan\u00e1r m\u00e1rcius 15-ei besz\u00e9de olvashat\u00f3.<\/p>\n<p><a href=\"http:\/\/nagyistvan.pecska.ro\/wp-content\/uploads\/2013\/04\/P\u00e9cskai-\u00e9let-2013-01-02.jpg\"><img loading=\"lazy\" decoding=\"async\" class=\"aligncenter size-medium wp-image-2506\" alt=\"P\u00e9cskai \u00e9let  2013 01-02\" src=\"http:\/\/nagyistvan.pecska.ro\/wp-content\/uploads\/2013\/04\/P\u00e9cskai-\u00e9let-2013-01-02-218x300.jpg\" width=\"218\" height=\"300\" srcset=\"https:\/\/nagyistvan.pecska.ro\/wp-content\/uploads\/2013\/04\/P\u00e9cskai-\u00e9let-2013-01-02-218x300.jpg 218w, https:\/\/nagyistvan.pecska.ro\/wp-content\/uploads\/2013\/04\/P\u00e9cskai-\u00e9let-2013-01-02-744x1024.jpg 744w\" sizes=\"auto, (max-width: 218px) 100vw, 218px\" \/><\/a><\/p>\n<p>A harmadik oldalra a hamarosan megkezd\u0151d\u0151 p\u00e9cskai szennyv\u00edz-h\u00e1l\u00f3zat \u00e9p\u00edt\u00e9sr\u0151l \u00e9s a K\u0151r\u00f6si Csoma tant\u00e1rgyverseny orsz\u00e1gos d\u00f6nt\u0151j\u00e9re eljutott k\u00e9t p\u00e9cskai r\u00e9sztvev\u0151r\u0151l olvashatunk, de itt van az idei p\u00e9cskai-tornyai magyar esem\u00e9nynapt\u00e1r is.<\/p>\n<p><a href=\"http:\/\/nagyistvan.pecska.ro\/wp-content\/uploads\/2013\/04\/P\u00e9cskai-\u00e9let-2013-01-03.jpg\"><img loading=\"lazy\" decoding=\"async\" class=\"aligncenter size-medium wp-image-2507\" alt=\"P\u00e9cskai \u00e9let  2013 01-03\" src=\"http:\/\/nagyistvan.pecska.ro\/wp-content\/uploads\/2013\/04\/P\u00e9cskai-\u00e9let-2013-01-03-218x300.jpg\" width=\"218\" height=\"300\" srcset=\"https:\/\/nagyistvan.pecska.ro\/wp-content\/uploads\/2013\/04\/P\u00e9cskai-\u00e9let-2013-01-03-218x300.jpg 218w, https:\/\/nagyistvan.pecska.ro\/wp-content\/uploads\/2013\/04\/P\u00e9cskai-\u00e9let-2013-01-03-744x1024.jpg 744w\" sizes=\"auto, (max-width: 218px) 100vw, 218px\" \/><\/a><\/p>\n<p>A negyedik oldal helyt\u00f6rt\u00e9neti vonatkoz\u00e1s\u00fa, pontosabban h\u00e1rom P\u00e9csk\u00e1hoz k\u00f6t\u0151d\u0151, K\u00e1lm\u00e1ny Lajos \u00e1ltal gy\u0171jt\u00f6tt Attila-monda olvashat\u00f3.<\/p>\n<p>Az esem\u00e9nysorra r\u00e1telepedett a minden\u00fctt az \u00f6sszefog\u00e1sr\u00f3l papol\u00f3, de gyakorlat\u00e1ban kirekeszt\u0151 RMDSZ.<\/p>\n<p><a href=\"http:\/\/nagyistvan.pecska.ro\/wp-content\/uploads\/2013\/04\/DSC_3661.jpg\"><img loading=\"lazy\" decoding=\"async\" class=\"aligncenter size-medium wp-image-2508\" alt=\"DSC_3661\" src=\"http:\/\/nagyistvan.pecska.ro\/wp-content\/uploads\/2013\/04\/DSC_3661-300x199.jpg\" width=\"300\" height=\"199\" srcset=\"https:\/\/nagyistvan.pecska.ro\/wp-content\/uploads\/2013\/04\/DSC_3661-300x199.jpg 300w, https:\/\/nagyistvan.pecska.ro\/wp-content\/uploads\/2013\/04\/DSC_3661-1024x680.jpg 1024w\" sizes=\"auto, (max-width: 300px) 100vw, 300px\" \/><\/a><\/p>\n<p>Csak rem\u00e9nykedhet\u00fcnk, hogy j\u00f6v\u0151re val\u00f3ban magyar \u00f6sszefog\u00e1ssal szervez\u0151dik majd az akkori P\u00e9cskai Magyar Nap, \u00e9s nem csak 50-en lesznek k\u00edv\u00e1ncsiak a rendezv\u00e9nyre.<\/p>\n<p><a href=\"http:\/\/nagyistvan.pecska.ro\/wp-content\/uploads\/2013\/04\/DSC_3669.jpg\"><img loading=\"lazy\" decoding=\"async\" class=\"aligncenter size-medium wp-image-2509\" alt=\"DSC_3669\" src=\"http:\/\/nagyistvan.pecska.ro\/wp-content\/uploads\/2013\/04\/DSC_3669-300x133.jpg\" width=\"300\" height=\"133\" srcset=\"https:\/\/nagyistvan.pecska.ro\/wp-content\/uploads\/2013\/04\/DSC_3669-300x133.jpg 300w, https:\/\/nagyistvan.pecska.ro\/wp-content\/uploads\/2013\/04\/DSC_3669-1024x457.jpg 1024w\" sizes=\"auto, (max-width: 300px) 100vw, 300px\" \/><\/a><\/p>\n","protected":false},"excerpt":{"rendered":"<p>Elm\u00falt az els\u0151 P\u00e9cskai Magyar nap. T\u00f6bb besz\u00e1mol\u00f3 el\u00e9rhet\u0151 a vil\u00e1gh\u00e1l\u00f3n az Aradi h\u00edrekben \u00e9s a Nyugati Jelenben. Az alkalomra kiadt\u00e1k a P\u00e9cskai \u00c9let els\u0151 sz\u00e1m\u00e1t is. Az els\u0151 oldal a lapot kiad\u00f3 M-KIDSZ-\u00e9\u00e9s az RMDSZ-\u00e9.<\/p>\n","protected":false},"author":2,"featured_media":0,"comment_status":"open","ping_status":"open","sticky":false,"template":"","format":"standard","meta":{"footnotes":""},"categories":[1],"tags":[],"class_list":["post-2504","post","type-post","status-publish","format-standard","hentry","category-nincs-kategorizalva"],"_links":{"self":[{"href":"https:\/\/nagyistvan.pecska.ro\/index.php?rest_route=\/wp\/v2\/posts\/2504","targetHints":{"allow":["GET"]}}],"collection":[{"href":"https:\/\/nagyistvan.pecska.ro\/index.php?rest_route=\/wp\/v2\/posts"}],"about":[{"href":"https:\/\/nagyistvan.pecska.ro\/index.php?rest_route=\/wp\/v2\/types\/post"}],"author":[{"embeddable":true,"href":"https:\/\/nagyistvan.pecska.ro\/index.php?rest_route=\/wp\/v2\/users\/2"}],"replies":[{"embeddable":true,"href":"https:\/\/nagyistvan.pecska.ro\/index.php?rest_route=%2Fwp%2Fv2%2Fcomments&post=2504"}],"version-history":[{"count":4,"href":"https:\/\/nagyistvan.pecska.ro\/index.php?rest_route=\/wp\/v2\/posts\/2504\/revisions"}],"predecessor-version":[{"id":2514,"href":"https:\/\/nagyistvan.pecska.ro\/index.php?rest_route=\/wp\/v2\/posts\/2504\/revisions\/2514"}],"wp:attachment":[{"href":"https:\/\/nagyistvan.pecska.ro\/index.php?rest_route=%2Fwp%2Fv2%2Fmedia&parent=2504"}],"wp:term":[{"taxonomy":"category","embeddable":true,"href":"https:\/\/nagyistvan.pecska.ro\/index.php?rest_route=%2Fwp%2Fv2%2Fcategories&post=2504"},{"taxonomy":"post_tag","embeddable":true,"href":"https:\/\/nagyistvan.pecska.ro\/index.php?rest_route=%2Fwp%2Fv2%2Ftags&post=2504"}],"curies":[{"name":"wp","href":"https:\/\/api.w.org\/{rel}","templated":true}]}}