{"id":2499,"date":"2013-04-07T22:02:55","date_gmt":"2013-04-07T20:02:55","guid":{"rendered":"http:\/\/nagyistvan.pecska.ro\/?p=2499"},"modified":"2013-04-08T06:42:57","modified_gmt":"2013-04-08T04:42:57","slug":"ki-a-magyar-egy-felvideki-vita-szerint","status":"publish","type":"post","link":"https:\/\/nagyistvan.pecska.ro\/?p=2499","title":{"rendered":"Ki a magyar &#8211; egy felvid\u00e9ki vita szerint"},"content":{"rendered":"<p>2012. m\u00e1jusa \u00e9s novembere k\u00f6z\u00f6tt a szlov\u00e1kiai <a href=\"http:\/\/ujszo.com\/\">\u00daj Sz\u00f3<\/a> napilap <a href=\"http:\/\/ujszo.com\/napilap\/szalon\">Szalon<\/a> mell\u00e9klet\u00e9ben jelent meg egy 34 r\u00e9szes vitasorozat arr\u00f3l, hogy ki a magyar. A 34 \u00edr\u00e1s egyik m\u00e1sik r\u00e9sz\u00e9hez a vil\u00e1gh\u00e1l\u00f3n az azt olvas\u00f3k is hozz\u00e1sz\u00f3ltak.<\/p>\n<p>A vit\u00e1r\u00f3l Tam\u00e1s P\u00e1l szociol\u00f3gus \u00edrt egy <a href=\"http:\/\/www.kerekasztal.org\/2013\/04\/tamas-pal-a-szlovakiai-ki-a-magyar-vita\/\">\u00f6sszefoglal\u00f3<\/a> elemz\u00e9st.<\/p>\n<p>\u00d6sszegy\u0171jt\u00f6ttem a vita teljes anyag\u00e1t, a hozz\u00e1sz\u00f3l\u00e1sokkal egy\u00fctt, \u00e9s <a href=\"http:\/\/nagyistvan.pecska.ro\/letoltesek\/A_szlovakiai_Ki_a_magyar_vita.pdf\">innen<\/a> t\u00f6lthetik le az \u00e9rdekl\u0151d\u0151k.<\/p>\n","protected":false},"excerpt":{"rendered":"<p>2012. m\u00e1jusa \u00e9s novembere k\u00f6z\u00f6tt a szlov\u00e1kiai \u00daj Sz\u00f3 napilap Szalon mell\u00e9klet\u00e9ben jelent meg egy 34 r\u00e9szes vitasorozat arr\u00f3l, hogy ki a magyar. A 34 \u00edr\u00e1s egyik m\u00e1sik r\u00e9sz\u00e9hez a vil\u00e1gh\u00e1l\u00f3n az azt olvas\u00f3k is hozz\u00e1sz\u00f3ltak. A vit\u00e1r\u00f3l Tam\u00e1s P\u00e1l szociol\u00f3gus \u00edrt egy \u00f6sszefoglal\u00f3 elemz\u00e9st. \u00d6sszegy\u0171jt\u00f6ttem a vita teljes anyag\u00e1t, a hozz\u00e1sz\u00f3l\u00e1sokkal egy\u00fctt, \u00e9s innen &hellip; <a href=\"https:\/\/nagyistvan.pecska.ro\/?p=2499\" class=\"more-link\"><span class=\"screen-reader-text\">Ki a magyar &#8211; egy felvid\u00e9ki vita szerint<\/span> r\u00e9szletei&#8230;<\/a><\/p>\n","protected":false},"author":2,"featured_media":0,"comment_status":"open","ping_status":"open","sticky":false,"template":"","format":"standard","meta":{"footnotes":""},"categories":[1],"tags":[],"class_list":["post-2499","post","type-post","status-publish","format-standard","hentry","category-nincs-kategorizalva"],"_links":{"self":[{"href":"https:\/\/nagyistvan.pecska.ro\/index.php?rest_route=\/wp\/v2\/posts\/2499","targetHints":{"allow":["GET"]}}],"collection":[{"href":"https:\/\/nagyistvan.pecska.ro\/index.php?rest_route=\/wp\/v2\/posts"}],"about":[{"href":"https:\/\/nagyistvan.pecska.ro\/index.php?rest_route=\/wp\/v2\/types\/post"}],"author":[{"embeddable":true,"href":"https:\/\/nagyistvan.pecska.ro\/index.php?rest_route=\/wp\/v2\/users\/2"}],"replies":[{"embeddable":true,"href":"https:\/\/nagyistvan.pecska.ro\/index.php?rest_route=%2Fwp%2Fv2%2Fcomments&post=2499"}],"version-history":[{"count":4,"href":"https:\/\/nagyistvan.pecska.ro\/index.php?rest_route=\/wp\/v2\/posts\/2499\/revisions"}],"predecessor-version":[{"id":2501,"href":"https:\/\/nagyistvan.pecska.ro\/index.php?rest_route=\/wp\/v2\/posts\/2499\/revisions\/2501"}],"wp:attachment":[{"href":"https:\/\/nagyistvan.pecska.ro\/index.php?rest_route=%2Fwp%2Fv2%2Fmedia&parent=2499"}],"wp:term":[{"taxonomy":"category","embeddable":true,"href":"https:\/\/nagyistvan.pecska.ro\/index.php?rest_route=%2Fwp%2Fv2%2Fcategories&post=2499"},{"taxonomy":"post_tag","embeddable":true,"href":"https:\/\/nagyistvan.pecska.ro\/index.php?rest_route=%2Fwp%2Fv2%2Ftags&post=2499"}],"curies":[{"name":"wp","href":"https:\/\/api.w.org\/{rel}","templated":true}]}}