{"id":236,"date":"2009-09-29T15:20:56","date_gmt":"2009-09-29T12:20:56","guid":{"rendered":"http:\/\/nagyistvan.pecska.ro\/?p=236"},"modified":"2010-03-23T16:55:13","modified_gmt":"2010-03-23T13:55:13","slug":"lauko-katalin","status":"publish","type":"post","link":"https:\/\/nagyistvan.pecska.ro\/?p=236","title":{"rendered":"Lauk\u00f3 Katalin"},"content":{"rendered":"<p><span style=\"color: #993300;\"><strong>R\u00f3la<\/strong><\/span><\/p>\n<p>1974 augusztus 23-\u00e1n sz\u00fcletett P\u00e9csk\u00e1n.<br \/>\n\u00c1ltal\u00e1nos iskol\u00e1ba P\u00e9csk\u00e1n \u00e9s Aradon j\u00e1rt.<br \/>\nAz \u00fajaradi 5-\u00f6s sz\u00e1m\u00fa Faipari Szakk\u00f6z\u00e9piskol\u00e1ban \u00e9retts\u00e9gizett.<br \/>\nAz Arad Megyei \u00d6nkorm\u00e1nyzat \u00e1ltal fenntartott M\u0171v\u00e9szetek N\u00e9pi Iskol\u00e1j\u00e1ban \u2013 \u015ecoala Popular\u0103 de Arte Arad \u2013 Kett-Groza J\u00e1nos fest\u00e9szeti oszt\u00e1ly\u00e1ban 1993 \u00e9s 1995 k\u00f6z\u00f6tt tanult, azt k\u00f6vet\u0151en ugyanott Cott Ioan grafikushoz j\u00e1rt egy \u00e9vig.<br \/>\n1996-t\u00f3l tagja az Aradi Ion Andreescu K\u00e9pz\u0151m\u0171v\u00e9szeti K\u00f6rnek, amelynek kollekt\u00edv t\u00e1rlatain rendszeresen jelentkezik.<br \/>\nEgy\u00e9ni t\u00e1rlata 1990 november 5-\u00e9t\u0151l P\u00e9csk\u00e1n, majd 2000. augusztus 30-\u00e1t\u00f3l, Aradon, a Forum teremben volt.<\/p>\n<p><span style=\"color: #800000;\"><strong>\u00d6nmag\u00e1r\u00f3l<\/strong><\/span><\/p>\n<p><span style=\"color: #800000;\"><em>A fest\u00e9s felt\u00e9tlen szeretete \u00e9s tisztelete a legrejtelmesebb dolog az \u00e9letemben, amely lehet\u0151s\u00e9get adott felfedezni a bennem rejl\u0151 vil\u00e1got. K\u00f6zelebb vitt \u00f6nmagam megismer\u00e9s\u00e9hez, \u00e9s meg\u00e9rt\u00e9s\u00e9hez.<br \/>\nSz\u00e1momra a fest\u00e9s bels\u0151 k\u00e9nyszer, amely utat mutat az \u00e9letben \u00e9s a m\u0171v\u00e9szetben egyar\u00e1nt.<br \/>\nM\u00e9ly tisztelettel tekintek a m\u0171v\u00e9szekre, akik el\u0151ttem j\u00e1rva tapostak ezen \u00e1ldott, ugyanakkor keskeny, akad\u00e1lyokkal teli \u00faton. Ezen az \u00faton mindig lehet tanulni valamit. B\u00e1r technikai tud\u00e1som kev\u00e9ske, minden jelentkez\u00e9sben l\u00e9p\u00e9sr\u0151l l\u00e9p\u00e9sre haladok el\u0151bbre.<br \/>\n\u00c9letemnek c\u00e9lja megmutatni k\u00f6z\u00f6ns\u00e9gemnek mindazon kultur\u00e1lis, hagyom\u00e1nyteremt\u0151 \u00e9rt\u00e9keket, amelyek mellett minden bizonnyal elmenn\u00e9nek mai rohan\u00f3 vil\u00e1gunkban.<\/em><\/span><br \/>\n<!--more--><br \/>\n<span style=\"color: #800000;\"><strong>M\u00e1sok r\u00f3la<\/strong><\/span><\/p>\n<p>A p\u00e9cskai Lauk\u00f3 Katalin, bizonys\u00e1\u00adg\u00e1t adta m\u00e1r vitathatatlan tehets\u00e9g\u00e9nek, fest\u0151i kvalit\u00e1sai\u00adnak, kifejez\u0151 erej\u0171, karakteres festm\u00e9nyeivel. Kedvenc sz\u00ednei: s\u00e1rga, z\u00f6ld, k\u00e9k \u00e9s piros, ezek \u00e1llnak legk\u00f6zelebb a sz\u00edv\u00e9hez, ezekkel tudja kifejezni legjobban azt, amit k\u00f6zvet\u00edteni akar k\u00e9peivel, mondta.<br \/>\nRagyog\u00f3 sz\u00ednekben megfestett k\u00e9pei b\u0171v\u00f6s er\u0151vel vonzz\u00e1k a tekintetet, k\u00e9pei vil\u00e1g\u00edtanak. Kort\u00e1rsainak munk\u00e1ss\u00e1g\u00e1t figyelve halad egy\u00e9ni st\u00edlus\u00e1nak kialak\u00edt\u00e1sa fel\u00e9.<br \/>\nA sz\u00e9les t\u00e9mak\u00f6r\u0171 festm\u00e9nyekb\u0151l \u2013 t\u00e1jk\u00e9pek, csend\u00e9letek, portr\u00e9k, kompoz\u00edci\u00f3k \u2013 \u00e1rad\u00f3 er\u0151s egy\u00e9nis\u00e9gre \u00e9s a konkr\u00e9t va\u00adl\u00f3s\u00e1g \u00e1br\u00e1zol\u00e1s\u00e1n t\u00falmutat\u00f3 bels\u0151 l\u00e9nyegre utaltak.<br \/>\nJ\u00f3 szeme van. K\u00e9peit sz\u00edngazdags\u00e1g \u00e9s \u00e9rzelmi tel\u00edt\u0151d\u00f6tts\u00e9g jellemzi.<br \/>\nK\u00e9pei mindig \u00e9rezni valami sejtelmest, valami kimondhatatlant, valamit, ami kiragadja a szem\u00e9lyt, a t\u00e1rgyat a h\u00e9tk\u00f6znapok sz\u00fcrkes\u00e9g\u00e9b\u0151l, az \u00e1tlagb\u00f3l, \u00e9s ez val\u00f3s m\u0171v\u00e9szi kvalit\u00e1sokra vall. Itt-ott m\u00e9g k\u00eds\u00e9rt a t\u00falfest\u00e9s, a r\u00e9szletekre val\u00f3 er\u0151teljes odafigyel\u00e9s.<br \/>\nSt\u00edlusban nem j\u00e1rt tan\u00e1ra nyomdokain, hanem keresi a maga saj\u00e1tos \u00f6nkifejez\u00e9si m\u00f3dj\u00e1t, eszk\u00f6zeit.<br \/>\nEr\u0151teljes ecset\u00adkezel\u00e9s\u0171, gazdag sz\u00ednvil\u00e1g\u00fa k\u00e9pei egy sz\u00fcntelen\u00fcl tanul\u00f3, \u00f6nmag\u00e1t k\u00e9pez\u0151, saj\u00e1tosan egy\u00e9ni kifejez\u00e9sm\u00f3dot keres\u0151 alkot\u00f3r\u00f3l \u00e1rulkodnak.<br \/>\nR\u00e1tal\u00e1lt arra az \u00fatra, amelyen \u00e9rdemes lesz haladnia. De csak akkor, ha a tanul\u00e1st egy pillanatra sem hagyja abba, mondta tan\u00e1ra, <strong>Kett Groza J\u00e1nos<\/strong>.<br \/>\n<strong>Dan L\u0103z\u0103rescu<\/strong> m\u0171kritikus v\u00e9lem\u00e9nye szerint Lauk\u00f3 Katalin k\u00e9pei biztat\u00f3 t\u00e1vlatokat sejtetnek. \u2014 Ha tov\u00e1bbra is ilyen b\u00e1tran, lend\u00fc\u00adletesen \u00e9s m\u00e9gis \u00e9rz\u00e9kenyen haszn\u00e1lja az ecsetet \u00e9s a sz\u00edneket \u00e9s tov\u00e1bbra is hasonl\u00f3 szorgalommal, term\u00e9kenys\u00e9g\u00adgel dolgozik, m\u00e9g sokat fogunk hallani r\u00f3la.<br \/>\n<strong>Rosa Jol\u00e1n<\/strong> fest\u0151m\u0171\u00adv\u00e9sz szerint egy\u00e9nis\u00e9g. Ecsetke\u00adzel\u00e9se, sz\u00ednkompoz\u00edci\u00f3ja mer\u00e9sz, er\u0151teljes. Azt hiszem tudatosan ker\u00fcli az olcs\u00f3 megold\u00e1sokat, nem akar \u00e9desk\u00e9s lenni sem kifejez\u00e9sm\u00f3dban, sem a sz\u00ed\u00adnekben. Nekem k\u00fcl\u00f6n\u00f6sen a csend\u00e9le\u00adtei \u00e9s a t\u00e1jk\u00e9pei tetszenek.<br \/>\nAz \u00edr\u00f3, k\u00f6lt\u0151 grafikus <strong>Amedeo Caftangioglu<\/strong> szerint Lauk\u00f3 Katalin egy\u00e9ni, \u00f6sszet\u00e9veszthetetlen szem\u00e9lyis\u00e9g\u0171 alkot\u00f3. Sz\u00ednv\u00e1laszt\u00e9ka f\u00e9nyl\u0151, \u00e9l\u0151, optimista, \u00fcnnepi \u00e9s sejtelmes, amely felvid\u00edtja a tekintetet, odafigyel\u00e9sre k\u00e9sztetve az ig\u00e9nyes gy\u0171jt\u0151t is. Tematik\u00e1ja egyszer\u0171 \u00e9s v\u00e1ltozatos, ihletforr\u00e1sa a k\u00f6zvetlen val\u00f3s\u00e1g, a t\u00e1j, a vir\u00e1gok, az emberek. Robban\u00f3 sz\u00ednekkel festett k\u00e9pein dr\u00e1mai fesz\u00fclts\u00e9gel teli dr\u00e1ma, fennk\u00f6lt monumentalizmus \u00e9rhet\u0151 tetten. K\u00e9peir\u0151l Piet Mondrain, Federico Felini, Csontv\u00e1ry Tivadar, Vincent van Gogh jut esz\u00fcnkbe.<\/p>\n<p><strong>K\u00e9pei<\/strong><\/p>\n<p>Az aradi <strong>Csiky Gergely Iskol\u00e1ban<\/strong>, a 2009. olt\u00f3ber 1-3-a k\u00f6z\u00f6tt tartand\u00f3 <strong>X. V\u00e9ndi\u00e1k-tal\u00e1lkoz\u00f3<\/strong> k\u00f6r\u00e9 szervezett <strong>Alma Mater-napok<\/strong>on 2-\u00e1n 17 \u00f3ra 30-kor a P\u00e9cskai K\u00e1lm\u00e1ny Lajos K\u00f6zm\u0171vel\u0151d\u00e9si Egyes\u00fclet k\u00f6zrem\u0171k\u00f6d\u00e9s\u00e9vel megny\u00edl\u00f3 ki\u00e1ll\u00edt\u00e1s 35 k\u00e9pe h\u0171 t\u00fckre fest\u0151i l\u00e1t\u00e1sm\u00f3dj\u00e1nak, haszn\u00e1lt eszk\u00f6zeinek \u00e9s munkam\u00f3dszer\u00e9nek.<\/p>\n<p><span style=\"color: #800000;\"><strong>A k\u00e9pek<\/strong>:<\/span><\/p>\n<div id='gallery-1' class='gallery galleryid-236 gallery-columns-2 gallery-size-thumbnail'><figure class='gallery-item'>\n\t\t\t<div class='gallery-icon portrait'>\n\t\t\t\t<a href='https:\/\/nagyistvan.pecska.ro\/wp-content\/uploads\/2009\/09\/01-Kompozicio-kenyerrel-es-szekkel.jpg'><img loading=\"lazy\" decoding=\"async\" width=\"150\" height=\"150\" src=\"https:\/\/nagyistvan.pecska.ro\/wp-content\/uploads\/2009\/09\/01-Kompozicio-kenyerrel-es-szekkel-150x150.jpg\" class=\"attachment-thumbnail size-thumbnail\" alt=\"\" \/><\/a>\n\t\t\t<\/div><\/figure><figure class='gallery-item'>\n\t\t\t<div class='gallery-icon landscape'>\n\t\t\t\t<a href='https:\/\/nagyistvan.pecska.ro\/wp-content\/uploads\/2009\/09\/02-Ketten-a-mezon.jpg'><img loading=\"lazy\" decoding=\"async\" width=\"150\" height=\"150\" src=\"https:\/\/nagyistvan.pecska.ro\/wp-content\/uploads\/2009\/09\/02-Ketten-a-mezon-150x150.jpg\" class=\"attachment-thumbnail size-thumbnail\" alt=\"\" \/><\/a>\n\t\t\t<\/div><\/figure><figure class='gallery-item'>\n\t\t\t<div class='gallery-icon portrait'>\n\t\t\t\t<a href='https:\/\/nagyistvan.pecska.ro\/wp-content\/uploads\/2009\/09\/03-Az-elet-metamorfozisa.jpg'><img loading=\"lazy\" decoding=\"async\" width=\"150\" height=\"150\" src=\"https:\/\/nagyistvan.pecska.ro\/wp-content\/uploads\/2009\/09\/03-Az-elet-metamorfozisa-150x150.jpg\" class=\"attachment-thumbnail size-thumbnail\" alt=\"\" \/><\/a>\n\t\t\t<\/div><\/figure><figure class='gallery-item'>\n\t\t\t<div class='gallery-icon landscape'>\n\t\t\t\t<a href='https:\/\/nagyistvan.pecska.ro\/wp-content\/uploads\/2009\/09\/04-Egi-kapu.jpg'><img loading=\"lazy\" decoding=\"async\" width=\"150\" height=\"150\" src=\"https:\/\/nagyistvan.pecska.ro\/wp-content\/uploads\/2009\/09\/04-Egi-kapu-150x150.jpg\" class=\"attachment-thumbnail size-thumbnail\" alt=\"\" \/><\/a>\n\t\t\t<\/div><\/figure><figure class='gallery-item'>\n\t\t\t<div class='gallery-icon landscape'>\n\t\t\t\t<a href='https:\/\/nagyistvan.pecska.ro\/wp-content\/uploads\/2009\/09\/05-Magasztos-pillanat.jpg'><img loading=\"lazy\" decoding=\"async\" width=\"150\" height=\"150\" src=\"https:\/\/nagyistvan.pecska.ro\/wp-content\/uploads\/2009\/09\/05-Magasztos-pillanat-150x150.jpg\" class=\"attachment-thumbnail size-thumbnail\" alt=\"\" \/><\/a>\n\t\t\t<\/div><\/figure><figure class='gallery-item'>\n\t\t\t<div class='gallery-icon portrait'>\n\t\t\t\t<a href='https:\/\/nagyistvan.pecska.ro\/wp-content\/uploads\/2009\/09\/06-A-pecskai-szerb-templom.jpg'><img loading=\"lazy\" decoding=\"async\" width=\"150\" height=\"150\" src=\"https:\/\/nagyistvan.pecska.ro\/wp-content\/uploads\/2009\/09\/06-A-pecskai-szerb-templom-150x150.jpg\" class=\"attachment-thumbnail size-thumbnail\" alt=\"\" \/><\/a>\n\t\t\t<\/div><\/figure><figure class='gallery-item'>\n\t\t\t<div class='gallery-icon landscape'>\n\t\t\t\t<a href='https:\/\/nagyistvan.pecska.ro\/wp-content\/uploads\/2009\/09\/07-Szekelykapu-Pecskan.jpg'><img loading=\"lazy\" decoding=\"async\" width=\"150\" height=\"150\" src=\"https:\/\/nagyistvan.pecska.ro\/wp-content\/uploads\/2009\/09\/07-Szekelykapu-Pecskan-150x150.jpg\" class=\"attachment-thumbnail size-thumbnail\" alt=\"\" \/><\/a>\n\t\t\t<\/div><\/figure><figure class='gallery-item'>\n\t\t\t<div class='gallery-icon portrait'>\n\t\t\t\t<a href='https:\/\/nagyistvan.pecska.ro\/wp-content\/uploads\/2009\/09\/08-Baratnok.jpg'><img loading=\"lazy\" decoding=\"async\" width=\"150\" height=\"150\" src=\"https:\/\/nagyistvan.pecska.ro\/wp-content\/uploads\/2009\/09\/08-Baratnok-150x150.jpg\" class=\"attachment-thumbnail size-thumbnail\" alt=\"\" \/><\/a>\n\t\t\t<\/div><\/figure><figure class='gallery-item'>\n\t\t\t<div class='gallery-icon landscape'>\n\t\t\t\t<a href='https:\/\/nagyistvan.pecska.ro\/wp-content\/uploads\/2009\/09\/09-Magyarpecskai-Altalanos-Iskola.jpg'><img loading=\"lazy\" decoding=\"async\" width=\"150\" height=\"150\" src=\"https:\/\/nagyistvan.pecska.ro\/wp-content\/uploads\/2009\/09\/09-Magyarpecskai-Altalanos-Iskola-150x150.jpg\" class=\"attachment-thumbnail size-thumbnail\" alt=\"\" \/><\/a>\n\t\t\t<\/div><\/figure><figure class='gallery-item'>\n\t\t\t<div class='gallery-icon portrait'>\n\t\t\t\t<a href='https:\/\/nagyistvan.pecska.ro\/wp-content\/uploads\/2009\/09\/10-Konnyezo-Krisztus.jpg'><img loading=\"lazy\" decoding=\"async\" width=\"150\" height=\"150\" src=\"https:\/\/nagyistvan.pecska.ro\/wp-content\/uploads\/2009\/09\/10-Konnyezo-Krisztus-150x150.jpg\" class=\"attachment-thumbnail size-thumbnail\" alt=\"\" \/><\/a>\n\t\t\t<\/div><\/figure><figure class='gallery-item'>\n\t\t\t<div class='gallery-icon portrait'>\n\t\t\t\t<a href='https:\/\/nagyistvan.pecska.ro\/wp-content\/uploads\/2009\/09\/11-Genezis.jpg'><img loading=\"lazy\" decoding=\"async\" width=\"150\" height=\"150\" src=\"https:\/\/nagyistvan.pecska.ro\/wp-content\/uploads\/2009\/09\/11-Genezis-150x150.jpg\" class=\"attachment-thumbnail size-thumbnail\" alt=\"\" \/><\/a>\n\t\t\t<\/div><\/figure><figure class='gallery-item'>\n\t\t\t<div class='gallery-icon landscape'>\n\t\t\t\t<a href='https:\/\/nagyistvan.pecska.ro\/wp-content\/uploads\/2009\/09\/12-Alom.jpg'><img loading=\"lazy\" decoding=\"async\" width=\"150\" height=\"150\" src=\"https:\/\/nagyistvan.pecska.ro\/wp-content\/uploads\/2009\/09\/12-Alom-150x150.jpg\" class=\"attachment-thumbnail size-thumbnail\" alt=\"\" \/><\/a>\n\t\t\t<\/div><\/figure><figure class='gallery-item'>\n\t\t\t<div class='gallery-icon landscape'>\n\t\t\t\t<a href='https:\/\/nagyistvan.pecska.ro\/wp-content\/uploads\/2009\/09\/13-A-titok.jpg'><img loading=\"lazy\" decoding=\"async\" width=\"150\" height=\"150\" src=\"https:\/\/nagyistvan.pecska.ro\/wp-content\/uploads\/2009\/09\/13-A-titok-150x150.jpg\" class=\"attachment-thumbnail size-thumbnail\" alt=\"\" \/><\/a>\n\t\t\t<\/div><\/figure><figure class='gallery-item'>\n\t\t\t<div class='gallery-icon portrait'>\n\t\t\t\t<a href='https:\/\/nagyistvan.pecska.ro\/wp-content\/uploads\/2009\/09\/14-Magany.jpg'><img loading=\"lazy\" decoding=\"async\" width=\"150\" height=\"150\" src=\"https:\/\/nagyistvan.pecska.ro\/wp-content\/uploads\/2009\/09\/14-Magany-150x150.jpg\" class=\"attachment-thumbnail size-thumbnail\" alt=\"\" \/><\/a>\n\t\t\t<\/div><\/figure><figure class='gallery-item'>\n\t\t\t<div class='gallery-icon portrait'>\n\t\t\t\t<a href='https:\/\/nagyistvan.pecska.ro\/wp-content\/uploads\/2009\/09\/15-Melankolia.jpg'><img loading=\"lazy\" decoding=\"async\" width=\"150\" height=\"150\" src=\"https:\/\/nagyistvan.pecska.ro\/wp-content\/uploads\/2009\/09\/15-Melankolia-150x150.jpg\" class=\"attachment-thumbnail size-thumbnail\" alt=\"\" \/><\/a>\n\t\t\t<\/div><\/figure><figure class='gallery-item'>\n\t\t\t<div class='gallery-icon landscape'>\n\t\t\t\t<a href='https:\/\/nagyistvan.pecska.ro\/wp-content\/uploads\/2009\/09\/16-Csendelet.jpg'><img loading=\"lazy\" decoding=\"async\" width=\"150\" height=\"150\" src=\"https:\/\/nagyistvan.pecska.ro\/wp-content\/uploads\/2009\/09\/16-Csendelet-150x150.jpg\" class=\"attachment-thumbnail size-thumbnail\" alt=\"\" \/><\/a>\n\t\t\t<\/div><\/figure><figure class='gallery-item'>\n\t\t\t<div class='gallery-icon portrait'>\n\t\t\t\t<a href='https:\/\/nagyistvan.pecska.ro\/wp-content\/uploads\/2009\/09\/17-Magyarpecskai-artezi-kut.jpg'><img loading=\"lazy\" decoding=\"async\" width=\"150\" height=\"150\" src=\"https:\/\/nagyistvan.pecska.ro\/wp-content\/uploads\/2009\/09\/17-Magyarpecskai-artezi-kut-150x150.jpg\" class=\"attachment-thumbnail size-thumbnail\" alt=\"\" \/><\/a>\n\t\t\t<\/div><\/figure><figure class='gallery-item'>\n\t\t\t<div class='gallery-icon portrait'>\n\t\t\t\t<a href='https:\/\/nagyistvan.pecska.ro\/wp-content\/uploads\/2009\/09\/18-Forras.jpg'><img loading=\"lazy\" decoding=\"async\" width=\"150\" height=\"150\" src=\"https:\/\/nagyistvan.pecska.ro\/wp-content\/uploads\/2009\/09\/18-Forras-150x150.jpg\" class=\"attachment-thumbnail size-thumbnail\" alt=\"\" \/><\/a>\n\t\t\t<\/div><\/figure><figure class='gallery-item'>\n\t\t\t<div class='gallery-icon landscape'>\n\t\t\t\t<a href='https:\/\/nagyistvan.pecska.ro\/wp-content\/uploads\/2009\/09\/19-Csendelet-ecsetekkel-oraval-es-imakonyvvel.jpg'><img loading=\"lazy\" decoding=\"async\" width=\"150\" height=\"150\" src=\"https:\/\/nagyistvan.pecska.ro\/wp-content\/uploads\/2009\/09\/19-Csendelet-ecsetekkel-oraval-es-imakonyvvel-150x150.jpg\" class=\"attachment-thumbnail size-thumbnail\" alt=\"\" \/><\/a>\n\t\t\t<\/div><\/figure><figure class='gallery-item'>\n\t\t\t<div class='gallery-icon landscape'>\n\t\t\t\t<a href='https:\/\/nagyistvan.pecska.ro\/wp-content\/uploads\/2009\/09\/20-Feher-falak.jpg'><img loading=\"lazy\" decoding=\"async\" width=\"150\" height=\"150\" src=\"https:\/\/nagyistvan.pecska.ro\/wp-content\/uploads\/2009\/09\/20-Feher-falak-150x150.jpg\" class=\"attachment-thumbnail size-thumbnail\" alt=\"\" \/><\/a>\n\t\t\t<\/div><\/figure><figure class='gallery-item'>\n\t\t\t<div class='gallery-icon landscape'>\n\t\t\t\t<a href='https:\/\/nagyistvan.pecska.ro\/wp-content\/uploads\/2009\/09\/21-Oreg-haz.jpg'><img loading=\"lazy\" decoding=\"async\" width=\"150\" height=\"150\" src=\"https:\/\/nagyistvan.pecska.ro\/wp-content\/uploads\/2009\/09\/21-Oreg-haz-150x150.jpg\" class=\"attachment-thumbnail size-thumbnail\" alt=\"\" \/><\/a>\n\t\t\t<\/div><\/figure><figure class='gallery-item'>\n\t\t\t<div class='gallery-icon landscape'>\n\t\t\t\t<a href='https:\/\/nagyistvan.pecska.ro\/wp-content\/uploads\/2009\/09\/22-Bivalyok-huzta-szeker.jpg'><img loading=\"lazy\" decoding=\"async\" width=\"150\" height=\"150\" src=\"https:\/\/nagyistvan.pecska.ro\/wp-content\/uploads\/2009\/09\/22-Bivalyok-huzta-szeker-150x150.jpg\" class=\"attachment-thumbnail size-thumbnail\" alt=\"\" \/><\/a>\n\t\t\t<\/div><\/figure><figure class='gallery-item'>\n\t\t\t<div class='gallery-icon portrait'>\n\t\t\t\t<a href='https:\/\/nagyistvan.pecska.ro\/wp-content\/uploads\/2009\/09\/23-Parasztasszony.jpg'><img loading=\"lazy\" decoding=\"async\" width=\"150\" height=\"150\" src=\"https:\/\/nagyistvan.pecska.ro\/wp-content\/uploads\/2009\/09\/23-Parasztasszony-150x150.jpg\" class=\"attachment-thumbnail size-thumbnail\" alt=\"\" \/><\/a>\n\t\t\t<\/div><\/figure><figure class='gallery-item'>\n\t\t\t<div class='gallery-icon portrait'>\n\t\t\t\t<a href='https:\/\/nagyistvan.pecska.ro\/wp-content\/uploads\/2009\/09\/24-Tengeri-Osz.jpg'><img loading=\"lazy\" decoding=\"async\" width=\"150\" height=\"150\" src=\"https:\/\/nagyistvan.pecska.ro\/wp-content\/uploads\/2009\/09\/24-Tengeri-Osz-150x150.jpg\" class=\"attachment-thumbnail size-thumbnail\" alt=\"\" \/><\/a>\n\t\t\t<\/div><\/figure><figure class='gallery-item'>\n\t\t\t<div class='gallery-icon portrait'>\n\t\t\t\t<a href='https:\/\/nagyistvan.pecska.ro\/wp-content\/uploads\/2009\/09\/25-Hoviragok.jpg'><img loading=\"lazy\" decoding=\"async\" width=\"150\" height=\"150\" src=\"https:\/\/nagyistvan.pecska.ro\/wp-content\/uploads\/2009\/09\/25-Hoviragok-150x150.jpg\" class=\"attachment-thumbnail size-thumbnail\" alt=\"\" \/><\/a>\n\t\t\t<\/div><\/figure><figure class='gallery-item'>\n\t\t\t<div class='gallery-icon portrait'>\n\t\t\t\t<a href='https:\/\/nagyistvan.pecska.ro\/wp-content\/uploads\/2009\/09\/26-Viragok-napfenyben.jpg'><img loading=\"lazy\" decoding=\"async\" width=\"150\" height=\"150\" src=\"https:\/\/nagyistvan.pecska.ro\/wp-content\/uploads\/2009\/09\/26-Viragok-napfenyben-150x150.jpg\" class=\"attachment-thumbnail size-thumbnail\" alt=\"\" \/><\/a>\n\t\t\t<\/div><\/figure><figure class='gallery-item'>\n\t\t\t<div class='gallery-icon portrait'>\n\t\t\t\t<a href='https:\/\/nagyistvan.pecska.ro\/wp-content\/uploads\/2009\/09\/27-A-pecskai-reformatus-imahaz.jpg'><img loading=\"lazy\" decoding=\"async\" width=\"150\" height=\"150\" src=\"https:\/\/nagyistvan.pecska.ro\/wp-content\/uploads\/2009\/09\/27-A-pecskai-reformatus-imahaz-150x150.jpg\" class=\"attachment-thumbnail size-thumbnail\" alt=\"\" \/><\/a>\n\t\t\t<\/div><\/figure><figure class='gallery-item'>\n\t\t\t<div class='gallery-icon portrait'>\n\t\t\t\t<a href='https:\/\/nagyistvan.pecska.ro\/wp-content\/uploads\/2009\/09\/28-Moso-nok-a-folyon.jpg'><img loading=\"lazy\" decoding=\"async\" width=\"150\" height=\"150\" src=\"https:\/\/nagyistvan.pecska.ro\/wp-content\/uploads\/2009\/09\/28-Moso-nok-a-folyon-150x150.jpg\" class=\"attachment-thumbnail size-thumbnail\" alt=\"\" \/><\/a>\n\t\t\t<\/div><\/figure><figure class='gallery-item'>\n\t\t\t<div class='gallery-icon portrait'>\n\t\t\t\t<a href='https:\/\/nagyistvan.pecska.ro\/wp-content\/uploads\/2009\/09\/29-Multbatekintes.jpg'><img loading=\"lazy\" decoding=\"async\" width=\"150\" height=\"150\" src=\"https:\/\/nagyistvan.pecska.ro\/wp-content\/uploads\/2009\/09\/29-Multbatekintes-150x150.jpg\" class=\"attachment-thumbnail size-thumbnail\" alt=\"\" \/><\/a>\n\t\t\t<\/div><\/figure><figure class='gallery-item'>\n\t\t\t<div class='gallery-icon portrait'>\n\t\t\t\t<a href='https:\/\/nagyistvan.pecska.ro\/wp-content\/uploads\/2009\/09\/30-Lelekhalasz.jpg'><img loading=\"lazy\" decoding=\"async\" width=\"150\" height=\"150\" src=\"https:\/\/nagyistvan.pecska.ro\/wp-content\/uploads\/2009\/09\/30-Lelekhalasz-150x150.jpg\" class=\"attachment-thumbnail size-thumbnail\" alt=\"\" \/><\/a>\n\t\t\t<\/div><\/figure><figure class='gallery-item'>\n\t\t\t<div class='gallery-icon landscape'>\n\t\t\t\t<a href='https:\/\/nagyistvan.pecska.ro\/wp-content\/uploads\/2009\/09\/31-Pecskai-iskola-madartavlatbol.jpg'><img loading=\"lazy\" decoding=\"async\" width=\"150\" height=\"150\" src=\"https:\/\/nagyistvan.pecska.ro\/wp-content\/uploads\/2009\/09\/31-Pecskai-iskola-madartavlatbol-150x150.jpg\" class=\"attachment-thumbnail size-thumbnail\" alt=\"\" \/><\/a>\n\t\t\t<\/div><\/figure><figure class='gallery-item'>\n\t\t\t<div class='gallery-icon landscape'>\n\t\t\t\t<a href='https:\/\/nagyistvan.pecska.ro\/wp-content\/uploads\/2009\/09\/32-Sz\u00edn-\u201efonia\u201d-kekben.jpg'><img loading=\"lazy\" decoding=\"async\" width=\"150\" height=\"150\" src=\"https:\/\/nagyistvan.pecska.ro\/wp-content\/uploads\/2009\/09\/32-Sz\u00edn-\u201efonia\u201d-kekben-150x150.jpg\" class=\"attachment-thumbnail size-thumbnail\" alt=\"\" \/><\/a>\n\t\t\t<\/div><\/figure><figure class='gallery-item'>\n\t\t\t<div class='gallery-icon portrait'>\n\t\t\t\t<a href='https:\/\/nagyistvan.pecska.ro\/wp-content\/uploads\/2009\/09\/33-Vevore-varva.jpg'><img loading=\"lazy\" decoding=\"async\" width=\"150\" height=\"150\" src=\"https:\/\/nagyistvan.pecska.ro\/wp-content\/uploads\/2009\/09\/33-Vevore-varva-150x150.jpg\" class=\"attachment-thumbnail size-thumbnail\" alt=\"\" \/><\/a>\n\t\t\t<\/div><\/figure><figure class='gallery-item'>\n\t\t\t<div class='gallery-icon portrait'>\n\t\t\t\t<a href='https:\/\/nagyistvan.pecska.ro\/wp-content\/uploads\/2009\/09\/34-Noi-portre.jpg'><img loading=\"lazy\" decoding=\"async\" width=\"150\" height=\"150\" src=\"https:\/\/nagyistvan.pecska.ro\/wp-content\/uploads\/2009\/09\/34-Noi-portre-150x150.jpg\" class=\"attachment-thumbnail size-thumbnail\" alt=\"\" \/><\/a>\n\t\t\t<\/div><\/figure><figure class='gallery-item'>\n\t\t\t<div class='gallery-icon portrait'>\n\t\t\t\t<a href='https:\/\/nagyistvan.pecska.ro\/wp-content\/uploads\/2009\/09\/35-Az-orok-tavasz.jpg'><img loading=\"lazy\" decoding=\"async\" width=\"150\" height=\"150\" src=\"https:\/\/nagyistvan.pecska.ro\/wp-content\/uploads\/2009\/09\/35-Az-orok-tavasz-150x150.jpg\" class=\"attachment-thumbnail size-thumbnail\" alt=\"\" \/><\/a>\n\t\t\t<\/div><\/figure><figure class='gallery-item'>\n\t\t\t<div class='gallery-icon portrait'>\n\t\t\t\t<a href='https:\/\/nagyistvan.pecska.ro\/wp-content\/uploads\/2009\/09\/Lauk\u00f3-Katalin-b.jpg'><img loading=\"lazy\" decoding=\"async\" width=\"150\" height=\"150\" src=\"https:\/\/nagyistvan.pecska.ro\/wp-content\/uploads\/2009\/09\/Lauk\u00f3-Katalin-b-150x150.jpg\" class=\"attachment-thumbnail size-thumbnail\" alt=\"\" \/><\/a>\n\t\t\t<\/div><\/figure>\n\t\t<\/div>\n\n<p>A k\u00e9pek megv\u00e1s\u00e1rolhat\u00f3k. \u00c9rdekl\u0151dni a 0744637820-as telefonon \u00e9s a nagyistvan kukac pecska pont ro \u00edm\u00e9lc\u00edmen lehet.<\/p>\n","protected":false},"excerpt":{"rendered":"<p>Lauk\u00f3 Ktalin, P\u00e9cska<\/p>\n","protected":false},"author":2,"featured_media":0,"comment_status":"open","ping_status":"open","sticky":false,"template":"","format":"standard","meta":{"footnotes":""},"categories":[1],"tags":[],"class_list":["post-236","post","type-post","status-publish","format-standard","hentry","category-nincs-kategorizalva"],"_links":{"self":[{"href":"https:\/\/nagyistvan.pecska.ro\/index.php?rest_route=\/wp\/v2\/posts\/236","targetHints":{"allow":["GET"]}}],"collection":[{"href":"https:\/\/nagyistvan.pecska.ro\/index.php?rest_route=\/wp\/v2\/posts"}],"about":[{"href":"https:\/\/nagyistvan.pecska.ro\/index.php?rest_route=\/wp\/v2\/types\/post"}],"author":[{"embeddable":true,"href":"https:\/\/nagyistvan.pecska.ro\/index.php?rest_route=\/wp\/v2\/users\/2"}],"replies":[{"embeddable":true,"href":"https:\/\/nagyistvan.pecska.ro\/index.php?rest_route=%2Fwp%2Fv2%2Fcomments&post=236"}],"version-history":[{"count":19,"href":"https:\/\/nagyistvan.pecska.ro\/index.php?rest_route=\/wp\/v2\/posts\/236\/revisions"}],"predecessor-version":[{"id":333,"href":"https:\/\/nagyistvan.pecska.ro\/index.php?rest_route=\/wp\/v2\/posts\/236\/revisions\/333"}],"wp:attachment":[{"href":"https:\/\/nagyistvan.pecska.ro\/index.php?rest_route=%2Fwp%2Fv2%2Fmedia&parent=236"}],"wp:term":[{"taxonomy":"category","embeddable":true,"href":"https:\/\/nagyistvan.pecska.ro\/index.php?rest_route=%2Fwp%2Fv2%2Fcategories&post=236"},{"taxonomy":"post_tag","embeddable":true,"href":"https:\/\/nagyistvan.pecska.ro\/index.php?rest_route=%2Fwp%2Fv2%2Ftags&post=236"}],"curies":[{"name":"wp","href":"https:\/\/api.w.org\/{rel}","templated":true}]}}