{"id":1483,"date":"2010-12-17T16:58:40","date_gmt":"2010-12-17T13:58:40","guid":{"rendered":"http:\/\/nagyistvan.pecska.ro\/?p=1483"},"modified":"2010-12-18T13:35:10","modified_gmt":"2010-12-18T10:35:10","slug":"klebelsberg-nap-4-%e2%80%93-a-klebelsberg-szoborrol","status":"publish","type":"post","link":"https:\/\/nagyistvan.pecska.ro\/?p=1483","title":{"rendered":"Klebelsberg-nap 5. \u2013 A Klebelsberg szoborr\u00f3l"},"content":{"rendered":"<p>A 2010. november 6-ai Klebelsberg-napon a szoboradom\u00e1nyoz\u00f3 iskola, a Budapesti Pusk\u00e1s Tivadar T\u00e1vk\u00f6zl\u00e9si Technikum igazgat\u00f3ja, <strong>dr. Horv\u00e1th L\u00e1szl\u00f3<\/strong>, majd Nagy Istv\u00e1n eleven\u00edtette f\u00f6l a t\u00edz \u00e9vvel kor\u00e1bban t\u00f6rt\u00e9nteket.<\/p>\n<figure id=\"attachment_1485\" aria-describedby=\"caption-attachment-1485\" style=\"width: 300px\" class=\"wp-caption aligncenter\"><a href=\"http:\/\/nagyistvan.pecska.ro\/wp-content\/uploads\/2010\/12\/Horv\u00e1th-L\u00e1szl\u00f3-1.jpg\"><img loading=\"lazy\" decoding=\"async\" class=\"size-medium wp-image-1485\" title=\"Horv\u00e1th L\u00e1szl\u00f3 1\" src=\"http:\/\/nagyistvan.pecska.ro\/wp-content\/uploads\/2010\/12\/Horv\u00e1th-L\u00e1szl\u00f3-1-300x225.jpg\" alt=\"\" width=\"300\" height=\"225\" srcset=\"https:\/\/nagyistvan.pecska.ro\/wp-content\/uploads\/2010\/12\/Horv\u00e1th-L\u00e1szl\u00f3-1-300x225.jpg 300w, https:\/\/nagyistvan.pecska.ro\/wp-content\/uploads\/2010\/12\/Horv\u00e1th-L\u00e1szl\u00f3-1.jpg 725w\" sizes=\"auto, (max-width: 300px) 100vw, 300px\" \/><\/a><figcaption id=\"caption-attachment-1485\" class=\"wp-caption-text\">Dr. Horv\u00e1th L\u00e1szl\u00f3 eml\u00e9kezik<\/figcaption><\/figure>\n<p>Azt hiszem, hogy nagyon fontos elmondani \u00d6n\u00f6knek, hogy ez a szobor hogyan alakult ki.<!--more--><\/p>\n<p>Nekem jutott ism\u00e9t \u2013 ak\u00e1rcsak 10 esztend\u0151vel ezel\u0151tt \u2013 a legegyszer\u0171bb feladat: el kell mes\u00e9lnem \u00d6n\u00f6knek ezen szobor sz\u00fclet\u00e9s\u00e9nek igaz t\u00f6rt\u00e9net\u00e9t. K\u00f6r\u00fcln\u00e9zv\u00e9n \u2013 h\u00e1la az \u00darnak \u2013 vannak itt k\u00f6z\u00f6tt\u00fcnk \u00faj arcok is, \u00edgy nekik legal\u00e1bb \u00faj lesz a t\u00f6rt\u00e9netem. A t\u00f6bbiek? &#8230;<\/p>\n<p>Itt most sokan hi\u00e1nyoznak, \u00e9s \u00e9n nagyon m\u00e9rges vagyok mindegyikre, aki hi\u00e1nyzik. Elk\u00e9peszt\u0151nek tartom, hogy nincs itt az akkori lepel ler\u00e1nt\u00f3ja, Pokorni Zolt\u00e1n. Nincs itt Semj\u00e9n Zsolt, Katona K\u00e1lm\u00e1n de h\u00e1t mit tegyek. Sz\u00e9gyellj\u00e9k magukat, hogy most nincsenek itt. Megk\u00e9rdeztem, hogy csak nem szabbat van? Csak nem \u00e1toper\u00e1ltak: Meg is s\u00e9rt\u0151d\u00f6tt.<\/p>\n<p>Ism\u00e9tl\u00e9s a tud\u00e1s anyja, meg olyan sz\u00e9p, kerek \u00e9s hihetetlen az eg\u00e9sz: ennyire lelkesek voltunk m\u00e9g 10 \u00e9vvel fiatalabban mindannyian.<\/p>\n<p>Hogy az elej\u00e9n kezdjem: Mint k\u00f6zismert az egyik utols\u00f3 &#8217;48-as rab \u2013 iskol\u00e1nk, a budapesti Pusk\u00e1s Tivadar T\u00e1vk\u00f6zl\u00e9si Technikum di\u00e1kja \u2013 Katona K\u00e1lm\u00e1n volt. \u0150 egy 1971-es \u201eizgat\u00e1s\u00e9rt\u201d \u00fclt a 70-es \u00e9vtized elej\u00e9n 8-10 h\u00f3napot a budapesti Gy\u0171jt\u0151 Fogh\u00e1zban. Hogy pontosan mit csin\u00e1lt, azt is tudjuk: n\u00e9h\u00e1ny sz\u00e1l vir\u00e1got tett Pet\u0151fi S\u00e1ndor szobr\u00e1nak talapzat\u00e1hoz Budapesten, a Pet\u0151fi t\u00e9ren, m\u00e1rcius 15-\u00e9n a hivatalos \u00fcnneps\u00e9g ut\u00e1n. Hogy ett\u0151l ki \u201eizgult fel\u201d? Rem\u00e9lem m\u00e1r soha nem fogjuk megtudni, de abban meg eg\u00e9szen biztos vagyok, hogy ilyen enged\u00e9ly n\u00e9lk\u00fcli cselekedet\u00e9rt a j\u00f6v\u0151ben a Magyar K\u00f6zt\u00e1rsas\u00e1g ter\u00fclet\u00e9n m\u00e1r nem fognak b\u00fcntet\u00e9st osztogatni.<\/p>\n<p>De l\u00e9pj\u00fcnk tov\u00e1bb! Szeretem a bort. Nagysz\u00fcleim Badacsonyiak, teh\u00e1t a Sz\u00fcrkebar\u00e1tot. Egerb\u0151l a Dob\u00f3 Pista b\u00e1csi nem a Bornemissza Gergely a gyermekkori olvasm\u00e1ny\u00e9lm\u00e9nyem, teh\u00e1t az Egri bikav\u00e9rt is puszt\u00edtom el\u00e9g rendesen. Az \u00dar bocs\u00e1ssa meg nekem, hogy ny\u00e1ron egy-k\u00e9t kors\u00f3 s\u00f6rt is legur\u00edtok a torkomon. \u00d3r\u00e1nk\u00e9nt? Sz\u00f3val, volt egy pesti v\u00e1rosi legenda: \u201eAradon az osztr\u00e1k tisztek s\u00f6rrel koccintottak a 13 v\u00e9rtan\u00fa kiv\u00e9gz\u00e9s\u00e9nek est\u00e9j\u00e9n, ez\u00e9rt az igaz magyarok fogadalmat tettek: 150 \u00e9vig nem koccintunk s\u00f6rrel!!!\u201d 1990-ben kinyitott\u00e1k a nyugati hat\u00e1rt, \u00e9s \u00edgy p\u00e9ld\u00e1ul a m\u00fcncheni S\u00f6rcsarnokban igen neh\u00e9z volt betartani ezt a fogadalmunkat.<\/p>\n<p>A fentiek ut\u00e1n rem\u00e9lem, hogy mindenki sz\u00e1m\u00e1ra vil\u00e1gos mi\u00e9rt lett volna fontos: 1999. okt\u00f3ber 6-\u00e1n az aradi minorita ap\u00e1t sz\u00e1j\u00e1b\u00f3l szem\u00e9lyesen kell hallanom a feloldoz\u00e1st.<\/p>\n<p>Itt voltam. Ervin atya is itt volt a minorit\u00e1kt\u00f3l. \u00d6t\u00f6dik\u00e9n este a miseborral koccintottunk. A s\u00f6r meg sem lett eml\u00edtve, \u00edgy azt\u00e1n az\u00f3ta is dilemm\u00e1ban vagyok s\u00f6r\u00fcgyileg.<\/p>\n<p>Akkor, 1999-ben m\u00e9g Aradon nem volt a magyar iskol\u00e1knak koll\u00e9giuma, a legk\u00f6zelebbi \u201ebiztons\u00e1gos\u201d \u00e9s vatik\u00e1ni valut\u00e1val megfizethet\u0151 hely la \u201eKolping\u201d volt P\u00e9csk\u00e1n. Felvett\u00fck a kapcsolatot Heinrich J\u00f3zsef esperes-pl\u00e9b\u00e1nos \u00farral. Alias Papb\u00e1csival: sz\u00e1ll\u00e1st szeretn\u00e9nk egy \u00e9jszak\u00e1ra okt\u00f3ber 5-\u00e9n 13 di\u00e1k \u00e9s 5 k\u00eds\u00e9r\u0151, k\u00f6z\u00f6tt\u00fck egy akt\u00edv miniszter. Mert Katona K\u00e1lm\u00e1n, volt Pusk\u00e1s-di\u00e1k, az utols\u00f3 &#8217;48-as fogoly addigra K\u00f6zleked\u00e9si, H\u00edrk\u00f6zl\u00e9si \u00e9s V\u00edz\u00fcgyi miniszter lett. Term\u00e9szetesen biciklivel j\u00f6tt\u00fcnk 4 nap alatt. Budapest\u2013Kecskem\u00e9t (100 km), Kecskem\u00e9t\u2013H\u00f3dmez\u0151v\u00e1s\u00e1rhely (100 km), H\u00f3dmez\u0151v\u00e1s\u00e1rhely\u2013Battonya (70 km), Battonya\u2013P\u00e9cska (20 km), majd reggel P\u00e9cska\u2013Arad az utols\u00f3 20 km volt az ir\u00e1ny.<\/p>\n<p>Az \u00fat izgalmas volt: sok \u00fcnnepi besz\u00e9ddel, egy kev\u00e9s es\u0151vel, sok-sok p\u00e1link\u00e1val, meglepett hat\u00e1r\u0151r\u00f6kkel, de mindezek most \u00e9rdektelenek &#8230;<\/p>\n<p>Miut\u00e1n okt\u00f3ber 6-\u00e1n hajnali 6 \u00f3rakor, ami magyar id\u0151 szerint hangs\u00falyozom:\u00a0 hajnali 5\u00a0 \u00f3rakor<\/p>\n<p>Papb\u00e1csi kivert benn\u00fcnket az \u00e1gyb\u00f3l. Belel\u00e1tva Istenk\u00e1roml\u00f3 gondolatainkba meginvit\u00e1lt az \u0150 v\u00e1r\u00e1ba, vagyis a p\u00e9cskai templomba. M\u00e9g f\u00e9l\u00e1lomban botork\u00e1ltunk a hajnali sz\u00fcrk\u00fcletben, morogva-csoszogva Papb\u00e1csi ut\u00e1n, megt\u00f6rt\u00e9nt a csoda. A \u201eTiszt\u00edt\u00f3t\u0171z\u201d olt\u00e1r alatti \u201ehorror szoborcsoport\u201d egyik figur\u00e1j\u00e1ban felismertem \u00f6nmagamat. Na ennek a fele sem tr\u00e9fa, r\u00e1 kell er\u0151s\u00edtenem b\u0171neim megbocs\u00e1ttat\u00e1s\u00e1ra. Valamit&#8230;, valami az \u00darnak tetsz\u0151t kellett min\u00e9l hamarabb cselekednem. Hajnali 6 \u00f3rakor a \u201enagy \u00da-val az \u00dar\u201d m\u00e9g val\u00f3sz\u00edn\u0171leg alszik, ez\u00e9rt a penitencia \u00fcgy\u00e9t az \u0150 h\u0171 szolg\u00e1l\u00f3j\u00e1val Heinrich J\u00f3zsef esperes-pl\u00e9b\u00e1nos<strong> <\/strong>\u201ekis u-val \u00farral\u201d kellett tiszt\u00e1znom. R\u00e1pillantv\u00e1n a templom fal\u00e1n d\u00edszelg\u0151 m\u00e1rv\u00e1nyt\u00e1bl\u00e1ra, mely szerint: \u201eItt sz\u00fcletett 1875. november 13-\u00e1n Gr\u00f3f Klebelsberg Kuno a XX. sz\u00e1zad legnagyobb magyar Vall\u00e1s- \u00e9s K\u00f6zoktat\u00e1s\u00fcgyi minisztere.\u201d<\/p>\n<p>Azonnal megfogant bennem is a gondolat: \u201e\u00c1ll\u00edtsunk szobrot neki! Ha egy \u00e9v m\u00falva tessz\u00fck ezt, akkor \u00e9ppen kerek \u2013 125 \u00e9ves \u2013 sz\u00fclet\u00e9si \u00e9vfordul\u00f3ja lesz!\u201d A Papb\u00e1csihoz fordultam: \u201eSzeretn\u00e9l ide egy Klebelsberg bronz szobrot?\u201d Hangja elcsuklott, csak b\u00f3lintott. \u201eIgen\u201d. Mivel az \u00e9v j\u00fanius\u00e1ban K\u00e1lm\u00e1nka m\u00e1r avatott nek\u00fcnk egy B\u00e9k\u00e9sy Gy\u00f6rgy szobrot a Pusk\u00e1s Gy\u00e1li \u00fati aul\u00e1j\u00e1ban, a k\u00f6vetkez\u0151 k\u00e9rd\u00e9s Katona K\u00e1lm\u00e1n akt\u00edv KHVM miniszternek sz\u00f3lt: \u201eHa \u00e9n megcsin\u00e1ltatom, Te felavatod?\u201d \u201eSz\u00edvesen\u201d \u2013 volt a v\u00e1lasz. \u00c9s mivel az \u00darnak is tetszhetett a felaj\u00e1nl\u00e1s a t\u00f6bbi m\u00e1r ment olajozottan a kijel\u00f6lt mennyei \u00e9s f\u00f6ldi \u00faton is.<\/p>\n<p>Papb\u00e1csival felkerest\u00fck a temesv\u00e1ri Jecza P\u00e9ter szobr\u00e1szm\u0171v\u00e9sz urat, aki v\u00e1llalta az elk\u00e9sz\u00edt\u00e9st. Az \u00e1r\u00e1t m\u00e1rk\u00e1ban \u00e9s \u201efeket\u00e9n\u201d k\u00e9rte. (Hol volt m\u00e9g az eur\u00f3?) Egy \u00e9v alatt ezt be lehetett gy\u0171jteni. A szobor elk\u00e9sz\u00fclt. Klebelsberg \u00c9va \u2013 a miniszter unokah\u00faga szerint \u2013, akinek a legt\u00f6bb k\u00e9pi eml\u00e9ke van Kuno b\u00e1csir\u00f3l \u2013 a k\u00e9sz m\u0171 egy\u00e1ltal\u00e1n nem hasonl\u00edtott a nagyb\u00e1csira. Azonban mindenkinek, nekem meg k\u00fcl\u00f6n\u00f6sen tetszett. Kubista, er\u0151t sug\u00e1rz\u00f3 tekintet. Kem\u00e9ny von\u00e1sok &#8230; ilyen lehetett. Ilyen volt.<\/p>\n<p>Amit akart, azt megcsin\u00e1lta, ott k\u0151 k\u00f6v\u00f6n nem maradt. Nekem azt mes\u00e9lt\u00e9k Klebelsberg Kunor\u00f3l, hogy bementek: miniszter \u00far a a re\u00e1lgimn\u00e1ziumok IV. oszt\u00e1ly\u00e1ban milyen \u00f3ra van? Szerda, III. \u00f3ra, matematika. Mi az anyag? Szinuszt\u00e9tel. Akin\u00e9l nem az, az b\u00fcnti, akin\u00e9l nem az az \u00f3ra, az ki van r\u00fagva. Nem csak, hogy megcsin\u00e1lta, hanem tananyagot is csin\u00e1lt, \u00e9s sz\u00e1mon k\u00e9rte, \u00e9s sz\u00e1mon k\u00e9rte, \u00e9s sz\u00e1mon k\u00e9rte. olyan tanfel\u00fcgyelet volt, hogy azt meg is csin\u00e1lt\u00e1k.<\/p>\n<p>Mindig azt mondom, amikor a mi szobrunkat koszor\u00fazzuk, hogy ha Klebelsberg Kuno nem \u00e9lt volna, akkor a te nagyfaterod analfab\u00e9ta lett volna, \u00e9s te cs\u00f6vi lenn\u00e9l az utc\u00e1n. K\u00f6sz\u00f6nd meg neki, hogy ide j\u00e1rhatsz, mert \u0151 a nagyap\u00e1dba bele verte az agy\u00e1ba a szinusz t\u00e9telt vagy esetleg csak az \u00edr\u00e1s-olvas\u00e1st.<\/p>\n<p>A l\u00e9nyeg, hogy nekem a szobor tetszett. Az \u00f3ta persze tudom, hogy teoretikusan, m\u0171v\u00e9szetileg val\u00f3sz\u00edn\u0171leg Klebelsberg \u00c9v\u00e1nak volt igaza, mert p\u00e9ld\u00e1ul most voltam ny\u00e1ron Temesv\u00e1rott, \u00e9s k\u00e9t Klebelsberg szobrot is l\u00e1ttam. Az egyikre az volt \u00edrva, hogy II. Ferdin\u00e1nd. T\u00f6k \u00fagy n\u00e9zett ki, mint a Klebelsberg-szobor, az orra volt egy kicsit nagyobb. A m\u00e1sik \u00e9rdekes volt, kicsit magasabbra volt t\u00e9ve. Bolyai J\u00e1nos is pont \u00fagy n\u00e9zett ki, mint Klebelsberg Kuno. Jecza P\u00e9ter, isten nyugosztalja, nagyon szerettem \u0151t, voltam a m\u0171term\u00e9ben, sz\u00e9d\u00fcletes egy fazon volt. \u0150 tudott egy ilyen morcos pof\u00e1t csin\u00e1lni, \u00e9s mindig m\u00e1st \u00edrt al\u00e1.<\/p>\n<p>De ez nem jelent semmit.<\/p>\n<p>Ett\u0151l az \u0151 lelki kisug\u00e1rz\u00e1sa, pont Klebelsberg Kuno\u00e9. L\u00e1tjuk, hogy \u0150 valaki.<\/p>\n<p>Az\u00f3ta okosodtam: t\u00f6bb Jecza szobrot is l\u00e1ttam: Bolyai J\u00e1nos, Ferdin\u00e1nd, J\u00e9zus Krisztus. A templomkertbe sz\u00f3l\u00f3 egyh\u00e1zi szobor\u00e1ll\u00edt\u00e1si enged\u00e9ly meg\u00e9rkezett. A megh\u00edvottak list\u00e1ja is elk\u00e9sz\u00fclt, amikor be\u00fct\u00f6tt a krach: \u201eAz \u00dar lek\u00fcld\u00e9 \u201evizes\u201d angyal\u00e1t \u00e9s ki\u00e1raszt\u00e1 a foly\u00f3kat, az \u0151 medr\u00fckb\u0151l, hogy a KHVM miniszternek legyen mit t\u00fcst\u00e9nkednie.<\/p>\n<p>Majd az \u00dar lek\u00fcld\u00e9 az \u0150 \u201ekir\u00fag\u00f3s\u201d angyal\u00e1t, \u00e9s am\u00edg K\u00e1lm\u00e1nka az \u00e1rv\u00edzzel eredm\u00e9nyesen vette fel a versenyt, addig \u201egy\u0151z\u00f6tt\u201d a \u201ekir\u00fag\u00f3s\u201d angyal \u00e9s \u0151t rep\u00edtette a miniszteri b\u00e1rsonysz\u00e9kb\u0151l az MVM eln\u00f6k-vez\u00e9rigazgat\u00f3i sz\u00e9k\u00e9be. (Akkor csod\u00e1lkoztunk, n\u00e9h\u00e1ny h\u00f3napja tudjuk, hogy indokl\u00e1s nem kell!) Szobor volt, avat\u00f3 \u201eAtya\u201d nem! Klebelsberg Vall\u00e1s- \u00e9s K\u00f6zoktat\u00e1s\u00fcgyi miniszter volt. Legyen a d\u00edszvend\u00e9g Pokorny Zolt\u00e1n az \u00e9ppen aktu\u00e1lis magyar oktat\u00e1si miniszter! V\u00e1llalta!<\/p>\n<p>Az \u00fcnneps\u00e9g szuper volt. Felemel\u0151 volt. Ment minden, mint a karikacsap\u00e1s. Akkor 2000-et \u00edrtunk. One uni\u00f3. One megb\u00e9k\u00e9l\u00e9s&#8230;<\/p>\n<p>N\u00e9h\u00e1ny \u00e9vvel azut\u00e1n, hogy n\u00e9h\u00e1ny sz\u00e1z kilom\u00e9terrel keletebbre S\u00fct\u0151 Andr\u00e1st egy \u201eGy\u00f3gyszert\u00e1r\u201d felirat\u00e9rt k\u00f6zel agyonvert\u00e9k, mi szobrot avatunk a magyar kult\u00fara \u00e9s oktat\u00e1s apostol\u00e1nak szobr\u00e1t a P\u00e1rtiumban, a sz\u00f3rv\u00e1ny magyars\u00e1gnak. Akkor m\u00e1r 80 \u00e9ve nem volt ilyen! &#8230; de elindult valami:<\/p>\n<p>Ma, Arad egyik k\u00f6zponti ter\u00e9n \u00e9jjel-nappal lengeti a piros-feh\u00e9r-z\u00f6ld z\u00e1szl\u00f3t a szell\u0151. Alig egy h\u00f3napja meg 500, bizony \u00f6tsz\u00e1z 14-18 \u00e9ves di\u00e1k \u00e9nekelte fennhangon az Obeliszkn\u00e9l a Sz\u00e9kely-Himnuszt. Meg\u00e9rkezt\u00fcnk egy\u00fctt Eur\u00f3p\u00e1ba.<\/p>\n<p><strong><em>Epil\u00f3gus: <\/em><\/strong><em>(Hab\u00e1r ezt m\u00e1r el is kezdtem!) <\/em>Egy \u00e9vre r\u00e1, a Gy\u00e1li \u00faton is felavattuk Klebelsberg Kuno szobr\u00e1t. Azt is Pokorny Miniszter \u00far celebr\u00e1l\u00e1s\u00e1ban. Most nem \u0150 a miniszter, de \u0150 a parlament Oktat\u00e1si Bizotts\u00e1g\u00e1nak eln\u00f6ke, \u00e9s az \u00faj oktat\u00e1si \u201ef\u0151n\u00f6k\u201d Hoffmann R\u00f3zsa \u00e1llamtitk\u00e1r asszony is megkoszor\u00fazta ezt a szobrot &#8230; Tartjuk a szintet. Megn\u00e9zettem vele az itteni \u00faj tornatermet, \u00e9s rem\u00e9lem, hogy tornacsarnok-\u00e9p\u00edt\u00e9sbe fog.<\/p>\n<p>2000 \u00f3ta megv\u00e1ltozott a vil\u00e1g. Aradon szabads\u00e1gszobor van, leng a magyar z\u00e1szl\u00f3. Csak engem vert meg az \u00dar! A h\u00e9t f\u0151b\u0171n k\u00f6z\u00fcl a torkoss\u00e1got k\u00fcldte r\u00e1m: \u201eszobor-torkos\u201d lettem: az elm\u00falt 10 \u00e9vben 12 szobrot avattam.<\/p>\n<p>K\u00f6sz\u00f6n\u00f6m Uram, hogy megtehetem, \u00d6n\u00f6knek meg k\u00f6sz\u00f6n\u00f6m, hogy meghallgattak.<\/p>\n<p>Majd <strong>Nagy Istv\u00e1n<\/strong> k\u00f6vetkezett.<\/p>\n<figure id=\"attachment_1486\" aria-describedby=\"caption-attachment-1486\" style=\"width: 300px\" class=\"wp-caption aligncenter\"><a href=\"http:\/\/nagyistvan.pecska.ro\/wp-content\/uploads\/2010\/12\/Nagy-Istv\u00e1n.jpg\"><img loading=\"lazy\" decoding=\"async\" class=\"size-medium wp-image-1486\" title=\"Nagy Istv\u00e1n\" src=\"http:\/\/nagyistvan.pecska.ro\/wp-content\/uploads\/2010\/12\/Nagy-Istv\u00e1n-300x224.jpg\" alt=\"\" width=\"300\" height=\"224\" srcset=\"https:\/\/nagyistvan.pecska.ro\/wp-content\/uploads\/2010\/12\/Nagy-Istv\u00e1n-300x224.jpg 300w, https:\/\/nagyistvan.pecska.ro\/wp-content\/uploads\/2010\/12\/Nagy-Istv\u00e1n.jpg 779w\" sizes=\"auto, (max-width: 300px) 100vw, 300px\" \/><\/a><figcaption id=\"caption-attachment-1486\" class=\"wp-caption-text\">Nagy Istv\u00e1n eml\u00e9kezik<\/figcaption><\/figure>\n<p>Jecza P\u00e9ter \u00fagy ker\u00fclt k\u00e9pbe, hogy nekem egy f\u00e9l \u00e9ven kereszt\u00fcl m\u0171szaki rajzot tan\u00edtott a Temesv\u00e1ri Tudom\u00e1nyegyetem fizika kar\u00e1n. Egyik \u00f3r\u00e1j\u00e1n megh\u00edvott benn\u00fcnket a m\u0171term\u00e9be. Ez a l\u00e1togat\u00e1som elmaradt. A Klebelsberg-szobor \u00e1ll\u00edt\u00e1s\u00e1nak lehet\u0151s\u00e9ge juttatta eszembe a j\u00f3 nev\u0171 szobr\u00e1sz k\u00e9r\u00e9s\u00e9t. Elmentem h\u00e1t hozz\u00e1. V\u00e1llalta. Vittem neki anyagokat Klebelsbergr\u0151l. Megmondta, hogy \u00f6tezer m\u00e1rka a k\u00e9sze szobor, \u00e9s egy-egy eml\u00e9k\u00e9rme 10 m\u00e1rka darabonk\u00e9nt, amelyeknek mi p\u00e9cskaiak k\u00e9sz\u00edttett\u00fcnk dobozokat.<\/p>\n<p>Horv\u00e1th L\u00e1szl\u00f3 hozta a v\u00e9g\u00f6sszeget a szoborra \u00e9s a nyolcvan eml\u00e9k\u00e9rm\u00e9re. A nyolcvan \u00e9rm\u00e9r\u0151l \u00f6tvenet s\u00f6t\u00e9ted\u00e9sbe ny\u00fal\u00f3an adott \u00e1t a m\u0171v\u00e9sz, aki 2009. m\u00e1rcius\u00e1ban halt meg.<\/p>\n<p>Akkor azt mondtam, hogy mondjon ki, amit akar de ez egy j\u00f3 Klebelsberg-szobor.<\/p>\n<p>Klebelsberg \u00c9va dohogott egy kicsit, hogy nem sima k\u00e9p\u0171, vit\u00e9zk\u00f6t\u00e9ses mell\u00e9ny\u0171, h\u00fas-v\u00e9r ember \u00e1br\u00e1zat\u00fa, \u00e9s hasonl\u00f3k.<\/p>\n<p>A szobor, az\u00f3ta is, k\u00f6sz\u00f6ni sz\u00e9pen, j\u00f3 helyen van.<\/p>\n<p>Amikor egy-k\u00e9t nappal az avat\u00e1s el\u0151tt a hely\u00e9re ker\u00fclt, akkor Heinrich J\u00f3zsef bar\u00e1tunk \u00e9jszaka ki-kin\u00e9zett, hogy nem vitte-e el valaki.<\/p>\n<p>2001-ben f\u00f6lmer\u00fclt, hogy legyen egy m\u00e1sodp\u00e9ld\u00e1nya a szobornak az adom\u00e1nyoz\u00f3 iskol\u00e1ban, a Budapesti Pusk\u00e1s Tivadar T\u00e1vk\u00f6zl\u00e9si Technikumban. Elmentem Jecza P\u00e9terhez. Most m\u00e1r elmondhatom, \u00e9s tal\u00e1n nem is kegyelets\u00e9rt\u00e9s. Akkor \u00fagy volt, hogy 2500 a honor\u00e1rium, \u00e9s 2500 az \u00f6nt\u00e9s. A m\u00e1sodp\u00e9ld\u00e1nyn\u00e1l m\u00e1r csak \u00f6nteni kellett, de az is 5000 m\u00e1rka volt.<\/p>\n<p>Amikor megvolt a szobor, ekkor elmentem \u00e9rte, Temesv\u00e1rra. 40 kilogrammnyi volt, b\u00e1r mi 100 kg bronzot fizett\u00fcnk ki, 2500 m\u00e1rk\u00e1val kilogrammj\u00e1t.<\/p>\n<p>Vissza\u00e9ltem a hivatali hatalmammal, \u00e9s megbesz\u00e9ltem a hat\u00e1r\u0151r\u00f6kkel, hogy ne n\u00e9zz\u00e9k meg az aut\u00f3t, amikor \u00e1tviszem a szobrot. Nem n\u00e9ztem meg. \u00c1tvittem, \u00e9s letettem Tak\u00e1cs Dezs\u0151 battonyai polg\u00e1rmester h\u00e1z\u00e1nak a terasz\u00e1ra, \u00e9s am\u00edg Budapestr\u0151l \u00e9rte j\u00f6ttek ott volt.<\/p>\n<p>N\u00e9h\u00e1ny \u00e9ve \u00e9venk\u00e9nt szervez\u00fcnk Klebelsberg-napot, de sajnos az akkori l\u00e9tsz\u00e1mot m\u00e1r nem \u00e9rj\u00fck el. Az okokat nem keresem, csak annak \u00f6r\u00fcl\u00f6k, hogy vagyunk ezeken a napokon, lehet\u0151leg min\u00e9l t\u00f6bben.<\/p>\n","protected":false},"excerpt":{"rendered":"<p>A 2010. november 6-ai Klebelsberg-napon a szoboradom\u00e1nyoz\u00f3 iskola, a Budapesti Pusk\u00e1s Tivadar T\u00e1vk\u00f6zl\u00e9si Technikum igazgat\u00f3ja, dr. Horv\u00e1th L\u00e1szl\u00f3, majd Nagy Istv\u00e1n eleven\u00edtette f\u00f6l a t\u00edz \u00e9vvel kor\u00e1bban t\u00f6rt\u00e9nteket. Azt hiszem, hogy nagyon fontos elmondani \u00d6n\u00f6knek, hogy ez a szobor hogyan alakult ki.<\/p>\n","protected":false},"author":2,"featured_media":0,"comment_status":"open","ping_status":"open","sticky":false,"template":"","format":"standard","meta":{"footnotes":""},"categories":[4],"tags":[],"class_list":["post-1483","post","type-post","status-publish","format-standard","hentry","category-klebelsberg-nap-pecska"],"_links":{"self":[{"href":"https:\/\/nagyistvan.pecska.ro\/index.php?rest_route=\/wp\/v2\/posts\/1483","targetHints":{"allow":["GET"]}}],"collection":[{"href":"https:\/\/nagyistvan.pecska.ro\/index.php?rest_route=\/wp\/v2\/posts"}],"about":[{"href":"https:\/\/nagyistvan.pecska.ro\/index.php?rest_route=\/wp\/v2\/types\/post"}],"author":[{"embeddable":true,"href":"https:\/\/nagyistvan.pecska.ro\/index.php?rest_route=\/wp\/v2\/users\/2"}],"replies":[{"embeddable":true,"href":"https:\/\/nagyistvan.pecska.ro\/index.php?rest_route=%2Fwp%2Fv2%2Fcomments&post=1483"}],"version-history":[{"count":5,"href":"https:\/\/nagyistvan.pecska.ro\/index.php?rest_route=\/wp\/v2\/posts\/1483\/revisions"}],"predecessor-version":[{"id":1542,"href":"https:\/\/nagyistvan.pecska.ro\/index.php?rest_route=\/wp\/v2\/posts\/1483\/revisions\/1542"}],"wp:attachment":[{"href":"https:\/\/nagyistvan.pecska.ro\/index.php?rest_route=%2Fwp%2Fv2%2Fmedia&parent=1483"}],"wp:term":[{"taxonomy":"category","embeddable":true,"href":"https:\/\/nagyistvan.pecska.ro\/index.php?rest_route=%2Fwp%2Fv2%2Fcategories&post=1483"},{"taxonomy":"post_tag","embeddable":true,"href":"https:\/\/nagyistvan.pecska.ro\/index.php?rest_route=%2Fwp%2Fv2%2Ftags&post=1483"}],"curies":[{"name":"wp","href":"https:\/\/api.w.org\/{rel}","templated":true}]}}