{"id":1072,"date":"2010-11-24T00:53:19","date_gmt":"2010-11-23T21:53:19","guid":{"rendered":"http:\/\/nagyistvan.pecska.ro\/?p=1072"},"modified":"2010-12-18T13:37:40","modified_gmt":"2010-12-18T10:37:40","slug":"a-pecskai-buzavirag-harmincadik-szuletesnapja","status":"publish","type":"post","link":"https:\/\/nagyistvan.pecska.ro\/?p=1072","title":{"rendered":"A p\u00e9cskai B\u00fazavir\u00e1g harmincadik sz\u00fclet\u00e9snapja"},"content":{"rendered":"<p>Al\u00e1bb a p\u00e9cskai B\u00fazavir\u00e1g N\u00e9pt\u00e1nccsoport 30. sz\u00fclet\u00e9snapja alkalm\u00e1b\u00f3l   szervezett temet\u0151i megeml\u00e9kez\u00e9s, \u00fcnnepi m\u0171sor \u00e9s az azt k\u00f6vet\u0151 b\u00e1l   esem\u00e9nyeinek sz\u00f6veges-k\u00e9pes \u00f6sszefoglal\u00f3ja olvashat\u00f3 \u00e9s l\u00e1that\u00f3.<\/p>\n<p>A sz\u00f6veg alapj\u00e1ul <strong>Engi M\u00e1rta<\/strong> m\u0171sorvezet\u0151 sz\u00f6vege szolg\u00e1lt.<\/p>\n<p>A r\u00f3lam k\u00e9sz\u00fclt k\u00e9peket <strong>Bartok Andr\u00e1s<\/strong>, a t\u00f6bbit magam k\u00e9sz\u00edtettem.<\/p>\n<p>A p\u00e9cskai M\u0171vel\u0151d\u00e9si H\u00e1zban este hatkor kezd\u0151d\u00f6tt \u00fcnnepi m\u0171sort <strong>Bartok Andr\u00e1s<\/strong>,   a B\u00fazavir\u00e1g Egyes\u00fclet eln\u00f6ke nyitotta meg, aki \u00f6r\u00f6m\u00e9t fejezte ki, hogy   nem csak n\u00e9h\u00e1nyan, hanem sokan elj\u00f6ttek az \u00e9vfordul\u00f3s eml\u00e9km\u0171sorra.   Elmondta, hogy ha nincs m\u00falt \u00e9s jelen, akkor a j\u00f6v\u0151 is nagyon neh\u00e9z.   K\u00f6sz\u00f6nt\u00f6tte Antal P\u00e9ter polg\u00e1rmestert, Stanoiov Miodrag alpolg\u00e1rmestert,   Farag\u00f3 p\u00e9ter RMDSZ-es parlamenti k\u00e9pvisel\u0151t, Matekovits Mih\u00e1lyt \u00e9s   M\u00e1ri\u00e1t, Bogn\u00e1r Levent\u00e9t, az RMDSZ-es v\u00e1rosi tan\u00e1csosokat. K\u00f6z\u00fcl\u00fck   Csepella J\u00e1nos \u00e9s Bacsilla S\u00e1ndor volt jelen, de k\u00e9s\u0151bb ut\u00f3bbi   elt\u00e1vozott, \u00e9s Lovas L\u00f3r\u00e1nd hi\u00e1nyzott.<!--more--><\/p>\n<p>A m\u0171sort <strong>Engi M\u00e1rta<\/strong> \u00f3v\u00f3n\u0151, a B\u00fazavir\u00e1g Egyes\u00fclet 2001\u20137 k\u00f6z\u00f6tti aleln\u00f6ke vezette:<\/p>\n<p>Egy  t\u00f6rt\u00e9netet fogok most \u00f6n\u00f6knek elmondani di\u00f3h\u00e9jban, egy sokak  \u00e1ltal j\u00f3l  ismert sz\u00e9p \u00e9s hossz\u00fa t\u00f6rt\u00e9netet, rengeteg lelkes ember  munk\u00e1j\u00e1nak  gy\u00fcm\u00f6lcs\u00e9t, ami rem\u00e9lj\u00fck egy v\u00e9gtelen t\u00f6rt\u00e9net marad.<\/p>\n<p>Egyszer  volt, hol nem volt, volt egyszer P\u00e9csk\u00e1n, egy iskolai  t\u00e1nccsoport  Kocsik Ter\u00e9z tan\u00e1rn\u0151 kezei alatt \u00fagy a 70-es \u00e9vek v\u00e9g\u00e9n  tarsolyukban 3  t\u00e1nccal. Majd gondoltak mer\u00e9szet \u00e9s nagyot \u00e9s 1980-ban  megalakult a  p\u00e9cskai magyar n\u00e9pt\u00e1ncegy\u00fcttes amely a B\u00fazavir\u00e1g nevet  kapta. A  csoporthoz k\u00e9t lelkes fiatal tan\u00edt\u00f3 Khell Jol\u00e1n \u00e9s Khell  Levente  csatlakozott \u00e9s egy\u00fcttes er\u0151vel 1982-re \u00f6ssze\u00e1llt a csoport  \u00f6n\u00e1ll\u00f3  m\u0171sora, amellyel P\u00e9csk\u00e1n k\u00edv\u00fcl sok telep\u00fcl\u00e9sen, neves  fesztiv\u00e1lokon \u00e9s  turn\u00e9n arattak hatalmas sikereket. A B\u00fazavir\u00e1g  t\u00e1nccsoport tev\u00e9kenys\u00e9ge  1989\u201390 k\u00f6z\u00f6tt sz\u00fcnetel, majd ism\u00e9t \u00e9letre kel,  mint a ph\u00f6nix mad\u00e1r. A  Nagy Istv\u00e1n vezette RMDSZ, valamint a p\u00e9cskai  Kolping csal\u00e1d, \u00e9l\u00e9n  Heinrich J\u00f3zsef esperes \u00farral t\u00e1mogatja az egy\u00fcttes  \u00fajra\u00e9led\u00e9s\u00e9t \u00e9s  tev\u00e9kenys\u00e9g\u00e9t. 2000. november\u00e9ben \u2013, a B\u00fazavir\u00e1g 20.  sz\u00fclet\u00e9snapja ut\u00e1n  \u2013 megalakul az azonos nevet visel\u0151 civilszervezet,  amely az \u00f3ta anyagi  biztos\u00edt az egy\u00fcttes sz\u00e1m\u00e1ra. Fridrik Roz\u00e1lia  tan\u00e1rn\u0151 lett az  egyes\u00fclet eln\u00f6ke, 2007-ben \u0151t k\u00f6vette Nagy Istv\u00e1n tan\u00e1r  \u00far \u00e9s 2008-t\u00f3l  Bart\u00f3k Andr\u00e1s. A t\u00e1nccsoport szalmai vezet\u00e9s\u00e9t Makra  Andr\u00e1s szegedi  t\u00e1ncoktat\u00f3 vette \u00e1t. Az ut\u00e1np\u00f3tl\u00e1sr\u00f3l, a B\u00fazavir\u00e1g  apraj\u00e1r\u00f3l S\u00fcli  Erzs\u00e9bet \u00e9s Engi M\u00e1rta igyekeztek gondoskodni.  Felpezsd\u00fclt az \u00e9let, \u00e9s  mind a mai napig pezseg, amit az al\u00e1bbi k\u00e9pekkel  be is tudunk  bizony\u00edtani, mert ez az egy\u00fcttes 2010. november 20-\u00e1n  harmincadik  sz\u00fclet\u00e9snapj\u00e1t tartotta, ott k\u00e9sz\u00fcltek a felv\u00e9telek. Egy  \u00fcnnepelt kapni  szokott, de most adott, m\u00e9gpedig t\u00e1ncokat \u00e9s nem is  keveset. Sok r\u00e9gi  \u00e9s \u00faj t\u00e1ncos n\u00e9h\u00e1ny h\u00e9t kem\u00e9ny munk\u00e1val igyekezett az  est\u00e9t  eml\u00e9kezetess\u00e9 tenni. A t\u00e1ncosok k\u00f6z\u00f6tt voltak, akik m\u00e1r Kocsik  Ter\u00e9z  tan\u00e1rn\u0151 iskolai csoportj\u00e1ban is t\u00e1ncoltak, majd 1980-t\u00f3l  kisebb-nagyobb  megszak\u00edt\u00e1ssal mind a mai napig ropj\u00e1k, \u00e9s vannak olyanok  is a  gyermekek k\u00f6z\u00f6tt, akik csup\u00e1n csak n\u00e9h\u00e1ny hete csatlakoztak a   csoporthoz.<\/p>\n<p>A n\u00e9prajzi irodalom a magyar nyelvter\u00fcletet \u00f6t nagy  t\u00e1jegys\u00e9gre  tagolja: az Alf\u00f6ldre, a Felf\u00f6ldre, a Dun\u00e1nt\u00falra, a  t\u00f6rt\u00e9nelmi Erd\u00e9lyre  \u00e9s a Cs\u00e1ng\u00f3f\u00f6ldre.<\/p>\n<p>Az els\u0151 t\u00e1nc Erd\u00e9lyb\u0151l val\u00f3, a Kolozsv\u00e1rt\u00f3l nyugatra es\u0151 Kalotaszegr\u0151l. Az akt\u00edv t\u00e1nccsoport adta el\u0151 a <strong>kalotaszegi leg\u00e9nyest, cs\u00e1rd\u00e1st \u00e9s szapor\u00e1t<\/strong>.<strong> <\/strong>Id\u00e9n augusztusban ezt a t\u00e1ncot franciaorsz\u00e1gi breton k\u00f6z\u00f6ns\u00e9g is l\u00e1thatta.<\/p>\n<p>Az indul\u00e1skor a tarsolyban l\u00e9v\u0151 h\u00e1rom t\u00e1nc egyike, a <strong>sz\u00f3l\u00f3<\/strong> volt, amelyet egykor Lelik M\u00e1rta \u00e9s S\u00fcli J\u00f3zsef t\u00e1ncolt most pedig Bartha Zsolt \u00e9s feles\u00e9ge Kelemen Gabriella adta el\u0151.<\/p>\n<p><strong>Mez\u0151s\u00e9g<\/strong> az Erd\u00e9lyi medence k\u00f6z\u00e9ps\u0151 ter\u00fclet\u00e9n fekszik, a Szamos  \u00e9s a Maros  foly\u00f3k k\u00f6z\u00f6tt. Hatalmas kop\u00e1r dombjai er\u0151sen el\u00fctnek az  Erd\u00e9lyt  koszor\u00faz\u00f3 erd\u0151s hegyekt\u0151l. A bemutatott mez\u0151s\u00e9gi t\u00e1ncrend az <strong>\u00f6rd\u00f6ng\u00f6sf\u00fczesi ritka, fog\u00e1sol\u00e1s, sz\u00f6k\u0151s, korcsos \u00e9s s\u0171r\u0171 cs\u00e1rd\u00e1s valamint s\u0171r\u0171 magyar<\/strong>.<\/p>\n<p>A  B\u00fazavir\u00e1g t\u00e1nccsoport apraja, a legkisebbek. K\u00fcl\u00f6n k\u00f6sz\u00f6netet  illeti a  h\u00e9t kisperegi gyermeket \u00e9s lelkes sz\u00fcleiket, akik f\u00e1rads\u00e1got  nem  k\u00edm\u00e9lve minden h\u00e9tv\u00e9g\u00e9n \u00e1tj\u00f6nnek a szomsz\u00e9d falub\u00f3l a t\u00e1ncpr\u00f3b\u00e1kra.  \u0150k <strong>somogyi gyermekj\u00e1t\u00e9kokat \u00e9s t\u00e1ncokat <\/strong>adtak el\u0151.<\/p>\n<p>Az  egykori t\u00e1ncosok h\u00f6lgykoszor\u00faja, k\u00f6zt\u00fck anya \u00e9s l\u00e1nya egy\u00fctt  t\u00e1ncol \u00e9s  \u00e9neklik, hogy \u201eK\u00e9k ibolya b\u00fara hajtja a fej\u00e9t&#8221;. Az \u00e9vfordul\u00f3s   el\u0151ad\u00e1son<strong> S\u00e1rk\u00f6zi karik\u00e1z\u00f3<\/strong>t t\u00e1ncoltak.<\/p>\n<p>A t\u00e1nccsoportot  h\u00e1rom r\u00e9szre tagol\u00f3dik: a legkisebbek \u2013 az apraja, a  k\u00f6z\u00e9ps\u0151csoport \u00e9s a  nagycsoport \u2013 a nagyja. 2009-ben, a B\u00fazavir\u00e1g  n\u00e9pt\u00e1nccsoport nagyjai,  29 \u00e9v ut\u00e1n ism\u00e9t ell\u00e1togattak egykori m\u00e1sodik  turn\u00e9juk sz\u00ednhely\u00e9re,  Sz\u00e9kelyudvarhelyre, ahol vend\u00e9gl\u00e1t\u00f3juk, a  B\u00fazavir\u00e1g egykori  vezet\u0151j\u00e9nek, Khell Levent\u00e9nek a l\u00e1nya volt. A csoport  teljes  reperto\u00e1rj\u00e1val k\u00e1pr\u00e1ztatta el a helyi k\u00f6z\u00f6ns\u00e9get. Telev\u00edzi\u00f3s  felv\u00e9telek  is k\u00e9sz\u00fcltek a B\u00fazavir\u00e1g munk\u00e1j\u00e1r\u00f3l, t\u00e1ncair\u00f3l. 2005-ben az  InfoTv  ad\u00e1s\u00e1ban, 2009. febru\u00e1rj\u00e1ban az MTV1 H\u00e9tm\u00e9rf\u00f6ld m\u0171sor\u00e1ban \u00e9s  id\u00e9n, alig  egy h\u00f3napja Aradon a Szakszervezetek M\u0171vel\u0151d\u00e9si h\u00e1z\u00e1ban.  Ezeken a <strong>d\u00e9lelf\u00f6ldi t\u00e1ncok<\/strong>at<strong> <\/strong>is el\u0151adt\u00e1k.<\/p>\n<p>El\u0151sz\u00f6r egy p\u00e9cskai Templomb\u00facs\u00fan l\u00e1thattuk a <strong>sz\u00e1szcs\u00e1v\u00e1si pontoz\u00f3 \u00e9s cig\u00e1ny t\u00e1nc<\/strong>ot, ami nem kis gyakorl\u00e1s eredm\u00e9nye.<\/p>\n<p><strong>Farag\u00f3 P\u00e9ter<\/strong> a n\u00f6v\u00e9ny b\u00fazavir\u00e1g \u00e9s az \u00e1gas-bogas feladatokat  bet\u00f6lt\u0151  piros-feh\u00e9r-z\u00f6ld sz\u00edn\u0171 folkl\u00f3rt vir\u00e1gz\u00f3 p\u00e9cskai B\u00fazavir\u00e1g   N\u00e9pt\u00e1nc-csoport k\u00f6z\u00f6tt vont p\u00e1rhuzamot \u00e9s kiv\u00e9teles megtiszteltet\u00e9snek   nevezte, hogy egy\u00fctt lehet azokkal, akik b\u00e1rmilyen \u00e1ldozatot meghoznak   az\u00e9rt, hogy m\u00e1soknak \u00f6r\u00f6m\u00f6t, boldogs\u00e1got okozzanak. Elmondta, hogy a   B\u00fazavir\u00e1g n\u00e9lk\u00fcl nincs p\u00e9cskai magyar kult\u00fara, nincs Arad megy\u00e9ben   magyar n\u00e9pt\u00e1nc.<\/p>\n<p>A k\u00e9pvisel\u0151 egy d\u00edszoklevelet adott \u00e1t a  B\u00fazavir\u00e1g Egyes\u00fclet  eln\u00f6k\u00e9nek, Bartok Andr\u00e1snak, az Arad Megyei RMDSZ  h\u00e1l\u00e1ja \u00e9s elismer\u00e9se  jel\u00e9\u00fcl.<\/p>\n<p>Bartok Andr\u00e1s megk\u00f6sz\u00f6nte a d\u00edszoklevelet, \u00e9s elmondta, hogy a t\u00e1nccsoport tov\u00e1bbi m\u0171k\u00f6d\u00e9se a k\u00f6z\u00f6ns\u00e9gen is m\u00falik.<\/p>\n<p>Az egykori t\u00e1ncosok leg\u00e9nyei k\u00f6vetkeztek a <strong>toborz\u00f3 leg\u00e9nyes<\/strong>\u00e9vel.<\/p>\n<p>A  negyedik nagy t\u00e1jegys\u00e9g Erd\u00e9ly legnagyobb magyar vid\u00e9ke,  Sz\u00e9kelyf\u00f6ld. A  sz\u00e9kelyek nem v\u00e1rmegy\u00e9kbe, hanem sz\u00e9kekbe szervez\u0151dtek:\u00a0  Aranyossz\u00e9k,  Marossz\u00e9k, Szereda fi\u00fasz\u00e9kkel, Udvarhelysz\u00e9k, k\u00e9t  fi\u00fasz\u00e9kkel  (Kereszt\u00far- \u00e9s Bard\u00f3csz\u00e9k), Cs\u00edksz\u00e9k k\u00e9t fi\u00fasz\u00e9kkel  (Gyergy\u00f3sz\u00e9k \u00e9s  K\u00e1szonsz\u00e9k) valamint H\u00e1romsz\u00e9k, mely voltak\u00e9ppen n\u00e9gy,  Sepsi-, Orbai-,  K\u00e9zdi- \u00e9s Mikl\u00f3sv\u00e1rsz\u00e9k egy\u00fcttes\u00e9t jelenti. Innen a  k\u00f6vetkez\u0151 t\u00e1ncok  neve: <strong>sz\u00e9ki t\u00e1ncok.<\/strong><\/p>\n<p>A <strong>palot\u00e1s <\/strong>egy sz\u00e9p p\u00e1ros t\u00e1nc,  amely m\u00e1r t\u00f6bb mint 30 \u00e9ve van a  p\u00e9cskai B\u00fazavir\u00e1g n\u00e9pt\u00e1nccsoport  reperto\u00e1rj\u00e1n, amit a r\u00e9gi t\u00e1ncosok  adtak el\u0151.<\/p>\n<p>Az egyes\u00fclet \u00e9s  alap\u00edtv\u00e1nyok t\u00e1mogat\u00e1s\u00e1val a t\u00e1nccsoport tagjai t\u00f6bb  t\u00e1nct\u00e1borban  vettek r\u00e9szt. 2009-ben a k\u00f6z\u00e9ps\u0151 csoport t\u00e1ncosai Margitt\u00e1n  voltak,  ahol <strong>r\u00e1bak\u00f6zi t\u00e1ncok<\/strong>at tanultak.<\/p>\n<p>A B\u00fazavir\u00e1g n\u00e9pt\u00e1nccsoport els\u0151 koreogr\u00e1fusa, aki 25 \u00e9vig volt a szakmai ir\u00e1ny\u00edt\u00f3, a sz\u00e9kelyf\u00f6ldi <strong>Khell Levente tan\u00edt\u00f3<\/strong>, akivel egy\u00fctt t\u00e1ncolt tan\u00edt\u00f3n\u0151 feles\u00e9ge is, a p\u00e9cskai <strong>Sz\u00e9p Jol\u00e1n<\/strong>.<\/p>\n<p>Az 1982-es \u201ePerd\u00fclj T\u00e1ncra&#8221; c\u00edm\u0171 \u00f6n\u00e1ll\u00f3 m\u0171sor egyik kedvelt darabja volt a <strong>marossz\u00e9ki p\u00e1ros<\/strong>, amit leghamarabb tanult\u00e1k meg a kezd\u0151 t\u00e1ncosok.<\/p>\n<p>A  t\u00e1nccsoport programja igen zs\u00fafolt. Kora tavaszt\u00f3l k\u00e9s\u0151 \u0151szig  szinte  minden h\u00e9t v\u00e9g\u00e9n belf\u00f6ldi \u00e9s k\u00fclf\u00f6ldi kisz\u00e1ll\u00e1sok vannak  k\u00fcl\u00f6nb\u00f6z\u0151  fesztiv\u00e1lokra, v\u00e1rosnapokra, templomb\u00facs\u00fakra. A <strong>s\u00e1rk\u00f6zi karik\u00e1z\u00f3t, verbunkot \u00e9s cs\u00e1rd\u00e1st <\/strong>m\u00e1r<strong> <\/strong>sokszor el\u0151adt\u00e1k, nem kis sikerrel.<\/p>\n<p>A  B\u00fazavir\u00e1g Egyes\u00fclet \u2013 a t\u00e1nccsoporttal k\u00f6z\u00f6sen \u2013, el\u0151sz\u00f6r 2008-ban   szervezett P\u00e9csk\u00e1n n\u00e9pt\u00e1nc-t\u00e1bort, ahol a r\u00e9sztvev\u0151k a t\u00e1ncokon k\u00edv\u00fcl   n\u00e9pdalokat tanulhattak, \u00e9s n\u00e9prajzi ismeretekkel is gazdagodhattak. A <strong>mez\u0151f\u00f6ldi <\/strong>t\u00e1nc ennek a t\u00e1bornak a gy\u00fcm\u00f6lcse.<\/p>\n<p>\u201eSz\u00e9p a r\u00f3zsa h\u00e1rom napos kor\u00e1ban\u201d<strong> <\/strong>mondja  a n\u00e9pdal de nem csak  a r\u00f3zsa sz\u00e9p, hanem sz\u00e9p \u00fajra egy\u00fctt l\u00e1tni a r\u00e9gi  t\u00e1ncosokat, a  lelkesed\u00e9st, ahogyan zoksz\u00f3 n\u00e9lk\u00fcl v\u00e9gigcsin\u00e1lt\u00e1k a  pr\u00f3b\u00e1kat. M\u00e9g a  f\u00e1rads\u00e1g sem l\u00e1tszott rajtuk pedig egyesek a  munkahely\u00fckr\u0151l, m\u00e1sok a  h\u00e1zimunk\u00e1t\u00f3l j\u00f6ttek el, hogy a j\u00f3l ismert  dallamok felcsend\u00fcl\u00e9sekor  l\u00e1buk t\u00e1ncra perd\u00fclj\u00f6n. K\u00e1r, hogy ez csak 5  \u00e9venk\u00e9nt egyszer j\u00f6n \u00f6ssze.<\/p>\n<p>2006 augusztus\u00e1ban a B\u00fazavir\u00e1g  n\u00e9pt\u00e1nccsoport Magyarorsz\u00e1gon, a  Nagyk\u00e1tai Nemzetk\u00f6zi T\u00e1nctal\u00e1lkoz\u00f3n  vend\u00e9gszerepelt, ahol igen nagy  sikert aratott a <strong>magyarb\u0151di karika, cs\u00e1rd\u00e1s \u00e9s friss<\/strong>.<\/p>\n<p>A  B\u00fazavir\u00e1g fenn\u00e1ll\u00e1sa \u00f3ta h\u00e1romszor j\u00e1rt Belgiumban, el\u0151sz\u00f6r a helyi   K\u00e1lm\u00e1ny Lajos K\u00f6zm\u0171vel\u0151d\u00e9si Egyes\u00fclet szervez\u00e9s\u00e9ben, dr. P\u00e1lfi S\u00e1ndor   vezet\u00e9s\u00e9vel, 1997-ben, majd 2006 tavasz\u00e1n \u00e9s az id\u00e9n 2010 m\u00e1jus\u00e1ban.   Mindh\u00e1rom alkalommal elnyert\u00e9k a n\u00e9z\u0151k tetsz\u00e9s\u00e9t. A <strong>p\u00e9cskai p\u00e1ros t\u00e1nc<\/strong>ot els\u0151 ottj\u00e1rtukkor is nagyr\u00e9szt azok t\u00e1ncolt\u00e1k, akik most is el\u0151adt\u00e1k.<\/p>\n<p><strong>Matekovits M\u00e1ria <\/strong>Berde M\u00e1ria verssel a 125 \u00e9ves Erd\u00e9lyi Magyar K\u00f6zm\u0171vel\u0151d\u00e9si Egyes\u00fclet nev\u00e9ben k\u00f6sz\u00f6nt\u00f6tte a<strong> <\/strong>B\u00fazavir\u00e1got,   majd \u00e1tadta L\u00e1szl\u00f3 K\u00e1roly k\u00e9zdiv\u00e1s\u00e1rhelyi keramikusm\u0171v\u00e9sz \u00e9letf\u00e1t   \u00e1br\u00e1zol\u00f3 domborm\u0171v\u00e9t, amely mot\u00edvumai a Szatm\u00e1r megyei, honfoglal\u00e1skori   s\u00edrb\u00f3l, egy n\u0151i aranyfonatb\u00f3l \u00e1ll \u00f6ssze.<\/p>\n<p>Az \u00f6t\u00f6dik magyar n\u00e9prajzi t\u00e1jegys\u00e9g a moldvai cs\u00e1ng\u00f3vid\u00e9k, amelyhez a Tatros, B\u00e1k\u00f3 \u00e9s Roman vid\u00e9ke tartozik. A <strong>moldvai k\u00f6rt\u00e1ncok <\/strong>err\u0151l   a vid\u00e9kr\u0151l val\u00f3k. A B\u00fazavir\u00e1g a 2004-es Templomb\u00facs\u00fan mutatta be   el\u0151sz\u00f6r. Az \u00e9vfordul\u00f3s m\u0171sorban mindenki t\u00e1ncolta, aki valaha is j\u00e1rta.<\/p>\n<p>Az estet k\u00f6sz\u00f6nt\u00f6tte P\u00e9cska polg\u00e1rmestere, <strong>Antal P\u00e9ter<\/strong> is.<\/p>\n<p>Nincsen  r\u00f3zsa t\u00f6vis n\u00e9lk\u00fcl, no de t\u00e1nc sincs zene n\u00e9lk\u00fcl. 30 \u00e9v alatt  a  zenekari gondok v\u00e9gigk\u00eds\u00e9rt\u00e9k az egy\u00fcttes munk\u00e1j\u00e1t, s az, hogy m\u00e9gis   m\u0171k\u00f6dni tudott az a n\u00e9hai Boldizs\u00e1r J\u00e1nosnak, valamint Sz\u00e9p Zolt\u00e1nnak,   Rabb M\u00e1rtonnak \u00e9s a ma este is zen\u00e9l\u0151 Kurunczi Istv\u00e1nnak \u00e9s Ord\u00f3di   P\u00e9ternek k\u00f6sz\u00f6nhet\u0151. A <strong>g\u00f3lyat\u00e1nc<\/strong>ot Makra Andr\u00e1s is k\u00eds\u00e9rte, heged\u0171n.<\/p>\n<p><strong>Nagy Istv\u00e1n<\/strong> fizikatan\u00e1r, a B\u00fazavir\u00e1g 2007\u20148 k\u00f6z\u00f6tti \u00e9s a  K\u00e1lm\u00e1ny Lajos  K\u00f6zm\u0171vel\u0151d\u00e9si Egyes\u00fclet mostani eln\u00f6ke feleleven\u00edtette az  ugyanezen a  sz\u00ednpadon 1990. m\u00e1rcius 15-\u00e9n mondott besz\u00e9d\u00e9nek  k\u00f6r\u00fclm\u00e9nyeit, az akkor  is zs\u00fafolt n\u00e9z\u0151teret \u00e9s az akkor 100-al t\u00f6bb  \u00fcl\u0151helyet. Eml\u00edtette a  \u201989-es v\u00e1ltoz\u00e1s ut\u00e1ni kezdetet, Juh\u00e1sz J\u00e1nos els\u0151  B\u00fazavir\u00e1g-felel\u0151st,  Z\u00e1goni-Szab\u00f3 Andr\u00e1s tev\u00e9kenys\u00e9g\u00e9t \u00e9s a n\u00e9hai Libus  Andr\u00e1s  B\u00fazavir\u00e1g-f\u00e9nyk\u00e9peit, de sz\u00f3lt a 15., a 20. \u00e9s a 25.   B\u00fazavir\u00e1g-sz\u00fclet\u00e9snapr\u00f3l, a t\u00e1ncosok \u00e9s a t\u00e1nccsoport h\u00e1torsz\u00e1ga \u00e1ltal   1990. \u00f3ta elv\u00e9gzett sok-sok munk\u00e1r\u00f3l, aminek k\u00f6sz\u00f6nhet\u0151en a csoport   m\u0171sorait megn\u00e9z\u0151 k\u00f6z\u00f6ns\u00e9g \u00e9s az el\u00f6lj\u00e1r\u00f3k r\u00e9szesei lehetnek a magyar   n\u00e9pt\u00e1nc ny\u00fajtotta sz\u00e9ps\u00e9gnek. Ezt az \u00e1ldozatos munk\u00e1t \u2013 b\u00e1r csak el\u0151ad\u00e1s   ut\u00e1n jutott olykor egy-egy \u00fcveg sor vagy ritk\u00e1bban vacsora \u2013 a  t\u00e1ncosok  sz\u00edvesen v\u00e9gezt\u00e9k \u00e9s v\u00e9gzik, mert \u00fagy voltak vele, hogy ezzel  tartoznak  \u00f6nmaguknak, a saj\u00e1t lelk\u00fcknek \u00e9s annak a k\u00f6z\u00f6ss\u00e9gnek,  amelyb\u0151l  v\u00e9tettek, a p\u00e9cskai magyars\u00e1gnak. Nos, ez a p\u00e9cskai magyars\u00e1g   megtehetn\u00e9, hiszen vagyunk m\u00e9g vagy h\u00e1romezren, hogy minden egyes   alkalommal, amikor arr\u00f3l \u00e9rtes\u00fclnek, hogy m\u0171soros esten l\u00e9p fel a   t\u00e1nccsoport, hogy megt\u00f6lts\u00e9k ezt a termet. Ehhez k\u00e9pest az \u00e9vk\u00f6zi   \u00fcnnepeken \u2013 m\u00e1rcius 15., okt\u00f3ber 6., n\u00e9pt\u00e1nccsoportok tal\u00e1lkoz\u00f3ja \u2013   voltunk a teremben \u00f6tvenen, legfennebbb sz\u00e1zan, \u00e9s j\u00f3szerivel a   hozz\u00e1tartoz\u00f3k. Ez egy kicsit a mi, mindannyiunk szeg\u00e9nys\u00e9gi   bizony\u00edtv\u00e1nya.<\/p>\n<p>Tudom, hogy nem illik \u00fcnnepront\u00f3nak lenni, de valaki id\u0151nk\u00e9nt el kell mondjon olyasmit is, amit nem sz\u00edvesen hallunk, mondta.<\/p>\n<p>Sz\u00f3lt  a h\u00e1rom h\u00e9ttel kor\u00e1bban megjelent sz\u00ednes, t\u00f6bb mint \u00f6tven  k\u00e9ppel  illusztr\u00e1lt B\u00fazavir\u00e1g-f\u00fczetr\u0151l, amelyet a nemzetis\u00e9gi  n\u00e9pt\u00e1nccsoportok  tal\u00e1lkoz\u00f3j\u00e1ra k\u00e9sz\u00edtett, amit az \u0151 \u00fcnnepi aj\u00e1nd\u00e9kak\u00e9nt  is fel lehet  fogni. A kiadv\u00e1ny utols\u00f3 oldal\u00e1n a p\u00e9cskai magyars\u00e1gr\u00f3l  sokat mond\u00f3  sz\u00e1mok vannak. 1890-ben P\u00e9csk\u00e1n 8674 magyar \u00e9lt, \u00e9s ma a  harmada van,  van tal\u00e1n 3300. Akkoriban, az 1890-es \u00e9vekben P\u00e9csk\u00e1n  \u00e9venk\u00e9nt 330  els\u0151s volt, ma van 12-15.<\/p>\n<p>Ez a mi t\u00fckr\u00fcnk, \u00e9s ha nem vigy\u00e1zunk  r\u00e1, akkor r\u00f6vid id\u0151n bel\u00fcl \u00f6ssze  fog t\u00f6rni, \u00e9s megl\u00e1tjuk, hogy mit hoz  majd nek\u00fcnk az 50.  B\u00fazavir\u00e1g-sz\u00fclet\u00e9snap.<\/p>\n<p>A 2010. november 20-ai  30. B\u00fazavir\u00e1g-sz\u00fclet\u00e9snap az\u00e9rt j\u00f6hetett  l\u00e9tre, mert a 2001-ben  l\u00e9trej\u00f6tt B\u00fazavir\u00e1g Egyes\u00fclet vezet\u0151s\u00e9ge j\u00f3 ideje  \u00e9jt napp\u00e1 t\u00e9ve  dolgozik: Az egyes\u00fclet eln\u00f6ke: Bartok Andr\u00e1s, aleln\u00f6ke  Dancu Ang\u00e9la, a  vezet\u0151s\u00e9g tagja m\u00e9g S\u00fcli Erzs\u00e9bet, Kov\u00e1cs L\u00e1szl\u00f3, Botka  Cerasela, Cs\u00e1k  \u00c9va, Bartok M\u00e1ria, Borsos M\u00e1ria, Sisa Edit, Cs\u00e1k Ferenc  \u00e9s S\u00fcli  Bertalan a t\u00e1ncosok k\u00f6z\u00fcl, valamint j\u00f3magam, aki mostan\u00e1ban  keveset  tudok vel\u00fck lenni. Meg\u00e9rdemel az eln\u00f6ks\u00e9g egy tapsot. (Taps.)<\/p>\n<p>Nagy  Istv\u00e1n azzal z\u00e1rta, hogy a legk\u00f6zelebbi viszont l\u00e1t\u00e1sig munka  van  b\u0151ven, de csak akkor j\u00e1runk a v\u00e9g\u00e9re, ha mindannyian v\u00e9gezz\u00fck.<\/p>\n<p>A  B\u00fazavir\u00e1g Egyes\u00fclet 2005. \u00f3ta \u00e9vente szervez P\u00e9csk\u00e1n   N\u00e9pt\u00e1nc-tal\u00e1lkoz\u00f3t, amelyre belf\u00f6ldi \u00e9s k\u00fclf\u00f6ldi n\u00e9pt\u00e1nccsoportokat h\u00edv   meg. A <strong>szatm\u00e1ri verbunkot, cs\u00e1rd\u00e1st \u00e9s friss<\/strong>et<strong> <\/strong>a<strong> <\/strong>30.   \u00e9vfordul\u00f3s m\u0171sor utols\u00f3 t\u00e1nc\u00e1t a 2005-\u00f6s N\u00e9pt\u00e1nc-tal\u00e1lkoz\u00f3n mutatta be   el\u0151sz\u00f6r a B\u00fazavir\u00e1g. Akkor polg\u00e1ri ruh\u00e1kban, de az\u00f3ta sokszor l\u00e1thatta   viseletben is a helyi, \u00e9s nem csak a p\u00e9cskai k\u00f6z\u00f6ns\u00e9g.<\/p>\n<p>A  B\u00fazavir\u00e1g Egyes\u00fclet k\u00f6sz\u00f6netet mond els\u0151sorban a t\u00e1ncosoknak, a   sz\u00fcleiknek \u00e9s csal\u00e1djaiknak, akik lehet\u0151v\u00e9 teszik, hogy minden pr\u00f3b\u00e1n   ott legyenek. K\u00f6sz\u00f6net illeti a t\u00e1nccsoport jelenlegi koreogr\u00e1fus\u00e1t, a   szegedi Makra Andr\u00e1st, aki azon van, hogy a csoport egyre szebb, \u00e9s   sz\u00ednvonalasabb el\u0151ad\u00e1sokat tarthasson. K\u00f6sz\u00f6net az Egyes\u00fclet   vezet\u0151s\u00e9gnek, \u00e9s mindazoknak, akik az anyagi h\u00e1tteret biztos\u00edtj\u00e1k a   t\u00e1nccsoport sz\u00e1m\u00e1ra: a p\u00e9cskai Polg\u00e1rmesteri Hivatalnak, a K\u00e1lm\u00e1ny Lajos   K\u00f6zm\u0171vel\u0151d\u00e9si Egyes\u00fcletnek, az Ipartest\u00fcletnek, a p\u00e9cskai M\u0171vel\u0151d\u00e9si   H\u00e1znak, a Szent Antal Egyes\u00fcletnek, az Arad megyei tan\u00e1csnak, a Tomi   Impex KFT-nek, a To\u015fa vend\u00e9gl\u0151nek, a Communitas \u00e9s az Eurotrans   Alap\u00edtv\u00e1nyoknak, a p\u00e9cskai RMDSZ-nek, az MKIDSZ-nek, a R\u00f3mai Katolikus   Pl\u00e9b\u00e1ni\u00e1nak, a 2-es sz\u00e1m\u00fa \u00e1ltal\u00e1nos iskola vezet\u0151s\u00e9g\u00e9nek, valamint a   csoport megannyi m\u00e1s t\u00e1mogat\u00f3j\u00e1nak.<\/p>\n<p>K\u00edv\u00e1njuk, hogy mindannyiunk \u00f6r\u00f6m\u00e9re \u00e9s P\u00e9cska v\u00e1ros b\u00fcszkes\u00e9g\u00e9re m\u00e9g sok\u00e1ig ny\u00edlj\u00e9k a \u201eB\u00fazavir\u00e1g&#8221;, z\u00e1rta a m\u0171sort Engi M\u00e1rta.<\/p>\n<p>Ezt k\u00f6vet\u0151en az Egyes\u00fclet eln\u00f6ke az arra \u00e9rdemeseknek tartottaknak \u00e1tadta az aj\u00e1nd\u00e9kaikat.<\/p>\n<p>N\u00e9h\u00e1ny k\u00e9p a teremb\u0151l:<\/p>\n<p>A m\u0171sor a <strong>Csak egy k\u00e9k sz\u00edn\u0171 vir\u00e1g <\/strong>c\u00edm\u0171 dal k\u00f6z\u00f6s el\u00e9nekl\u00e9s\u00e9vel z\u00e1rult.<\/p>\n<p>A  m\u0171sor ut\u00e1n 260 egykori \u00e9s mostani t\u00e1ncos valamint a megh\u00edvott  vend\u00e9gek  reggelig tart\u00f3 b\u00e1lon vettek r\u00e9szt a helyi Ipartest\u00fcletben.<\/p>\n<p>Az el\u0151ad\u00e1sr\u00f3l besz\u00e1molt a <a href=\"http:\/\/www.nyugatijelen.com\/kultura\/sokaig_nyiljek_a_buzavirag.php\">Nyugati Jelen<\/a>, ami az <a href=\"http:\/\/erdely.ma\/kultura.php?id=78225\">Erd\u00e9ly ma<\/a> honlapon is olvashat\u00f3.<\/p>\n<div id='gallery-1' class='gallery galleryid-1072 gallery-columns-2 gallery-size-thumbnail'><figure class='gallery-item'>\n\t\t\t<div class='gallery-icon landscape'>\n\t\t\t\t<a href='https:\/\/nagyistvan.pecska.ro\/wp-content\/uploads\/2010\/11\/101-Hanyecz-Gabor-sirja.jpg'><img loading=\"lazy\" decoding=\"async\" width=\"150\" height=\"150\" src=\"https:\/\/nagyistvan.pecska.ro\/wp-content\/uploads\/2010\/11\/101-Hanyecz-Gabor-sirja-150x150.jpg\" class=\"attachment-thumbnail size-thumbnail\" alt=\"\" \/><\/a>\n\t\t\t<\/div><\/figure><figure class='gallery-item'>\n\t\t\t<div class='gallery-icon landscape'>\n\t\t\t\t<a href='https:\/\/nagyistvan.pecska.ro\/wp-content\/uploads\/2010\/11\/101-Hanyecz-Gabor-sirjanal-1.jpg'><img loading=\"lazy\" decoding=\"async\" width=\"150\" height=\"150\" src=\"https:\/\/nagyistvan.pecska.ro\/wp-content\/uploads\/2010\/11\/101-Hanyecz-Gabor-sirjanal-1-150x150.jpg\" class=\"attachment-thumbnail size-thumbnail\" alt=\"\" \/><\/a>\n\t\t\t<\/div><\/figure><figure class='gallery-item'>\n\t\t\t<div class='gallery-icon landscape'>\n\t\t\t\t<a href='https:\/\/nagyistvan.pecska.ro\/wp-content\/uploads\/2010\/11\/101-Hanyecz-Gabor-sirjanal-2.jpg'><img loading=\"lazy\" decoding=\"async\" width=\"150\" height=\"150\" src=\"https:\/\/nagyistvan.pecska.ro\/wp-content\/uploads\/2010\/11\/101-Hanyecz-Gabor-sirjanal-2-150x150.jpg\" class=\"attachment-thumbnail size-thumbnail\" alt=\"\" \/><\/a>\n\t\t\t<\/div><\/figure><figure class='gallery-item'>\n\t\t\t<div class='gallery-icon portrait'>\n\t\t\t\t<a href='https:\/\/nagyistvan.pecska.ro\/wp-content\/uploads\/2010\/11\/101-Hanyecz-Gabor-sirjanal-3.jpg'><img loading=\"lazy\" decoding=\"async\" width=\"150\" height=\"150\" src=\"https:\/\/nagyistvan.pecska.ro\/wp-content\/uploads\/2010\/11\/101-Hanyecz-Gabor-sirjanal-3-150x150.jpg\" class=\"attachment-thumbnail size-thumbnail\" alt=\"\" \/><\/a>\n\t\t\t<\/div><\/figure><figure class='gallery-item'>\n\t\t\t<div class='gallery-icon portrait'>\n\t\t\t\t<a href='https:\/\/nagyistvan.pecska.ro\/wp-content\/uploads\/2010\/11\/101-Hanyecz-Gabor-sirjanal-4.jpg'><img loading=\"lazy\" decoding=\"async\" width=\"150\" height=\"150\" src=\"https:\/\/nagyistvan.pecska.ro\/wp-content\/uploads\/2010\/11\/101-Hanyecz-Gabor-sirjanal-4-150x150.jpg\" class=\"attachment-thumbnail size-thumbnail\" alt=\"\" \/><\/a>\n\t\t\t<\/div><\/figure><figure class='gallery-item'>\n\t\t\t<div class='gallery-icon portrait'>\n\t\t\t\t<a href='https:\/\/nagyistvan.pecska.ro\/wp-content\/uploads\/2010\/11\/102-Libus-Andras-sirja-1.jpg'><img loading=\"lazy\" decoding=\"async\" width=\"150\" height=\"150\" src=\"https:\/\/nagyistvan.pecska.ro\/wp-content\/uploads\/2010\/11\/102-Libus-Andras-sirja-1-150x150.jpg\" class=\"attachment-thumbnail size-thumbnail\" alt=\"\" \/><\/a>\n\t\t\t<\/div><\/figure><figure class='gallery-item'>\n\t\t\t<div class='gallery-icon landscape'>\n\t\t\t\t<a href='https:\/\/nagyistvan.pecska.ro\/wp-content\/uploads\/2010\/11\/102-Libus-Andras-sirja-2.jpg'><img loading=\"lazy\" decoding=\"async\" width=\"150\" height=\"150\" src=\"https:\/\/nagyistvan.pecska.ro\/wp-content\/uploads\/2010\/11\/102-Libus-Andras-sirja-2-150x150.jpg\" class=\"attachment-thumbnail size-thumbnail\" alt=\"\" \/><\/a>\n\t\t\t<\/div><\/figure><figure class='gallery-item'>\n\t\t\t<div class='gallery-icon landscape'>\n\t\t\t\t<a href='https:\/\/nagyistvan.pecska.ro\/wp-content\/uploads\/2010\/11\/102-Libus-Andras-sirjanal-1.jpg'><img loading=\"lazy\" decoding=\"async\" width=\"150\" height=\"150\" src=\"https:\/\/nagyistvan.pecska.ro\/wp-content\/uploads\/2010\/11\/102-Libus-Andras-sirjanal-1-150x150.jpg\" class=\"attachment-thumbnail size-thumbnail\" alt=\"\" \/><\/a>\n\t\t\t<\/div><\/figure><figure class='gallery-item'>\n\t\t\t<div class='gallery-icon landscape'>\n\t\t\t\t<a href='https:\/\/nagyistvan.pecska.ro\/wp-content\/uploads\/2010\/11\/102-Libus-Andras-sirjanal-2.jpg'><img loading=\"lazy\" decoding=\"async\" width=\"150\" height=\"150\" src=\"https:\/\/nagyistvan.pecska.ro\/wp-content\/uploads\/2010\/11\/102-Libus-Andras-sirjanal-2-150x150.jpg\" class=\"attachment-thumbnail size-thumbnail\" alt=\"\" \/><\/a>\n\t\t\t<\/div><\/figure><figure class='gallery-item'>\n\t\t\t<div class='gallery-icon landscape'>\n\t\t\t\t<a href='https:\/\/nagyistvan.pecska.ro\/wp-content\/uploads\/2010\/11\/102-Libus-Andras-sirjanal-3.jpg'><img loading=\"lazy\" decoding=\"async\" width=\"150\" height=\"150\" src=\"https:\/\/nagyistvan.pecska.ro\/wp-content\/uploads\/2010\/11\/102-Libus-Andras-sirjanal-3-150x150.jpg\" class=\"attachment-thumbnail size-thumbnail\" alt=\"\" \/><\/a>\n\t\t\t<\/div><\/figure><figure class='gallery-item'>\n\t\t\t<div class='gallery-icon portrait'>\n\t\t\t\t<a href='https:\/\/nagyistvan.pecska.ro\/wp-content\/uploads\/2010\/11\/103-Boldizsar-Janos-sirjanal-1-a-Khell-csal\u00e1d.jpg'><img loading=\"lazy\" decoding=\"async\" width=\"150\" height=\"150\" src=\"https:\/\/nagyistvan.pecska.ro\/wp-content\/uploads\/2010\/11\/103-Boldizsar-Janos-sirjanal-1-a-Khell-csal\u00e1d-150x150.jpg\" class=\"attachment-thumbnail size-thumbnail\" alt=\"\" \/><\/a>\n\t\t\t<\/div><\/figure><figure class='gallery-item'>\n\t\t\t<div class='gallery-icon portrait'>\n\t\t\t\t<a href='https:\/\/nagyistvan.pecska.ro\/wp-content\/uploads\/2010\/11\/103-Boldizsar-Janos-sirjanal-2.jpg'><img loading=\"lazy\" decoding=\"async\" width=\"150\" height=\"150\" src=\"https:\/\/nagyistvan.pecska.ro\/wp-content\/uploads\/2010\/11\/103-Boldizsar-Janos-sirjanal-2-150x150.jpg\" class=\"attachment-thumbnail size-thumbnail\" alt=\"\" \/><\/a>\n\t\t\t<\/div><\/figure><figure class='gallery-item'>\n\t\t\t<div class='gallery-icon portrait'>\n\t\t\t\t<a href='https:\/\/nagyistvan.pecska.ro\/wp-content\/uploads\/2010\/11\/103-Boldizsar-Janos-sirjanal-3.jpg'><img loading=\"lazy\" decoding=\"async\" width=\"150\" height=\"150\" src=\"https:\/\/nagyistvan.pecska.ro\/wp-content\/uploads\/2010\/11\/103-Boldizsar-Janos-sirjanal-3-150x150.jpg\" class=\"attachment-thumbnail size-thumbnail\" alt=\"\" \/><\/a>\n\t\t\t<\/div><\/figure><figure class='gallery-item'>\n\t\t\t<div class='gallery-icon landscape'>\n\t\t\t\t<a href='https:\/\/nagyistvan.pecska.ro\/wp-content\/uploads\/2010\/11\/104-Nagy-Hajnalka-sirjanal-1.jpg'><img loading=\"lazy\" decoding=\"async\" width=\"150\" height=\"150\" src=\"https:\/\/nagyistvan.pecska.ro\/wp-content\/uploads\/2010\/11\/104-Nagy-Hajnalka-sirjanal-1-150x150.jpg\" class=\"attachment-thumbnail size-thumbnail\" alt=\"\" \/><\/a>\n\t\t\t<\/div><\/figure><figure class='gallery-item'>\n\t\t\t<div class='gallery-icon portrait'>\n\t\t\t\t<a href='https:\/\/nagyistvan.pecska.ro\/wp-content\/uploads\/2010\/11\/105-Molnar-Istvan-sirjanal.jpg'><img loading=\"lazy\" decoding=\"async\" width=\"150\" height=\"150\" src=\"https:\/\/nagyistvan.pecska.ro\/wp-content\/uploads\/2010\/11\/105-Molnar-Istvan-sirjanal-150x150.jpg\" class=\"attachment-thumbnail size-thumbnail\" alt=\"\" \/><\/a>\n\t\t\t<\/div><\/figure><figure class='gallery-item'>\n\t\t\t<div class='gallery-icon landscape'>\n\t\t\t\t<a href='https:\/\/nagyistvan.pecska.ro\/wp-content\/uploads\/2010\/11\/106-Engi-Daniel-sirjanal-1-Suli-Erzsebet-es-Khell-Levente.jpg'><img loading=\"lazy\" decoding=\"async\" width=\"150\" height=\"150\" src=\"https:\/\/nagyistvan.pecska.ro\/wp-content\/uploads\/2010\/11\/106-Engi-Daniel-sirjanal-1-Suli-Erzsebet-es-Khell-Levente-150x150.jpg\" class=\"attachment-thumbnail size-thumbnail\" alt=\"\" \/><\/a>\n\t\t\t<\/div><\/figure><figure class='gallery-item'>\n\t\t\t<div class='gallery-icon landscape'>\n\t\t\t\t<a href='https:\/\/nagyistvan.pecska.ro\/wp-content\/uploads\/2010\/11\/106-Engi-Daniel-sirjanal-2.jpg'><img loading=\"lazy\" decoding=\"async\" width=\"150\" height=\"150\" src=\"https:\/\/nagyistvan.pecska.ro\/wp-content\/uploads\/2010\/11\/106-Engi-Daniel-sirjanal-2-150x150.jpg\" class=\"attachment-thumbnail size-thumbnail\" alt=\"\" \/><\/a>\n\t\t\t<\/div><\/figure><figure class='gallery-item'>\n\t\t\t<div class='gallery-icon landscape'>\n\t\t\t\t<a href='https:\/\/nagyistvan.pecska.ro\/wp-content\/uploads\/2010\/11\/107-Barbu-Janos-sirjanal-1.jpg'><img loading=\"lazy\" decoding=\"async\" width=\"150\" height=\"150\" src=\"https:\/\/nagyistvan.pecska.ro\/wp-content\/uploads\/2010\/11\/107-Barbu-Janos-sirjanal-1-150x150.jpg\" class=\"attachment-thumbnail size-thumbnail\" alt=\"\" \/><\/a>\n\t\t\t<\/div><\/figure><figure class='gallery-item'>\n\t\t\t<div class='gallery-icon landscape'>\n\t\t\t\t<a href='https:\/\/nagyistvan.pecska.ro\/wp-content\/uploads\/2010\/11\/107-Barbu-Janos-sirjanal-2.jpg'><img loading=\"lazy\" decoding=\"async\" width=\"150\" height=\"150\" src=\"https:\/\/nagyistvan.pecska.ro\/wp-content\/uploads\/2010\/11\/107-Barbu-Janos-sirjanal-2-150x150.jpg\" class=\"attachment-thumbnail size-thumbnail\" alt=\"\" \/><\/a>\n\t\t\t<\/div><\/figure><figure class='gallery-item'>\n\t\t\t<div class='gallery-icon landscape'>\n\t\t\t\t<a href='https:\/\/nagyistvan.pecska.ro\/wp-content\/uploads\/2010\/11\/108-Szomoru-Dezso-sirjanal-1.jpg'><img loading=\"lazy\" decoding=\"async\" width=\"150\" height=\"150\" src=\"https:\/\/nagyistvan.pecska.ro\/wp-content\/uploads\/2010\/11\/108-Szomoru-Dezso-sirjanal-1-150x150.jpg\" class=\"attachment-thumbnail size-thumbnail\" alt=\"\" \/><\/a>\n\t\t\t<\/div><\/figure><figure class='gallery-item'>\n\t\t\t<div class='gallery-icon landscape'>\n\t\t\t\t<a href='https:\/\/nagyistvan.pecska.ro\/wp-content\/uploads\/2010\/11\/108-Szomoru-Dezso-sirjanal-2.jpg'><img loading=\"lazy\" decoding=\"async\" width=\"150\" height=\"150\" src=\"https:\/\/nagyistvan.pecska.ro\/wp-content\/uploads\/2010\/11\/108-Szomoru-Dezso-sirjanal-2-150x150.jpg\" class=\"attachment-thumbnail size-thumbnail\" alt=\"\" \/><\/a>\n\t\t\t<\/div><\/figure><figure class='gallery-item'>\n\t\t\t<div class='gallery-icon landscape'>\n\t\t\t\t<a href='https:\/\/nagyistvan.pecska.ro\/wp-content\/uploads\/2010\/11\/108-Szomoru-Dezso-sirjanal-3.jpg'><img loading=\"lazy\" decoding=\"async\" width=\"150\" height=\"150\" src=\"https:\/\/nagyistvan.pecska.ro\/wp-content\/uploads\/2010\/11\/108-Szomoru-Dezso-sirjanal-3-150x150.jpg\" class=\"attachment-thumbnail size-thumbnail\" alt=\"\" \/><\/a>\n\t\t\t<\/div><\/figure><figure class='gallery-item'>\n\t\t\t<div class='gallery-icon landscape'>\n\t\t\t\t<a href='https:\/\/nagyistvan.pecska.ro\/wp-content\/uploads\/2010\/11\/108-Szomoru-Dezso-sirjanal-4-Kiraly-Rozalisa-Suli-Erzsebet-Khell-Levente.jpg'><img loading=\"lazy\" decoding=\"async\" width=\"150\" height=\"150\" src=\"https:\/\/nagyistvan.pecska.ro\/wp-content\/uploads\/2010\/11\/108-Szomoru-Dezso-sirjanal-4-Kiraly-Rozalisa-Suli-Erzsebet-Khell-Levente-150x150.jpg\" class=\"attachment-thumbnail size-thumbnail\" alt=\"\" \/><\/a>\n\t\t\t<\/div><\/figure><figure class='gallery-item'>\n\t\t\t<div class='gallery-icon portrait'>\n\t\t\t\t<a href='https:\/\/nagyistvan.pecska.ro\/wp-content\/uploads\/2010\/11\/108-Szomoru-Dezso-sirjanal-5-Zabos-Elod-Zabos-Pal-Borsosne-Juhasz-Agnes.jpg'><img loading=\"lazy\" decoding=\"async\" width=\"150\" height=\"150\" src=\"https:\/\/nagyistvan.pecska.ro\/wp-content\/uploads\/2010\/11\/108-Szomoru-Dezso-sirjanal-5-Zabos-Elod-Zabos-Pal-Borsosne-Juhasz-Agnes-150x150.jpg\" class=\"attachment-thumbnail size-thumbnail\" alt=\"\" \/><\/a>\n\t\t\t<\/div><\/figure><figure class='gallery-item'>\n\t\t\t<div class='gallery-icon landscape'>\n\t\t\t\t<a href='https:\/\/nagyistvan.pecska.ro\/wp-content\/uploads\/2010\/11\/109-ifj.-Balogh-Janos-sirjanal-1.jpg'><img loading=\"lazy\" decoding=\"async\" width=\"150\" height=\"150\" src=\"https:\/\/nagyistvan.pecska.ro\/wp-content\/uploads\/2010\/11\/109-ifj.-Balogh-Janos-sirjanal-1-150x150.jpg\" class=\"attachment-thumbnail size-thumbnail\" alt=\"\" \/><\/a>\n\t\t\t<\/div><\/figure><figure class='gallery-item'>\n\t\t\t<div class='gallery-icon landscape'>\n\t\t\t\t<a href='https:\/\/nagyistvan.pecska.ro\/wp-content\/uploads\/2010\/11\/109-ifj.-Balogh-Janos-sirjanal-2.jpg'><img loading=\"lazy\" decoding=\"async\" width=\"150\" height=\"150\" src=\"https:\/\/nagyistvan.pecska.ro\/wp-content\/uploads\/2010\/11\/109-ifj.-Balogh-Janos-sirjanal-2-150x150.jpg\" class=\"attachment-thumbnail size-thumbnail\" alt=\"\" \/><\/a>\n\t\t\t<\/div><\/figure><figure class='gallery-item'>\n\t\t\t<div class='gallery-icon landscape'>\n\t\t\t\t<a href='https:\/\/nagyistvan.pecska.ro\/wp-content\/uploads\/2010\/11\/110-Koncsek-Anna-sirja.jpg'><img loading=\"lazy\" decoding=\"async\" width=\"150\" height=\"150\" src=\"https:\/\/nagyistvan.pecska.ro\/wp-content\/uploads\/2010\/11\/110-Koncsek-Anna-sirja-150x150.jpg\" class=\"attachment-thumbnail size-thumbnail\" alt=\"\" \/><\/a>\n\t\t\t<\/div><\/figure><figure class='gallery-item'>\n\t\t\t<div class='gallery-icon landscape'>\n\t\t\t\t<a href='https:\/\/nagyistvan.pecska.ro\/wp-content\/uploads\/2010\/11\/110-Koncsek-Anna-sirjanal.jpg'><img loading=\"lazy\" decoding=\"async\" width=\"150\" height=\"150\" src=\"https:\/\/nagyistvan.pecska.ro\/wp-content\/uploads\/2010\/11\/110-Koncsek-Anna-sirjanal-150x150.jpg\" class=\"attachment-thumbnail size-thumbnail\" alt=\"\" \/><\/a>\n\t\t\t<\/div><\/figure><figure class='gallery-item'>\n\t\t\t<div class='gallery-icon portrait'>\n\t\t\t\t<a href='https:\/\/nagyistvan.pecska.ro\/wp-content\/uploads\/2010\/11\/111-Halasi-Arpad-sirja-1.jpg'><img loading=\"lazy\" decoding=\"async\" width=\"150\" height=\"150\" src=\"https:\/\/nagyistvan.pecska.ro\/wp-content\/uploads\/2010\/11\/111-Halasi-Arpad-sirja-1-150x150.jpg\" class=\"attachment-thumbnail size-thumbnail\" alt=\"\" \/><\/a>\n\t\t\t<\/div><\/figure><figure class='gallery-item'>\n\t\t\t<div class='gallery-icon portrait'>\n\t\t\t\t<a href='https:\/\/nagyistvan.pecska.ro\/wp-content\/uploads\/2010\/11\/111-Halasi-Arpad-sirja-2.jpg'><img loading=\"lazy\" decoding=\"async\" width=\"150\" height=\"150\" src=\"https:\/\/nagyistvan.pecska.ro\/wp-content\/uploads\/2010\/11\/111-Halasi-Arpad-sirja-2-150x150.jpg\" class=\"attachment-thumbnail size-thumbnail\" alt=\"\" \/><\/a>\n\t\t\t<\/div><\/figure><figure class='gallery-item'>\n\t\t\t<div class='gallery-icon landscape'>\n\t\t\t\t<a href='https:\/\/nagyistvan.pecska.ro\/wp-content\/uploads\/2010\/11\/112-Barath-Gyorgy-sirja-1.jpg'><img loading=\"lazy\" decoding=\"async\" width=\"150\" height=\"150\" src=\"https:\/\/nagyistvan.pecska.ro\/wp-content\/uploads\/2010\/11\/112-Barath-Gyorgy-sirja-1-150x150.jpg\" class=\"attachment-thumbnail size-thumbnail\" alt=\"\" \/><\/a>\n\t\t\t<\/div><\/figure><figure class='gallery-item'>\n\t\t\t<div class='gallery-icon portrait'>\n\t\t\t\t<a href='https:\/\/nagyistvan.pecska.ro\/wp-content\/uploads\/2010\/11\/112-Barath-Gyorgy-sirja-2.jpg'><img loading=\"lazy\" decoding=\"async\" width=\"150\" height=\"150\" src=\"https:\/\/nagyistvan.pecska.ro\/wp-content\/uploads\/2010\/11\/112-Barath-Gyorgy-sirja-2-150x150.jpg\" class=\"attachment-thumbnail size-thumbnail\" alt=\"\" \/><\/a>\n\t\t\t<\/div><\/figure><figure class='gallery-item'>\n\t\t\t<div class='gallery-icon landscape'>\n\t\t\t\t<a href='https:\/\/nagyistvan.pecska.ro\/wp-content\/uploads\/2010\/11\/113-emlekezo-szentmisen-1-Czegledi-Ferenc-plebanos.jpg'><img loading=\"lazy\" decoding=\"async\" width=\"150\" height=\"150\" src=\"https:\/\/nagyistvan.pecska.ro\/wp-content\/uploads\/2010\/11\/113-emlekezo-szentmisen-1-Czegledi-Ferenc-plebanos-150x150.jpg\" class=\"attachment-thumbnail size-thumbnail\" alt=\"\" \/><\/a>\n\t\t\t<\/div><\/figure><figure class='gallery-item'>\n\t\t\t<div class='gallery-icon landscape'>\n\t\t\t\t<a href='https:\/\/nagyistvan.pecska.ro\/wp-content\/uploads\/2010\/11\/113-emlekezo-szentmisen-2.jpg'><img loading=\"lazy\" decoding=\"async\" width=\"150\" height=\"150\" src=\"https:\/\/nagyistvan.pecska.ro\/wp-content\/uploads\/2010\/11\/113-emlekezo-szentmisen-2-150x150.jpg\" class=\"attachment-thumbnail size-thumbnail\" alt=\"\" \/><\/a>\n\t\t\t<\/div><\/figure><figure class='gallery-item'>\n\t\t\t<div class='gallery-icon landscape'>\n\t\t\t\t<a href='https:\/\/nagyistvan.pecska.ro\/wp-content\/uploads\/2010\/11\/113-emlekezo-szentmisen-3.jpg'><img loading=\"lazy\" decoding=\"async\" width=\"150\" height=\"150\" src=\"https:\/\/nagyistvan.pecska.ro\/wp-content\/uploads\/2010\/11\/113-emlekezo-szentmisen-3-150x150.jpg\" class=\"attachment-thumbnail size-thumbnail\" alt=\"\" \/><\/a>\n\t\t\t<\/div><\/figure><figure class='gallery-item'>\n\t\t\t<div class='gallery-icon landscape'>\n\t\t\t\t<a href='https:\/\/nagyistvan.pecska.ro\/wp-content\/uploads\/2010\/11\/114-emlekezes-1.jpg'><img loading=\"lazy\" decoding=\"async\" width=\"150\" height=\"150\" src=\"https:\/\/nagyistvan.pecska.ro\/wp-content\/uploads\/2010\/11\/114-emlekezes-1-150x150.jpg\" class=\"attachment-thumbnail size-thumbnail\" alt=\"\" \/><\/a>\n\t\t\t<\/div><\/figure><figure class='gallery-item'>\n\t\t\t<div class='gallery-icon landscape'>\n\t\t\t\t<a href='https:\/\/nagyistvan.pecska.ro\/wp-content\/uploads\/2010\/11\/114-emlekezes-2.jpg'><img loading=\"lazy\" decoding=\"async\" width=\"150\" height=\"150\" src=\"https:\/\/nagyistvan.pecska.ro\/wp-content\/uploads\/2010\/11\/114-emlekezes-2-150x150.jpg\" class=\"attachment-thumbnail size-thumbnail\" alt=\"\" \/><\/a>\n\t\t\t<\/div><\/figure><figure class='gallery-item'>\n\t\t\t<div class='gallery-icon landscape'>\n\t\t\t\t<a href='https:\/\/nagyistvan.pecska.ro\/wp-content\/uploads\/2010\/11\/114-emlekezes-3.jpg'><img loading=\"lazy\" decoding=\"async\" width=\"150\" height=\"150\" src=\"https:\/\/nagyistvan.pecska.ro\/wp-content\/uploads\/2010\/11\/114-emlekezes-3-150x150.jpg\" class=\"attachment-thumbnail size-thumbnail\" alt=\"\" \/><\/a>\n\t\t\t<\/div><\/figure><figure class='gallery-item'>\n\t\t\t<div class='gallery-icon landscape'>\n\t\t\t\t<a href='https:\/\/nagyistvan.pecska.ro\/wp-content\/uploads\/2010\/11\/114-emlekezes-4.jpg'><img loading=\"lazy\" decoding=\"async\" width=\"150\" height=\"150\" src=\"https:\/\/nagyistvan.pecska.ro\/wp-content\/uploads\/2010\/11\/114-emlekezes-4-150x150.jpg\" class=\"attachment-thumbnail size-thumbnail\" alt=\"\" \/><\/a>\n\t\t\t<\/div><\/figure><figure class='gallery-item'>\n\t\t\t<div class='gallery-icon landscape'>\n\t\t\t\t<a href='https:\/\/nagyistvan.pecska.ro\/wp-content\/uploads\/2010\/11\/114-emlekezes-5.jpg'><img loading=\"lazy\" decoding=\"async\" width=\"150\" height=\"150\" src=\"https:\/\/nagyistvan.pecska.ro\/wp-content\/uploads\/2010\/11\/114-emlekezes-5-150x150.jpg\" class=\"attachment-thumbnail size-thumbnail\" alt=\"\" \/><\/a>\n\t\t\t<\/div><\/figure><figure class='gallery-item'>\n\t\t\t<div class='gallery-icon landscape'>\n\t\t\t\t<a href='https:\/\/nagyistvan.pecska.ro\/wp-content\/uploads\/2010\/11\/201-szinpadkep.jpg'><img loading=\"lazy\" decoding=\"async\" width=\"150\" height=\"150\" src=\"https:\/\/nagyistvan.pecska.ro\/wp-content\/uploads\/2010\/11\/201-szinpadkep-150x150.jpg\" class=\"attachment-thumbnail size-thumbnail\" alt=\"\" \/><\/a>\n\t\t\t<\/div><\/figure><figure class='gallery-item'>\n\t\t\t<div class='gallery-icon portrait'>\n\t\t\t\t<a href='https:\/\/nagyistvan.pecska.ro\/wp-content\/uploads\/2010\/11\/202-Bartok-Andras-egyesuleti-elnok.jpg'><img loading=\"lazy\" decoding=\"async\" width=\"150\" height=\"150\" src=\"https:\/\/nagyistvan.pecska.ro\/wp-content\/uploads\/2010\/11\/202-Bartok-Andras-egyesuleti-elnok-150x150.jpg\" class=\"attachment-thumbnail size-thumbnail\" alt=\"\" \/><\/a>\n\t\t\t<\/div><\/figure><figure class='gallery-item'>\n\t\t\t<div class='gallery-icon portrait'>\n\t\t\t\t<a href='https:\/\/nagyistvan.pecska.ro\/wp-content\/uploads\/2010\/11\/203-Engi-Marta-musorvezeto-1.jpg'><img loading=\"lazy\" decoding=\"async\" width=\"150\" height=\"150\" src=\"https:\/\/nagyistvan.pecska.ro\/wp-content\/uploads\/2010\/11\/203-Engi-Marta-musorvezeto-1-150x150.jpg\" class=\"attachment-thumbnail size-thumbnail\" alt=\"\" \/><\/a>\n\t\t\t<\/div><\/figure><figure class='gallery-item'>\n\t\t\t<div class='gallery-icon portrait'>\n\t\t\t\t<a href='https:\/\/nagyistvan.pecska.ro\/wp-content\/uploads\/2010\/11\/203-Engi-Marta-musorvezeto-2.jpg'><img loading=\"lazy\" decoding=\"async\" width=\"150\" height=\"150\" src=\"https:\/\/nagyistvan.pecska.ro\/wp-content\/uploads\/2010\/11\/203-Engi-Marta-musorvezeto-2-150x150.jpg\" class=\"attachment-thumbnail size-thumbnail\" alt=\"\" \/><\/a>\n\t\t\t<\/div><\/figure><figure class='gallery-item'>\n\t\t\t<div class='gallery-icon landscape'>\n\t\t\t\t<a href='https:\/\/nagyistvan.pecska.ro\/wp-content\/uploads\/2010\/11\/204-kozonseg-01.jpg'><img loading=\"lazy\" decoding=\"async\" width=\"150\" height=\"150\" src=\"https:\/\/nagyistvan.pecska.ro\/wp-content\/uploads\/2010\/11\/204-kozonseg-01-150x150.jpg\" class=\"attachment-thumbnail size-thumbnail\" alt=\"\" \/><\/a>\n\t\t\t<\/div><\/figure><figure class='gallery-item'>\n\t\t\t<div class='gallery-icon landscape'>\n\t\t\t\t<a href='https:\/\/nagyistvan.pecska.ro\/wp-content\/uploads\/2010\/11\/204-kozonseg-02.jpg'><img loading=\"lazy\" decoding=\"async\" width=\"150\" height=\"150\" src=\"https:\/\/nagyistvan.pecska.ro\/wp-content\/uploads\/2010\/11\/204-kozonseg-02-150x150.jpg\" class=\"attachment-thumbnail size-thumbnail\" alt=\"\" \/><\/a>\n\t\t\t<\/div><\/figure><figure class='gallery-item'>\n\t\t\t<div class='gallery-icon landscape'>\n\t\t\t\t<a href='https:\/\/nagyistvan.pecska.ro\/wp-content\/uploads\/2010\/11\/204-kozonseg-03.jpg'><img loading=\"lazy\" decoding=\"async\" width=\"150\" height=\"150\" src=\"https:\/\/nagyistvan.pecska.ro\/wp-content\/uploads\/2010\/11\/204-kozonseg-03-150x150.jpg\" class=\"attachment-thumbnail size-thumbnail\" alt=\"\" \/><\/a>\n\t\t\t<\/div><\/figure><figure class='gallery-item'>\n\t\t\t<div class='gallery-icon landscape'>\n\t\t\t\t<a href='https:\/\/nagyistvan.pecska.ro\/wp-content\/uploads\/2010\/11\/204-kozonseg-04.jpg'><img loading=\"lazy\" decoding=\"async\" width=\"150\" height=\"150\" src=\"https:\/\/nagyistvan.pecska.ro\/wp-content\/uploads\/2010\/11\/204-kozonseg-04-150x150.jpg\" class=\"attachment-thumbnail size-thumbnail\" alt=\"\" \/><\/a>\n\t\t\t<\/div><\/figure><figure class='gallery-item'>\n\t\t\t<div class='gallery-icon landscape'>\n\t\t\t\t<a href='https:\/\/nagyistvan.pecska.ro\/wp-content\/uploads\/2010\/11\/204-kozonseg-05.jpg'><img loading=\"lazy\" decoding=\"async\" width=\"150\" height=\"150\" src=\"https:\/\/nagyistvan.pecska.ro\/wp-content\/uploads\/2010\/11\/204-kozonseg-05-150x150.jpg\" class=\"attachment-thumbnail size-thumbnail\" alt=\"\" \/><\/a>\n\t\t\t<\/div><\/figure><figure class='gallery-item'>\n\t\t\t<div class='gallery-icon landscape'>\n\t\t\t\t<a href='https:\/\/nagyistvan.pecska.ro\/wp-content\/uploads\/2010\/11\/204-kozonseg-06.jpg'><img loading=\"lazy\" decoding=\"async\" width=\"150\" height=\"150\" src=\"https:\/\/nagyistvan.pecska.ro\/wp-content\/uploads\/2010\/11\/204-kozonseg-06-150x150.jpg\" class=\"attachment-thumbnail size-thumbnail\" alt=\"\" \/><\/a>\n\t\t\t<\/div><\/figure><figure class='gallery-item'>\n\t\t\t<div class='gallery-icon portrait'>\n\t\t\t\t<a href='https:\/\/nagyistvan.pecska.ro\/wp-content\/uploads\/2010\/11\/204-kozonseg-07.jpg'><img loading=\"lazy\" decoding=\"async\" width=\"150\" height=\"150\" src=\"https:\/\/nagyistvan.pecska.ro\/wp-content\/uploads\/2010\/11\/204-kozonseg-07-150x150.jpg\" class=\"attachment-thumbnail size-thumbnail\" alt=\"\" \/><\/a>\n\t\t\t<\/div><\/figure><figure class='gallery-item'>\n\t\t\t<div class='gallery-icon landscape'>\n\t\t\t\t<a href='https:\/\/nagyistvan.pecska.ro\/wp-content\/uploads\/2010\/11\/204-kozonseg-08.jpg'><img loading=\"lazy\" decoding=\"async\" width=\"150\" height=\"150\" src=\"https:\/\/nagyistvan.pecska.ro\/wp-content\/uploads\/2010\/11\/204-kozonseg-08-150x150.jpg\" class=\"attachment-thumbnail size-thumbnail\" alt=\"\" \/><\/a>\n\t\t\t<\/div><\/figure><figure class='gallery-item'>\n\t\t\t<div class='gallery-icon landscape'>\n\t\t\t\t<a href='https:\/\/nagyistvan.pecska.ro\/wp-content\/uploads\/2010\/11\/204-kozonseg-09.jpg'><img loading=\"lazy\" decoding=\"async\" width=\"150\" height=\"150\" src=\"https:\/\/nagyistvan.pecska.ro\/wp-content\/uploads\/2010\/11\/204-kozonseg-09-150x150.jpg\" class=\"attachment-thumbnail size-thumbnail\" alt=\"\" \/><\/a>\n\t\t\t<\/div><\/figure><figure class='gallery-item'>\n\t\t\t<div class='gallery-icon landscape'>\n\t\t\t\t<a href='https:\/\/nagyistvan.pecska.ro\/wp-content\/uploads\/2010\/11\/204-kozonseg-10.jpg'><img loading=\"lazy\" decoding=\"async\" width=\"150\" height=\"150\" src=\"https:\/\/nagyistvan.pecska.ro\/wp-content\/uploads\/2010\/11\/204-kozonseg-10-150x150.jpg\" class=\"attachment-thumbnail size-thumbnail\" alt=\"\" \/><\/a>\n\t\t\t<\/div><\/figure><figure class='gallery-item'>\n\t\t\t<div class='gallery-icon landscape'>\n\t\t\t\t<a href='https:\/\/nagyistvan.pecska.ro\/wp-content\/uploads\/2010\/11\/204-kozonseg-11.jpg'><img loading=\"lazy\" decoding=\"async\" width=\"150\" height=\"150\" src=\"https:\/\/nagyistvan.pecska.ro\/wp-content\/uploads\/2010\/11\/204-kozonseg-11-150x150.jpg\" class=\"attachment-thumbnail size-thumbnail\" alt=\"\" \/><\/a>\n\t\t\t<\/div><\/figure><figure class='gallery-item'>\n\t\t\t<div class='gallery-icon portrait'>\n\t\t\t\t<a href='https:\/\/nagyistvan.pecska.ro\/wp-content\/uploads\/2010\/11\/204-kozonseg-12.jpg'><img loading=\"lazy\" decoding=\"async\" width=\"150\" height=\"150\" src=\"https:\/\/nagyistvan.pecska.ro\/wp-content\/uploads\/2010\/11\/204-kozonseg-12-150x150.jpg\" class=\"attachment-thumbnail size-thumbnail\" alt=\"\" \/><\/a>\n\t\t\t<\/div><\/figure><figure class='gallery-item'>\n\t\t\t<div class='gallery-icon landscape'>\n\t\t\t\t<a href='https:\/\/nagyistvan.pecska.ro\/wp-content\/uploads\/2010\/11\/204-kozonseg-13.jpg'><img loading=\"lazy\" decoding=\"async\" width=\"150\" height=\"150\" src=\"https:\/\/nagyistvan.pecska.ro\/wp-content\/uploads\/2010\/11\/204-kozonseg-13-150x150.jpg\" class=\"attachment-thumbnail size-thumbnail\" alt=\"\" \/><\/a>\n\t\t\t<\/div><\/figure><figure class='gallery-item'>\n\t\t\t<div class='gallery-icon landscape'>\n\t\t\t\t<a href='https:\/\/nagyistvan.pecska.ro\/wp-content\/uploads\/2010\/11\/204-kozonseg-14.jpg'><img loading=\"lazy\" decoding=\"async\" width=\"150\" height=\"150\" src=\"https:\/\/nagyistvan.pecska.ro\/wp-content\/uploads\/2010\/11\/204-kozonseg-14-150x150.jpg\" class=\"attachment-thumbnail size-thumbnail\" alt=\"\" \/><\/a>\n\t\t\t<\/div><\/figure><figure class='gallery-item'>\n\t\t\t<div class='gallery-icon landscape'>\n\t\t\t\t<a href='https:\/\/nagyistvan.pecska.ro\/wp-content\/uploads\/2010\/11\/204-kozonseg-15.jpg'><img loading=\"lazy\" decoding=\"async\" width=\"150\" height=\"150\" src=\"https:\/\/nagyistvan.pecska.ro\/wp-content\/uploads\/2010\/11\/204-kozonseg-15-150x150.jpg\" class=\"attachment-thumbnail size-thumbnail\" alt=\"\" \/><\/a>\n\t\t\t<\/div><\/figure><figure class='gallery-item'>\n\t\t\t<div class='gallery-icon landscape'>\n\t\t\t\t<a href='https:\/\/nagyistvan.pecska.ro\/wp-content\/uploads\/2010\/11\/204-kozonseg-16.jpg'><img loading=\"lazy\" decoding=\"async\" width=\"150\" height=\"150\" src=\"https:\/\/nagyistvan.pecska.ro\/wp-content\/uploads\/2010\/11\/204-kozonseg-16-150x150.jpg\" class=\"attachment-thumbnail size-thumbnail\" alt=\"\" \/><\/a>\n\t\t\t<\/div><\/figure><figure class='gallery-item'>\n\t\t\t<div class='gallery-icon landscape'>\n\t\t\t\t<a href='https:\/\/nagyistvan.pecska.ro\/wp-content\/uploads\/2010\/11\/204-kozonseg-17.jpg'><img loading=\"lazy\" decoding=\"async\" width=\"150\" height=\"150\" src=\"https:\/\/nagyistvan.pecska.ro\/wp-content\/uploads\/2010\/11\/204-kozonseg-17-150x150.jpg\" class=\"attachment-thumbnail size-thumbnail\" alt=\"\" \/><\/a>\n\t\t\t<\/div><\/figure><figure class='gallery-item'>\n\t\t\t<div class='gallery-icon portrait'>\n\t\t\t\t<a href='https:\/\/nagyistvan.pecska.ro\/wp-content\/uploads\/2010\/11\/204-kozonseg-18.jpg'><img loading=\"lazy\" decoding=\"async\" width=\"150\" height=\"150\" src=\"https:\/\/nagyistvan.pecska.ro\/wp-content\/uploads\/2010\/11\/204-kozonseg-18-150x150.jpg\" class=\"attachment-thumbnail size-thumbnail\" alt=\"\" \/><\/a>\n\t\t\t<\/div><\/figure><figure class='gallery-item'>\n\t\t\t<div class='gallery-icon landscape'>\n\t\t\t\t<a href='https:\/\/nagyistvan.pecska.ro\/wp-content\/uploads\/2010\/11\/204-kozonseg-19.jpg'><img loading=\"lazy\" decoding=\"async\" width=\"150\" height=\"150\" src=\"https:\/\/nagyistvan.pecska.ro\/wp-content\/uploads\/2010\/11\/204-kozonseg-19-150x150.jpg\" class=\"attachment-thumbnail size-thumbnail\" alt=\"\" \/><\/a>\n\t\t\t<\/div><\/figure><figure class='gallery-item'>\n\t\t\t<div class='gallery-icon portrait'>\n\t\t\t\t<a href='https:\/\/nagyistvan.pecska.ro\/wp-content\/uploads\/2010\/11\/204-kozonseg-20.jpg'><img loading=\"lazy\" decoding=\"async\" width=\"150\" height=\"150\" src=\"https:\/\/nagyistvan.pecska.ro\/wp-content\/uploads\/2010\/11\/204-kozonseg-20-150x150.jpg\" class=\"attachment-thumbnail size-thumbnail\" alt=\"\" \/><\/a>\n\t\t\t<\/div><\/figure><figure class='gallery-item'>\n\t\t\t<div class='gallery-icon portrait'>\n\t\t\t\t<a href='https:\/\/nagyistvan.pecska.ro\/wp-content\/uploads\/2010\/11\/204-kozonseg-21.jpg'><img loading=\"lazy\" decoding=\"async\" width=\"150\" height=\"150\" src=\"https:\/\/nagyistvan.pecska.ro\/wp-content\/uploads\/2010\/11\/204-kozonseg-21-150x150.jpg\" class=\"attachment-thumbnail size-thumbnail\" alt=\"\" \/><\/a>\n\t\t\t<\/div><\/figure><figure class='gallery-item'>\n\t\t\t<div class='gallery-icon landscape'>\n\t\t\t\t<a href='https:\/\/nagyistvan.pecska.ro\/wp-content\/uploads\/2010\/11\/204-kozonseg-22.jpg'><img loading=\"lazy\" decoding=\"async\" width=\"150\" height=\"150\" src=\"https:\/\/nagyistvan.pecska.ro\/wp-content\/uploads\/2010\/11\/204-kozonseg-22-150x150.jpg\" class=\"attachment-thumbnail size-thumbnail\" alt=\"\" \/><\/a>\n\t\t\t<\/div><\/figure><figure class='gallery-item'>\n\t\t\t<div class='gallery-icon portrait'>\n\t\t\t\t<a href='https:\/\/nagyistvan.pecska.ro\/wp-content\/uploads\/2010\/11\/205-01-kalotaszegi-legynyes-1-Fridrik-L\u00f3r\u00e1nd.jpg'><img loading=\"lazy\" decoding=\"async\" width=\"150\" height=\"150\" src=\"https:\/\/nagyistvan.pecska.ro\/wp-content\/uploads\/2010\/11\/205-01-kalotaszegi-legynyes-1-Fridrik-L\u00f3r\u00e1nd-150x150.jpg\" class=\"attachment-thumbnail size-thumbnail\" alt=\"\" \/><\/a>\n\t\t\t<\/div><\/figure><figure class='gallery-item'>\n\t\t\t<div class='gallery-icon portrait'>\n\t\t\t\t<a href='https:\/\/nagyistvan.pecska.ro\/wp-content\/uploads\/2010\/11\/205-01-kalotaszegi-legynyes-2-Fridrik-L\u00f3r\u00e1nd.jpg'><img loading=\"lazy\" decoding=\"async\" width=\"150\" height=\"150\" src=\"https:\/\/nagyistvan.pecska.ro\/wp-content\/uploads\/2010\/11\/205-01-kalotaszegi-legynyes-2-Fridrik-L\u00f3r\u00e1nd-150x150.jpg\" class=\"attachment-thumbnail size-thumbnail\" alt=\"\" \/><\/a>\n\t\t\t<\/div><\/figure><figure class='gallery-item'>\n\t\t\t<div class='gallery-icon landscape'>\n\t\t\t\t<a href='https:\/\/nagyistvan.pecska.ro\/wp-content\/uploads\/2010\/11\/205-01-kalotaszegi-legynyes-3.jpg'><img loading=\"lazy\" decoding=\"async\" width=\"150\" height=\"150\" src=\"https:\/\/nagyistvan.pecska.ro\/wp-content\/uploads\/2010\/11\/205-01-kalotaszegi-legynyes-3-150x150.jpg\" class=\"attachment-thumbnail size-thumbnail\" alt=\"\" \/><\/a>\n\t\t\t<\/div><\/figure><figure class='gallery-item'>\n\t\t\t<div class='gallery-icon landscape'>\n\t\t\t\t<a href='https:\/\/nagyistvan.pecska.ro\/wp-content\/uploads\/2010\/11\/205-02-kalotaszegi-csardas-es-szapora.jpg'><img loading=\"lazy\" decoding=\"async\" width=\"150\" height=\"150\" src=\"https:\/\/nagyistvan.pecska.ro\/wp-content\/uploads\/2010\/11\/205-02-kalotaszegi-csardas-es-szapora-150x150.jpg\" class=\"attachment-thumbnail size-thumbnail\" alt=\"\" \/><\/a>\n\t\t\t<\/div><\/figure><figure class='gallery-item'>\n\t\t\t<div class='gallery-icon landscape'>\n\t\t\t\t<a href='https:\/\/nagyistvan.pecska.ro\/wp-content\/uploads\/2010\/11\/205-03-kalotaszegi-csardas-es-szapora.jpg'><img loading=\"lazy\" decoding=\"async\" width=\"150\" height=\"150\" src=\"https:\/\/nagyistvan.pecska.ro\/wp-content\/uploads\/2010\/11\/205-03-kalotaszegi-csardas-es-szapora-150x150.jpg\" class=\"attachment-thumbnail size-thumbnail\" alt=\"\" \/><\/a>\n\t\t\t<\/div><\/figure><figure class='gallery-item'>\n\t\t\t<div class='gallery-icon portrait'>\n\t\t\t\t<a href='https:\/\/nagyistvan.pecska.ro\/wp-content\/uploads\/2010\/11\/205-04-kalotaszegi-csardas-es-szapora-Bartok-Andras-Botka-Edina.jpg'><img loading=\"lazy\" decoding=\"async\" width=\"150\" height=\"150\" src=\"https:\/\/nagyistvan.pecska.ro\/wp-content\/uploads\/2010\/11\/205-04-kalotaszegi-csardas-es-szapora-Bartok-Andras-Botka-Edina-150x150.jpg\" class=\"attachment-thumbnail size-thumbnail\" alt=\"\" \/><\/a>\n\t\t\t<\/div><\/figure><figure class='gallery-item'>\n\t\t\t<div class='gallery-icon landscape'>\n\t\t\t\t<a href='https:\/\/nagyistvan.pecska.ro\/wp-content\/uploads\/2010\/11\/205-05-kalotaszegi-csardas-es-szapora.jpg'><img loading=\"lazy\" decoding=\"async\" width=\"150\" height=\"150\" src=\"https:\/\/nagyistvan.pecska.ro\/wp-content\/uploads\/2010\/11\/205-05-kalotaszegi-csardas-es-szapora-150x150.jpg\" class=\"attachment-thumbnail size-thumbnail\" alt=\"\" \/><\/a>\n\t\t\t<\/div><\/figure><figure class='gallery-item'>\n\t\t\t<div class='gallery-icon portrait'>\n\t\t\t\t<a href='https:\/\/nagyistvan.pecska.ro\/wp-content\/uploads\/2010\/11\/205-06-kalotaszegi-csardas-es-szapora.jpg'><img loading=\"lazy\" decoding=\"async\" width=\"150\" height=\"150\" src=\"https:\/\/nagyistvan.pecska.ro\/wp-content\/uploads\/2010\/11\/205-06-kalotaszegi-csardas-es-szapora-150x150.jpg\" class=\"attachment-thumbnail size-thumbnail\" alt=\"\" \/><\/a>\n\t\t\t<\/div><\/figure><figure class='gallery-item'>\n\t\t\t<div class='gallery-icon portrait'>\n\t\t\t\t<a href='https:\/\/nagyistvan.pecska.ro\/wp-content\/uploads\/2010\/11\/205-07-kalotaszegi-csardas-es-szapora-Bartok-Andras-Botka-Edina.jpg'><img loading=\"lazy\" decoding=\"async\" width=\"150\" height=\"150\" src=\"https:\/\/nagyistvan.pecska.ro\/wp-content\/uploads\/2010\/11\/205-07-kalotaszegi-csardas-es-szapora-Bartok-Andras-Botka-Edina-150x150.jpg\" class=\"attachment-thumbnail size-thumbnail\" alt=\"\" \/><\/a>\n\t\t\t<\/div><\/figure><figure class='gallery-item'>\n\t\t\t<div class='gallery-icon portrait'>\n\t\t\t\t<a href='https:\/\/nagyistvan.pecska.ro\/wp-content\/uploads\/2010\/11\/205-08-kalotaszegi-csardas-es-szapora-Csak-Ferenc-Csak-Eva.jpg'><img loading=\"lazy\" decoding=\"async\" width=\"150\" height=\"150\" src=\"https:\/\/nagyistvan.pecska.ro\/wp-content\/uploads\/2010\/11\/205-08-kalotaszegi-csardas-es-szapora-Csak-Ferenc-Csak-Eva-150x150.jpg\" class=\"attachment-thumbnail size-thumbnail\" alt=\"\" \/><\/a>\n\t\t\t<\/div><\/figure><figure class='gallery-item'>\n\t\t\t<div class='gallery-icon landscape'>\n\t\t\t\t<a href='https:\/\/nagyistvan.pecska.ro\/wp-content\/uploads\/2010\/11\/205-09-kalotaszegi-csardas-es-szapora.jpg'><img loading=\"lazy\" decoding=\"async\" width=\"150\" height=\"150\" src=\"https:\/\/nagyistvan.pecska.ro\/wp-content\/uploads\/2010\/11\/205-09-kalotaszegi-csardas-es-szapora-150x150.jpg\" class=\"attachment-thumbnail size-thumbnail\" alt=\"\" \/><\/a>\n\t\t\t<\/div><\/figure><figure class='gallery-item'>\n\t\t\t<div class='gallery-icon portrait'>\n\t\t\t\t<a href='https:\/\/nagyistvan.pecska.ro\/wp-content\/uploads\/2010\/11\/205-10-kalotaszegi-csardas-es-szapora-Csak-Ferenc-Csak-Eva.jpg'><img loading=\"lazy\" decoding=\"async\" width=\"150\" height=\"150\" src=\"https:\/\/nagyistvan.pecska.ro\/wp-content\/uploads\/2010\/11\/205-10-kalotaszegi-csardas-es-szapora-Csak-Ferenc-Csak-Eva-150x150.jpg\" class=\"attachment-thumbnail size-thumbnail\" alt=\"\" \/><\/a>\n\t\t\t<\/div><\/figure><figure class='gallery-item'>\n\t\t\t<div class='gallery-icon portrait'>\n\t\t\t\t<a href='https:\/\/nagyistvan.pecska.ro\/wp-content\/uploads\/2010\/11\/205-11-kalotaszegi-csardas-es-szapora.jpg'><img loading=\"lazy\" decoding=\"async\" width=\"150\" height=\"150\" src=\"https:\/\/nagyistvan.pecska.ro\/wp-content\/uploads\/2010\/11\/205-11-kalotaszegi-csardas-es-szapora-150x150.jpg\" class=\"attachment-thumbnail size-thumbnail\" alt=\"\" \/><\/a>\n\t\t\t<\/div><\/figure><figure class='gallery-item'>\n\t\t\t<div class='gallery-icon portrait'>\n\t\t\t\t<a href='https:\/\/nagyistvan.pecska.ro\/wp-content\/uploads\/2010\/11\/206-Barta-Zsolt-es-felesege-Kelemen-Gabriella-1.jpg'><img loading=\"lazy\" decoding=\"async\" width=\"150\" height=\"150\" src=\"https:\/\/nagyistvan.pecska.ro\/wp-content\/uploads\/2010\/11\/206-Barta-Zsolt-es-felesege-Kelemen-Gabriella-1-150x150.jpg\" class=\"attachment-thumbnail size-thumbnail\" alt=\"\" \/><\/a>\n\t\t\t<\/div><\/figure><figure class='gallery-item'>\n\t\t\t<div class='gallery-icon portrait'>\n\t\t\t\t<a href='https:\/\/nagyistvan.pecska.ro\/wp-content\/uploads\/2010\/11\/206-Barta-Zsolt-es-felesege-Kelemen-Gabriella-2.jpg'><img loading=\"lazy\" decoding=\"async\" width=\"150\" height=\"150\" src=\"https:\/\/nagyistvan.pecska.ro\/wp-content\/uploads\/2010\/11\/206-Barta-Zsolt-es-felesege-Kelemen-Gabriella-2-150x150.jpg\" class=\"attachment-thumbnail size-thumbnail\" alt=\"\" \/><\/a>\n\t\t\t<\/div><\/figure><figure class='gallery-item'>\n\t\t\t<div class='gallery-icon portrait'>\n\t\t\t\t<a href='https:\/\/nagyistvan.pecska.ro\/wp-content\/uploads\/2010\/11\/206-Barta-Zsolt-es-felesege-Kelemen-Gabriella-3.jpg'><img loading=\"lazy\" decoding=\"async\" width=\"150\" height=\"150\" src=\"https:\/\/nagyistvan.pecska.ro\/wp-content\/uploads\/2010\/11\/206-Barta-Zsolt-es-felesege-Kelemen-Gabriella-3-150x150.jpg\" class=\"attachment-thumbnail size-thumbnail\" alt=\"\" \/><\/a>\n\t\t\t<\/div><\/figure><figure class='gallery-item'>\n\t\t\t<div class='gallery-icon portrait'>\n\t\t\t\t<a href='https:\/\/nagyistvan.pecska.ro\/wp-content\/uploads\/2010\/11\/206-Barta-Zsolt-es-felesege-Kelemen-Gabriella-4.jpg'><img loading=\"lazy\" decoding=\"async\" width=\"150\" height=\"150\" src=\"https:\/\/nagyistvan.pecska.ro\/wp-content\/uploads\/2010\/11\/206-Barta-Zsolt-es-felesege-Kelemen-Gabriella-4-150x150.jpg\" class=\"attachment-thumbnail size-thumbnail\" alt=\"\" \/><\/a>\n\t\t\t<\/div><\/figure><figure class='gallery-item'>\n\t\t\t<div class='gallery-icon portrait'>\n\t\t\t\t<a href='https:\/\/nagyistvan.pecska.ro\/wp-content\/uploads\/2010\/11\/206-Barta-Zsolt-es-felesege-Kelemen-Gabriella-5.jpg'><img loading=\"lazy\" decoding=\"async\" width=\"150\" height=\"150\" src=\"https:\/\/nagyistvan.pecska.ro\/wp-content\/uploads\/2010\/11\/206-Barta-Zsolt-es-felesege-Kelemen-Gabriella-5-150x150.jpg\" class=\"attachment-thumbnail size-thumbnail\" alt=\"\" \/><\/a>\n\t\t\t<\/div><\/figure><figure class='gallery-item'>\n\t\t\t<div class='gallery-icon portrait'>\n\t\t\t\t<a href='https:\/\/nagyistvan.pecska.ro\/wp-content\/uploads\/2010\/11\/206-Bart\u00e1n\u00e9-Kelemen-Gabriella.jpg'><img loading=\"lazy\" decoding=\"async\" width=\"150\" height=\"150\" src=\"https:\/\/nagyistvan.pecska.ro\/wp-content\/uploads\/2010\/11\/206-Bart\u00e1n\u00e9-Kelemen-Gabriella-150x150.jpg\" class=\"attachment-thumbnail size-thumbnail\" alt=\"\" \/><\/a>\n\t\t\t<\/div><\/figure><figure class='gallery-item'>\n\t\t\t<div class='gallery-icon landscape'>\n\t\t\t\t<a href='https:\/\/nagyistvan.pecska.ro\/wp-content\/uploads\/2010\/11\/207-mezosegi-tancok-1.jpg'><img loading=\"lazy\" decoding=\"async\" width=\"150\" height=\"150\" src=\"https:\/\/nagyistvan.pecska.ro\/wp-content\/uploads\/2010\/11\/207-mezosegi-tancok-1-150x150.jpg\" class=\"attachment-thumbnail size-thumbnail\" alt=\"\" \/><\/a>\n\t\t\t<\/div><\/figure><figure class='gallery-item'>\n\t\t\t<div class='gallery-icon landscape'>\n\t\t\t\t<a href='https:\/\/nagyistvan.pecska.ro\/wp-content\/uploads\/2010\/11\/207-mezosegi-tancok-2.jpg'><img loading=\"lazy\" decoding=\"async\" width=\"150\" height=\"150\" src=\"https:\/\/nagyistvan.pecska.ro\/wp-content\/uploads\/2010\/11\/207-mezosegi-tancok-2-150x150.jpg\" class=\"attachment-thumbnail size-thumbnail\" alt=\"\" \/><\/a>\n\t\t\t<\/div><\/figure><figure class='gallery-item'>\n\t\t\t<div class='gallery-icon portrait'>\n\t\t\t\t<a href='https:\/\/nagyistvan.pecska.ro\/wp-content\/uploads\/2010\/11\/207-mezosegi-tancok-3-Roman-Norbert.jpg'><img loading=\"lazy\" decoding=\"async\" width=\"150\" height=\"150\" src=\"https:\/\/nagyistvan.pecska.ro\/wp-content\/uploads\/2010\/11\/207-mezosegi-tancok-3-Roman-Norbert-150x150.jpg\" class=\"attachment-thumbnail size-thumbnail\" alt=\"\" \/><\/a>\n\t\t\t<\/div><\/figure><figure class='gallery-item'>\n\t\t\t<div class='gallery-icon landscape'>\n\t\t\t\t<a href='https:\/\/nagyistvan.pecska.ro\/wp-content\/uploads\/2010\/11\/207-mezosegi-tancok-4.jpg'><img loading=\"lazy\" decoding=\"async\" width=\"150\" height=\"150\" src=\"https:\/\/nagyistvan.pecska.ro\/wp-content\/uploads\/2010\/11\/207-mezosegi-tancok-4-150x150.jpg\" class=\"attachment-thumbnail size-thumbnail\" alt=\"\" \/><\/a>\n\t\t\t<\/div><\/figure><figure class='gallery-item'>\n\t\t\t<div class='gallery-icon landscape'>\n\t\t\t\t<a href='https:\/\/nagyistvan.pecska.ro\/wp-content\/uploads\/2010\/11\/207-mezosegi-tancok-5.jpg'><img loading=\"lazy\" decoding=\"async\" width=\"150\" height=\"150\" src=\"https:\/\/nagyistvan.pecska.ro\/wp-content\/uploads\/2010\/11\/207-mezosegi-tancok-5-150x150.jpg\" class=\"attachment-thumbnail size-thumbnail\" alt=\"\" \/><\/a>\n\t\t\t<\/div><\/figure><figure class='gallery-item'>\n\t\t\t<div class='gallery-icon portrait'>\n\t\t\t\t<a href='https:\/\/nagyistvan.pecska.ro\/wp-content\/uploads\/2010\/11\/207-mezosegi-tancok-6.jpg'><img loading=\"lazy\" decoding=\"async\" width=\"150\" height=\"150\" src=\"https:\/\/nagyistvan.pecska.ro\/wp-content\/uploads\/2010\/11\/207-mezosegi-tancok-6-150x150.jpg\" class=\"attachment-thumbnail size-thumbnail\" alt=\"\" \/><\/a>\n\t\t\t<\/div><\/figure><figure class='gallery-item'>\n\t\t\t<div class='gallery-icon landscape'>\n\t\t\t\t<a href='https:\/\/nagyistvan.pecska.ro\/wp-content\/uploads\/2010\/11\/207-mezosegi-tancok-7.jpg'><img loading=\"lazy\" decoding=\"async\" width=\"150\" height=\"150\" src=\"https:\/\/nagyistvan.pecska.ro\/wp-content\/uploads\/2010\/11\/207-mezosegi-tancok-7-150x150.jpg\" class=\"attachment-thumbnail size-thumbnail\" alt=\"\" \/><\/a>\n\t\t\t<\/div><\/figure><figure class='gallery-item'>\n\t\t\t<div class='gallery-icon landscape'>\n\t\t\t\t<a href='https:\/\/nagyistvan.pecska.ro\/wp-content\/uploads\/2010\/11\/207-mezosegi-tancok-8.jpg'><img loading=\"lazy\" decoding=\"async\" width=\"150\" height=\"150\" src=\"https:\/\/nagyistvan.pecska.ro\/wp-content\/uploads\/2010\/11\/207-mezosegi-tancok-8-150x150.jpg\" class=\"attachment-thumbnail size-thumbnail\" alt=\"\" \/><\/a>\n\t\t\t<\/div><\/figure><figure class='gallery-item'>\n\t\t\t<div class='gallery-icon landscape'>\n\t\t\t\t<a href='https:\/\/nagyistvan.pecska.ro\/wp-content\/uploads\/2010\/11\/208-somogyi-gyermekjatekok-es-tancok-1.jpg'><img loading=\"lazy\" decoding=\"async\" width=\"150\" height=\"150\" src=\"https:\/\/nagyistvan.pecska.ro\/wp-content\/uploads\/2010\/11\/208-somogyi-gyermekjatekok-es-tancok-1-150x150.jpg\" class=\"attachment-thumbnail size-thumbnail\" alt=\"\" \/><\/a>\n\t\t\t<\/div><\/figure><figure class='gallery-item'>\n\t\t\t<div class='gallery-icon landscape'>\n\t\t\t\t<a href='https:\/\/nagyistvan.pecska.ro\/wp-content\/uploads\/2010\/11\/208-somogyi-gyermekjatekok-es-tancok-2.jpg'><img loading=\"lazy\" decoding=\"async\" width=\"150\" height=\"150\" src=\"https:\/\/nagyistvan.pecska.ro\/wp-content\/uploads\/2010\/11\/208-somogyi-gyermekjatekok-es-tancok-2-150x150.jpg\" class=\"attachment-thumbnail size-thumbnail\" alt=\"\" \/><\/a>\n\t\t\t<\/div><\/figure><figure class='gallery-item'>\n\t\t\t<div class='gallery-icon landscape'>\n\t\t\t\t<a href='https:\/\/nagyistvan.pecska.ro\/wp-content\/uploads\/2010\/11\/208-somogyi-gyermekjatekok-es-tancok-3.jpg'><img loading=\"lazy\" decoding=\"async\" width=\"150\" height=\"150\" src=\"https:\/\/nagyistvan.pecska.ro\/wp-content\/uploads\/2010\/11\/208-somogyi-gyermekjatekok-es-tancok-3-150x150.jpg\" class=\"attachment-thumbnail size-thumbnail\" alt=\"\" \/><\/a>\n\t\t\t<\/div><\/figure><figure class='gallery-item'>\n\t\t\t<div class='gallery-icon landscape'>\n\t\t\t\t<a href='https:\/\/nagyistvan.pecska.ro\/wp-content\/uploads\/2010\/11\/209-sarkozi-karikazo-01.jpg'><img loading=\"lazy\" decoding=\"async\" width=\"150\" height=\"150\" src=\"https:\/\/nagyistvan.pecska.ro\/wp-content\/uploads\/2010\/11\/209-sarkozi-karikazo-01-150x150.jpg\" class=\"attachment-thumbnail size-thumbnail\" alt=\"\" \/><\/a>\n\t\t\t<\/div><\/figure><figure class='gallery-item'>\n\t\t\t<div class='gallery-icon landscape'>\n\t\t\t\t<a href='https:\/\/nagyistvan.pecska.ro\/wp-content\/uploads\/2010\/11\/209-sarkozi-karikazo-02.jpg'><img loading=\"lazy\" decoding=\"async\" width=\"150\" height=\"150\" src=\"https:\/\/nagyistvan.pecska.ro\/wp-content\/uploads\/2010\/11\/209-sarkozi-karikazo-02-150x150.jpg\" class=\"attachment-thumbnail size-thumbnail\" alt=\"\" \/><\/a>\n\t\t\t<\/div><\/figure><figure class='gallery-item'>\n\t\t\t<div class='gallery-icon landscape'>\n\t\t\t\t<a href='https:\/\/nagyistvan.pecska.ro\/wp-content\/uploads\/2010\/11\/209-sarkozi-karikazo-03.jpg'><img loading=\"lazy\" decoding=\"async\" width=\"150\" height=\"150\" src=\"https:\/\/nagyistvan.pecska.ro\/wp-content\/uploads\/2010\/11\/209-sarkozi-karikazo-03-150x150.jpg\" class=\"attachment-thumbnail size-thumbnail\" alt=\"\" \/><\/a>\n\t\t\t<\/div><\/figure><figure class='gallery-item'>\n\t\t\t<div class='gallery-icon landscape'>\n\t\t\t\t<a href='https:\/\/nagyistvan.pecska.ro\/wp-content\/uploads\/2010\/11\/209-sarkozi-karikazo-04.jpg'><img loading=\"lazy\" decoding=\"async\" width=\"150\" height=\"150\" src=\"https:\/\/nagyistvan.pecska.ro\/wp-content\/uploads\/2010\/11\/209-sarkozi-karikazo-04-150x150.jpg\" class=\"attachment-thumbnail size-thumbnail\" alt=\"\" \/><\/a>\n\t\t\t<\/div><\/figure><figure class='gallery-item'>\n\t\t\t<div class='gallery-icon landscape'>\n\t\t\t\t<a href='https:\/\/nagyistvan.pecska.ro\/wp-content\/uploads\/2010\/11\/209-sarkozi-karikazo-05.jpg'><img loading=\"lazy\" decoding=\"async\" width=\"150\" height=\"150\" src=\"https:\/\/nagyistvan.pecska.ro\/wp-content\/uploads\/2010\/11\/209-sarkozi-karikazo-05-150x150.jpg\" class=\"attachment-thumbnail size-thumbnail\" alt=\"\" \/><\/a>\n\t\t\t<\/div><\/figure><figure class='gallery-item'>\n\t\t\t<div class='gallery-icon landscape'>\n\t\t\t\t<a href='https:\/\/nagyistvan.pecska.ro\/wp-content\/uploads\/2010\/11\/209-sarkozi-karikazo-06.jpg'><img loading=\"lazy\" decoding=\"async\" width=\"150\" height=\"150\" src=\"https:\/\/nagyistvan.pecska.ro\/wp-content\/uploads\/2010\/11\/209-sarkozi-karikazo-06-150x150.jpg\" class=\"attachment-thumbnail size-thumbnail\" alt=\"\" \/><\/a>\n\t\t\t<\/div><\/figure><figure class='gallery-item'>\n\t\t\t<div class='gallery-icon landscape'>\n\t\t\t\t<a href='https:\/\/nagyistvan.pecska.ro\/wp-content\/uploads\/2010\/11\/209-sarkozi-karikazo-07.jpg'><img loading=\"lazy\" decoding=\"async\" width=\"150\" height=\"150\" src=\"https:\/\/nagyistvan.pecska.ro\/wp-content\/uploads\/2010\/11\/209-sarkozi-karikazo-07-150x150.jpg\" class=\"attachment-thumbnail size-thumbnail\" alt=\"\" \/><\/a>\n\t\t\t<\/div><\/figure><figure class='gallery-item'>\n\t\t\t<div class='gallery-icon landscape'>\n\t\t\t\t<a href='https:\/\/nagyistvan.pecska.ro\/wp-content\/uploads\/2010\/11\/209-sarkozi-karikazo-08.jpg'><img loading=\"lazy\" decoding=\"async\" width=\"150\" height=\"150\" src=\"https:\/\/nagyistvan.pecska.ro\/wp-content\/uploads\/2010\/11\/209-sarkozi-karikazo-08-150x150.jpg\" class=\"attachment-thumbnail size-thumbnail\" alt=\"\" \/><\/a>\n\t\t\t<\/div><\/figure><figure class='gallery-item'>\n\t\t\t<div class='gallery-icon landscape'>\n\t\t\t\t<a href='https:\/\/nagyistvan.pecska.ro\/wp-content\/uploads\/2010\/11\/209-sarkozi-karikazo-09.jpg'><img loading=\"lazy\" decoding=\"async\" width=\"150\" height=\"150\" src=\"https:\/\/nagyistvan.pecska.ro\/wp-content\/uploads\/2010\/11\/209-sarkozi-karikazo-09-150x150.jpg\" class=\"attachment-thumbnail size-thumbnail\" alt=\"\" \/><\/a>\n\t\t\t<\/div><\/figure><figure class='gallery-item'>\n\t\t\t<div class='gallery-icon landscape'>\n\t\t\t\t<a href='https:\/\/nagyistvan.pecska.ro\/wp-content\/uploads\/2010\/11\/209-sarkozi-karikazo-10.jpg'><img loading=\"lazy\" decoding=\"async\" width=\"150\" height=\"150\" src=\"https:\/\/nagyistvan.pecska.ro\/wp-content\/uploads\/2010\/11\/209-sarkozi-karikazo-10-150x150.jpg\" class=\"attachment-thumbnail size-thumbnail\" alt=\"\" \/><\/a>\n\t\t\t<\/div><\/figure><figure class='gallery-item'>\n\t\t\t<div class='gallery-icon landscape'>\n\t\t\t\t<a href='https:\/\/nagyistvan.pecska.ro\/wp-content\/uploads\/2010\/11\/209-sarkozi-karikazo-11.jpg'><img loading=\"lazy\" decoding=\"async\" width=\"150\" height=\"150\" src=\"https:\/\/nagyistvan.pecska.ro\/wp-content\/uploads\/2010\/11\/209-sarkozi-karikazo-11-150x150.jpg\" class=\"attachment-thumbnail size-thumbnail\" alt=\"\" \/><\/a>\n\t\t\t<\/div><\/figure><figure class='gallery-item'>\n\t\t\t<div class='gallery-icon portrait'>\n\t\t\t\t<a href='https:\/\/nagyistvan.pecska.ro\/wp-content\/uploads\/2010\/11\/210-szaszcsavasi-pontozo-es-ciganytancok-1.jpg'><img loading=\"lazy\" decoding=\"async\" width=\"150\" height=\"150\" src=\"https:\/\/nagyistvan.pecska.ro\/wp-content\/uploads\/2010\/11\/210-szaszcsavasi-pontozo-es-ciganytancok-1-150x150.jpg\" class=\"attachment-thumbnail size-thumbnail\" alt=\"\" \/><\/a>\n\t\t\t<\/div><\/figure><figure class='gallery-item'>\n\t\t\t<div class='gallery-icon landscape'>\n\t\t\t\t<a href='https:\/\/nagyistvan.pecska.ro\/wp-content\/uploads\/2010\/11\/210-szaszcsavasi-pontozo-es-ciganytancok-2.jpg'><img loading=\"lazy\" decoding=\"async\" width=\"150\" height=\"150\" src=\"https:\/\/nagyistvan.pecska.ro\/wp-content\/uploads\/2010\/11\/210-szaszcsavasi-pontozo-es-ciganytancok-2-150x150.jpg\" class=\"attachment-thumbnail size-thumbnail\" alt=\"\" \/><\/a>\n\t\t\t<\/div><\/figure><figure class='gallery-item'>\n\t\t\t<div class='gallery-icon landscape'>\n\t\t\t\t<a href='https:\/\/nagyistvan.pecska.ro\/wp-content\/uploads\/2010\/11\/210-szaszcsavasi-pontozo-es-ciganytancok-3.jpg'><img loading=\"lazy\" decoding=\"async\" width=\"150\" height=\"150\" src=\"https:\/\/nagyistvan.pecska.ro\/wp-content\/uploads\/2010\/11\/210-szaszcsavasi-pontozo-es-ciganytancok-3-150x150.jpg\" class=\"attachment-thumbnail size-thumbnail\" alt=\"\" \/><\/a>\n\t\t\t<\/div><\/figure><figure class='gallery-item'>\n\t\t\t<div class='gallery-icon portrait'>\n\t\t\t\t<a href='https:\/\/nagyistvan.pecska.ro\/wp-content\/uploads\/2010\/11\/210-szaszcsavasi-pontozo-es-ciganytancok-4.jpg'><img loading=\"lazy\" decoding=\"async\" width=\"150\" height=\"150\" src=\"https:\/\/nagyistvan.pecska.ro\/wp-content\/uploads\/2010\/11\/210-szaszcsavasi-pontozo-es-ciganytancok-4-150x150.jpg\" class=\"attachment-thumbnail size-thumbnail\" alt=\"\" \/><\/a>\n\t\t\t<\/div><\/figure><figure class='gallery-item'>\n\t\t\t<div class='gallery-icon portrait'>\n\t\t\t\t<a href='https:\/\/nagyistvan.pecska.ro\/wp-content\/uploads\/2010\/11\/210-szaszcsavasi-pontozo-es-ciganytancok-5.jpg'><img loading=\"lazy\" decoding=\"async\" width=\"150\" height=\"150\" src=\"https:\/\/nagyistvan.pecska.ro\/wp-content\/uploads\/2010\/11\/210-szaszcsavasi-pontozo-es-ciganytancok-5-150x150.jpg\" class=\"attachment-thumbnail size-thumbnail\" alt=\"\" \/><\/a>\n\t\t\t<\/div><\/figure><figure class='gallery-item'>\n\t\t\t<div class='gallery-icon landscape'>\n\t\t\t\t<a href='https:\/\/nagyistvan.pecska.ro\/wp-content\/uploads\/2010\/11\/210-szaszcsavasi-pontozo-es-ciganytancok-6.jpg'><img loading=\"lazy\" decoding=\"async\" width=\"150\" height=\"150\" src=\"https:\/\/nagyistvan.pecska.ro\/wp-content\/uploads\/2010\/11\/210-szaszcsavasi-pontozo-es-ciganytancok-6-150x150.jpg\" class=\"attachment-thumbnail size-thumbnail\" alt=\"\" \/><\/a>\n\t\t\t<\/div><\/figure><figure class='gallery-item'>\n\t\t\t<div class='gallery-icon landscape'>\n\t\t\t\t<a href='https:\/\/nagyistvan.pecska.ro\/wp-content\/uploads\/2010\/11\/211-Bartok-Andras-Farago-Peter-1.jpg'><img loading=\"lazy\" decoding=\"async\" width=\"150\" height=\"150\" src=\"https:\/\/nagyistvan.pecska.ro\/wp-content\/uploads\/2010\/11\/211-Bartok-Andras-Farago-Peter-1-150x150.jpg\" class=\"attachment-thumbnail size-thumbnail\" alt=\"\" \/><\/a>\n\t\t\t<\/div><\/figure><figure class='gallery-item'>\n\t\t\t<div class='gallery-icon portrait'>\n\t\t\t\t<a href='https:\/\/nagyistvan.pecska.ro\/wp-content\/uploads\/2010\/11\/211-Bartok-Andras-Farago-Peter-2.jpg'><img loading=\"lazy\" decoding=\"async\" width=\"150\" height=\"150\" src=\"https:\/\/nagyistvan.pecska.ro\/wp-content\/uploads\/2010\/11\/211-Bartok-Andras-Farago-Peter-2-150x150.jpg\" class=\"attachment-thumbnail size-thumbnail\" alt=\"\" \/><\/a>\n\t\t\t<\/div><\/figure><figure class='gallery-item'>\n\t\t\t<div class='gallery-icon portrait'>\n\t\t\t\t<a href='https:\/\/nagyistvan.pecska.ro\/wp-content\/uploads\/2010\/11\/211-Farago-Peter-1.jpg'><img loading=\"lazy\" decoding=\"async\" width=\"150\" height=\"150\" src=\"https:\/\/nagyistvan.pecska.ro\/wp-content\/uploads\/2010\/11\/211-Farago-Peter-1-150x150.jpg\" class=\"attachment-thumbnail size-thumbnail\" alt=\"\" \/><\/a>\n\t\t\t<\/div><\/figure><figure class='gallery-item'>\n\t\t\t<div class='gallery-icon portrait'>\n\t\t\t\t<a href='https:\/\/nagyistvan.pecska.ro\/wp-content\/uploads\/2010\/11\/211-Farago-Peter-2.jpg'><img loading=\"lazy\" decoding=\"async\" width=\"150\" height=\"150\" src=\"https:\/\/nagyistvan.pecska.ro\/wp-content\/uploads\/2010\/11\/211-Farago-Peter-2-150x150.jpg\" class=\"attachment-thumbnail size-thumbnail\" alt=\"\" \/><\/a>\n\t\t\t<\/div><\/figure><figure class='gallery-item'>\n\t\t\t<div class='gallery-icon portrait'>\n\t\t\t\t<a href='https:\/\/nagyistvan.pecska.ro\/wp-content\/uploads\/2010\/11\/211-Farago-Peter-3.jpg'><img loading=\"lazy\" decoding=\"async\" width=\"150\" height=\"150\" src=\"https:\/\/nagyistvan.pecska.ro\/wp-content\/uploads\/2010\/11\/211-Farago-Peter-3-150x150.jpg\" class=\"attachment-thumbnail size-thumbnail\" alt=\"\" \/><\/a>\n\t\t\t<\/div><\/figure><figure class='gallery-item'>\n\t\t\t<div class='gallery-icon landscape'>\n\t\t\t\t<a href='https:\/\/nagyistvan.pecska.ro\/wp-content\/uploads\/2010\/11\/211-RMDSZ-d\u00edszoklev\u00e9l.jpg'><img loading=\"lazy\" decoding=\"async\" width=\"150\" height=\"150\" src=\"https:\/\/nagyistvan.pecska.ro\/wp-content\/uploads\/2010\/11\/211-RMDSZ-d\u00edszoklev\u00e9l-150x150.jpg\" class=\"attachment-thumbnail size-thumbnail\" alt=\"\" \/><\/a>\n\t\t\t<\/div><\/figure><figure class='gallery-item'>\n\t\t\t<div class='gallery-icon landscape'>\n\t\t\t\t<a href='https:\/\/nagyistvan.pecska.ro\/wp-content\/uploads\/2010\/11\/212-toborzo.jpg'><img loading=\"lazy\" decoding=\"async\" width=\"150\" height=\"150\" src=\"https:\/\/nagyistvan.pecska.ro\/wp-content\/uploads\/2010\/11\/212-toborzo-150x150.jpg\" class=\"attachment-thumbnail size-thumbnail\" alt=\"\" \/><\/a>\n\t\t\t<\/div><\/figure><figure class='gallery-item'>\n\t\t\t<div class='gallery-icon portrait'>\n\t\t\t\t<a href='https:\/\/nagyistvan.pecska.ro\/wp-content\/uploads\/2010\/11\/212-toborzo-zeneszek.jpg'><img loading=\"lazy\" decoding=\"async\" width=\"150\" height=\"150\" src=\"https:\/\/nagyistvan.pecska.ro\/wp-content\/uploads\/2010\/11\/212-toborzo-zeneszek-150x150.jpg\" class=\"attachment-thumbnail size-thumbnail\" alt=\"\" \/><\/a>\n\t\t\t<\/div><\/figure><figure class='gallery-item'>\n\t\t\t<div class='gallery-icon landscape'>\n\t\t\t\t<a href='https:\/\/nagyistvan.pecska.ro\/wp-content\/uploads\/2010\/11\/213-szeki-tancok-1.jpg'><img loading=\"lazy\" decoding=\"async\" width=\"150\" height=\"150\" src=\"https:\/\/nagyistvan.pecska.ro\/wp-content\/uploads\/2010\/11\/213-szeki-tancok-1-150x150.jpg\" class=\"attachment-thumbnail size-thumbnail\" alt=\"\" \/><\/a>\n\t\t\t<\/div><\/figure><figure class='gallery-item'>\n\t\t\t<div class='gallery-icon landscape'>\n\t\t\t\t<a href='https:\/\/nagyistvan.pecska.ro\/wp-content\/uploads\/2010\/11\/213-szeki-tancok-2.jpg'><img loading=\"lazy\" decoding=\"async\" width=\"150\" height=\"150\" src=\"https:\/\/nagyistvan.pecska.ro\/wp-content\/uploads\/2010\/11\/213-szeki-tancok-2-150x150.jpg\" class=\"attachment-thumbnail size-thumbnail\" alt=\"\" \/><\/a>\n\t\t\t<\/div><\/figure><figure class='gallery-item'>\n\t\t\t<div class='gallery-icon landscape'>\n\t\t\t\t<a href='https:\/\/nagyistvan.pecska.ro\/wp-content\/uploads\/2010\/11\/213-szeki-tancok-3.jpg'><img loading=\"lazy\" decoding=\"async\" width=\"150\" height=\"150\" src=\"https:\/\/nagyistvan.pecska.ro\/wp-content\/uploads\/2010\/11\/213-szeki-tancok-3-150x150.jpg\" class=\"attachment-thumbnail size-thumbnail\" alt=\"\" \/><\/a>\n\t\t\t<\/div><\/figure><figure class='gallery-item'>\n\t\t\t<div class='gallery-icon landscape'>\n\t\t\t\t<a href='https:\/\/nagyistvan.pecska.ro\/wp-content\/uploads\/2010\/11\/213-szeki-tancok-4.jpg'><img loading=\"lazy\" decoding=\"async\" width=\"150\" height=\"150\" src=\"https:\/\/nagyistvan.pecska.ro\/wp-content\/uploads\/2010\/11\/213-szeki-tancok-4-150x150.jpg\" class=\"attachment-thumbnail size-thumbnail\" alt=\"\" \/><\/a>\n\t\t\t<\/div><\/figure><figure class='gallery-item'>\n\t\t\t<div class='gallery-icon landscape'>\n\t\t\t\t<a href='https:\/\/nagyistvan.pecska.ro\/wp-content\/uploads\/2010\/11\/213-szeki-tancok-5.jpg'><img loading=\"lazy\" decoding=\"async\" width=\"150\" height=\"150\" src=\"https:\/\/nagyistvan.pecska.ro\/wp-content\/uploads\/2010\/11\/213-szeki-tancok-5-150x150.jpg\" class=\"attachment-thumbnail size-thumbnail\" alt=\"\" \/><\/a>\n\t\t\t<\/div><\/figure><figure class='gallery-item'>\n\t\t\t<div class='gallery-icon landscape'>\n\t\t\t\t<a href='https:\/\/nagyistvan.pecska.ro\/wp-content\/uploads\/2010\/11\/213-szeki-tancok-6.jpg'><img loading=\"lazy\" decoding=\"async\" width=\"150\" height=\"150\" src=\"https:\/\/nagyistvan.pecska.ro\/wp-content\/uploads\/2010\/11\/213-szeki-tancok-6-150x150.jpg\" class=\"attachment-thumbnail size-thumbnail\" alt=\"\" \/><\/a>\n\t\t\t<\/div><\/figure><figure class='gallery-item'>\n\t\t\t<div class='gallery-icon landscape'>\n\t\t\t\t<a href='https:\/\/nagyistvan.pecska.ro\/wp-content\/uploads\/2010\/11\/214-palotas-01.jpg'><img loading=\"lazy\" decoding=\"async\" width=\"150\" height=\"150\" src=\"https:\/\/nagyistvan.pecska.ro\/wp-content\/uploads\/2010\/11\/214-palotas-01-150x150.jpg\" class=\"attachment-thumbnail size-thumbnail\" alt=\"\" \/><\/a>\n\t\t\t<\/div><\/figure><figure class='gallery-item'>\n\t\t\t<div class='gallery-icon landscape'>\n\t\t\t\t<a href='https:\/\/nagyistvan.pecska.ro\/wp-content\/uploads\/2010\/11\/214-palotas-02.jpg'><img loading=\"lazy\" decoding=\"async\" width=\"150\" height=\"150\" src=\"https:\/\/nagyistvan.pecska.ro\/wp-content\/uploads\/2010\/11\/214-palotas-02-150x150.jpg\" class=\"attachment-thumbnail size-thumbnail\" alt=\"\" \/><\/a>\n\t\t\t<\/div><\/figure><figure class='gallery-item'>\n\t\t\t<div class='gallery-icon landscape'>\n\t\t\t\t<a href='https:\/\/nagyistvan.pecska.ro\/wp-content\/uploads\/2010\/11\/214-palotas-03.jpg'><img loading=\"lazy\" decoding=\"async\" width=\"150\" height=\"150\" src=\"https:\/\/nagyistvan.pecska.ro\/wp-content\/uploads\/2010\/11\/214-palotas-03-150x150.jpg\" class=\"attachment-thumbnail size-thumbnail\" alt=\"\" \/><\/a>\n\t\t\t<\/div><\/figure><figure class='gallery-item'>\n\t\t\t<div class='gallery-icon landscape'>\n\t\t\t\t<a href='https:\/\/nagyistvan.pecska.ro\/wp-content\/uploads\/2010\/11\/214-palotas-04.jpg'><img loading=\"lazy\" decoding=\"async\" width=\"150\" height=\"150\" src=\"https:\/\/nagyistvan.pecska.ro\/wp-content\/uploads\/2010\/11\/214-palotas-04-150x150.jpg\" class=\"attachment-thumbnail size-thumbnail\" alt=\"\" \/><\/a>\n\t\t\t<\/div><\/figure><figure class='gallery-item'>\n\t\t\t<div class='gallery-icon landscape'>\n\t\t\t\t<a href='https:\/\/nagyistvan.pecska.ro\/wp-content\/uploads\/2010\/11\/214-palotas-05.jpg'><img loading=\"lazy\" decoding=\"async\" width=\"150\" height=\"150\" src=\"https:\/\/nagyistvan.pecska.ro\/wp-content\/uploads\/2010\/11\/214-palotas-05-150x150.jpg\" class=\"attachment-thumbnail size-thumbnail\" alt=\"\" \/><\/a>\n\t\t\t<\/div><\/figure><figure class='gallery-item'>\n\t\t\t<div class='gallery-icon landscape'>\n\t\t\t\t<a href='https:\/\/nagyistvan.pecska.ro\/wp-content\/uploads\/2010\/11\/214-palotas-06.jpg'><img loading=\"lazy\" decoding=\"async\" width=\"150\" height=\"150\" src=\"https:\/\/nagyistvan.pecska.ro\/wp-content\/uploads\/2010\/11\/214-palotas-06-150x150.jpg\" class=\"attachment-thumbnail size-thumbnail\" alt=\"\" \/><\/a>\n\t\t\t<\/div><\/figure><figure class='gallery-item'>\n\t\t\t<div class='gallery-icon landscape'>\n\t\t\t\t<a href='https:\/\/nagyistvan.pecska.ro\/wp-content\/uploads\/2010\/11\/214-palotas-07.jpg'><img loading=\"lazy\" decoding=\"async\" width=\"150\" height=\"150\" src=\"https:\/\/nagyistvan.pecska.ro\/wp-content\/uploads\/2010\/11\/214-palotas-07-150x150.jpg\" class=\"attachment-thumbnail size-thumbnail\" alt=\"\" \/><\/a>\n\t\t\t<\/div><\/figure><figure class='gallery-item'>\n\t\t\t<div class='gallery-icon landscape'>\n\t\t\t\t<a href='https:\/\/nagyistvan.pecska.ro\/wp-content\/uploads\/2010\/11\/214-palotas-08.jpg'><img loading=\"lazy\" decoding=\"async\" width=\"150\" height=\"150\" src=\"https:\/\/nagyistvan.pecska.ro\/wp-content\/uploads\/2010\/11\/214-palotas-08-150x150.jpg\" class=\"attachment-thumbnail size-thumbnail\" alt=\"\" \/><\/a>\n\t\t\t<\/div><\/figure><figure class='gallery-item'>\n\t\t\t<div class='gallery-icon landscape'>\n\t\t\t\t<a href='https:\/\/nagyistvan.pecska.ro\/wp-content\/uploads\/2010\/11\/214-palotas-09.jpg'><img loading=\"lazy\" decoding=\"async\" width=\"150\" height=\"150\" src=\"https:\/\/nagyistvan.pecska.ro\/wp-content\/uploads\/2010\/11\/214-palotas-09-150x150.jpg\" class=\"attachment-thumbnail size-thumbnail\" alt=\"\" \/><\/a>\n\t\t\t<\/div><\/figure><figure class='gallery-item'>\n\t\t\t<div class='gallery-icon landscape'>\n\t\t\t\t<a href='https:\/\/nagyistvan.pecska.ro\/wp-content\/uploads\/2010\/11\/214-palotas-10.jpg'><img loading=\"lazy\" decoding=\"async\" width=\"150\" height=\"150\" src=\"https:\/\/nagyistvan.pecska.ro\/wp-content\/uploads\/2010\/11\/214-palotas-10-150x150.jpg\" class=\"attachment-thumbnail size-thumbnail\" alt=\"\" \/><\/a>\n\t\t\t<\/div><\/figure><figure class='gallery-item'>\n\t\t\t<div class='gallery-icon landscape'>\n\t\t\t\t<a href='https:\/\/nagyistvan.pecska.ro\/wp-content\/uploads\/2010\/11\/214-palotas-11.jpg'><img loading=\"lazy\" decoding=\"async\" width=\"150\" height=\"150\" src=\"https:\/\/nagyistvan.pecska.ro\/wp-content\/uploads\/2010\/11\/214-palotas-11-150x150.jpg\" class=\"attachment-thumbnail size-thumbnail\" alt=\"\" \/><\/a>\n\t\t\t<\/div><\/figure><figure class='gallery-item'>\n\t\t\t<div class='gallery-icon landscape'>\n\t\t\t\t<a href='https:\/\/nagyistvan.pecska.ro\/wp-content\/uploads\/2010\/11\/214-palotas-12.jpg'><img loading=\"lazy\" decoding=\"async\" width=\"150\" height=\"150\" src=\"https:\/\/nagyistvan.pecska.ro\/wp-content\/uploads\/2010\/11\/214-palotas-12-150x150.jpg\" class=\"attachment-thumbnail size-thumbnail\" alt=\"\" \/><\/a>\n\t\t\t<\/div><\/figure><figure class='gallery-item'>\n\t\t\t<div class='gallery-icon landscape'>\n\t\t\t\t<a href='https:\/\/nagyistvan.pecska.ro\/wp-content\/uploads\/2010\/11\/214-palotas-13.jpg'><img loading=\"lazy\" decoding=\"async\" width=\"150\" height=\"150\" src=\"https:\/\/nagyistvan.pecska.ro\/wp-content\/uploads\/2010\/11\/214-palotas-13-150x150.jpg\" class=\"attachment-thumbnail size-thumbnail\" alt=\"\" \/><\/a>\n\t\t\t<\/div><\/figure><figure class='gallery-item'>\n\t\t\t<div class='gallery-icon landscape'>\n\t\t\t\t<a href='https:\/\/nagyistvan.pecska.ro\/wp-content\/uploads\/2010\/11\/214-palotas-14.jpg'><img loading=\"lazy\" decoding=\"async\" width=\"150\" height=\"150\" src=\"https:\/\/nagyistvan.pecska.ro\/wp-content\/uploads\/2010\/11\/214-palotas-14-150x150.jpg\" class=\"attachment-thumbnail size-thumbnail\" alt=\"\" \/><\/a>\n\t\t\t<\/div><\/figure><figure class='gallery-item'>\n\t\t\t<div class='gallery-icon portrait'>\n\t\t\t\t<a href='https:\/\/nagyistvan.pecska.ro\/wp-content\/uploads\/2010\/11\/214-palotas-15.jpg'><img loading=\"lazy\" decoding=\"async\" width=\"150\" height=\"150\" src=\"https:\/\/nagyistvan.pecska.ro\/wp-content\/uploads\/2010\/11\/214-palotas-15-150x150.jpg\" class=\"attachment-thumbnail size-thumbnail\" alt=\"\" \/><\/a>\n\t\t\t<\/div><\/figure><figure class='gallery-item'>\n\t\t\t<div class='gallery-icon landscape'>\n\t\t\t\t<a href='https:\/\/nagyistvan.pecska.ro\/wp-content\/uploads\/2010\/11\/214-palotas-16.jpg'><img loading=\"lazy\" decoding=\"async\" width=\"150\" height=\"150\" src=\"https:\/\/nagyistvan.pecska.ro\/wp-content\/uploads\/2010\/11\/214-palotas-16-150x150.jpg\" class=\"attachment-thumbnail size-thumbnail\" alt=\"\" \/><\/a>\n\t\t\t<\/div><\/figure><figure class='gallery-item'>\n\t\t\t<div class='gallery-icon landscape'>\n\t\t\t\t<a href='https:\/\/nagyistvan.pecska.ro\/wp-content\/uploads\/2010\/11\/215-1.jpg'><img loading=\"lazy\" decoding=\"async\" width=\"150\" height=\"150\" src=\"https:\/\/nagyistvan.pecska.ro\/wp-content\/uploads\/2010\/11\/215-1-150x150.jpg\" class=\"attachment-thumbnail size-thumbnail\" alt=\"\" \/><\/a>\n\t\t\t<\/div><\/figure><figure class='gallery-item'>\n\t\t\t<div class='gallery-icon landscape'>\n\t\t\t\t<a href='https:\/\/nagyistvan.pecska.ro\/wp-content\/uploads\/2010\/11\/216-rabakozi-tancok-1.jpg'><img loading=\"lazy\" decoding=\"async\" width=\"150\" height=\"150\" src=\"https:\/\/nagyistvan.pecska.ro\/wp-content\/uploads\/2010\/11\/216-rabakozi-tancok-1-150x150.jpg\" class=\"attachment-thumbnail size-thumbnail\" alt=\"\" \/><\/a>\n\t\t\t<\/div><\/figure><figure class='gallery-item'>\n\t\t\t<div class='gallery-icon landscape'>\n\t\t\t\t<a href='https:\/\/nagyistvan.pecska.ro\/wp-content\/uploads\/2010\/11\/216-rabakozi-tancok-2.jpg'><img loading=\"lazy\" decoding=\"async\" width=\"150\" height=\"150\" src=\"https:\/\/nagyistvan.pecska.ro\/wp-content\/uploads\/2010\/11\/216-rabakozi-tancok-2-150x150.jpg\" class=\"attachment-thumbnail size-thumbnail\" alt=\"\" \/><\/a>\n\t\t\t<\/div><\/figure><figure class='gallery-item'>\n\t\t\t<div class='gallery-icon landscape'>\n\t\t\t\t<a href='https:\/\/nagyistvan.pecska.ro\/wp-content\/uploads\/2010\/11\/216-rabakozi-tancok-3.jpg'><img loading=\"lazy\" decoding=\"async\" width=\"150\" height=\"150\" src=\"https:\/\/nagyistvan.pecska.ro\/wp-content\/uploads\/2010\/11\/216-rabakozi-tancok-3-150x150.jpg\" class=\"attachment-thumbnail size-thumbnail\" alt=\"\" \/><\/a>\n\t\t\t<\/div><\/figure><figure class='gallery-item'>\n\t\t\t<div class='gallery-icon portrait'>\n\t\t\t\t<a href='https:\/\/nagyistvan.pecska.ro\/wp-content\/uploads\/2010\/11\/216-rabakozi-tancok-4.jpg'><img loading=\"lazy\" decoding=\"async\" width=\"150\" height=\"150\" src=\"https:\/\/nagyistvan.pecska.ro\/wp-content\/uploads\/2010\/11\/216-rabakozi-tancok-4-150x150.jpg\" class=\"attachment-thumbnail size-thumbnail\" alt=\"\" \/><\/a>\n\t\t\t<\/div><\/figure><figure class='gallery-item'>\n\t\t\t<div class='gallery-icon landscape'>\n\t\t\t\t<a href='https:\/\/nagyistvan.pecska.ro\/wp-content\/uploads\/2010\/11\/216-rabakozi-tancok-5.jpg'><img loading=\"lazy\" decoding=\"async\" width=\"150\" height=\"150\" src=\"https:\/\/nagyistvan.pecska.ro\/wp-content\/uploads\/2010\/11\/216-rabakozi-tancok-5-150x150.jpg\" class=\"attachment-thumbnail size-thumbnail\" alt=\"\" \/><\/a>\n\t\t\t<\/div><\/figure><figure class='gallery-item'>\n\t\t\t<div class='gallery-icon landscape'>\n\t\t\t\t<a href='https:\/\/nagyistvan.pecska.ro\/wp-content\/uploads\/2010\/11\/216-rabakozi-tancok-6.jpg'><img loading=\"lazy\" decoding=\"async\" width=\"150\" height=\"150\" src=\"https:\/\/nagyistvan.pecska.ro\/wp-content\/uploads\/2010\/11\/216-rabakozi-tancok-6-150x150.jpg\" class=\"attachment-thumbnail size-thumbnail\" alt=\"\" \/><\/a>\n\t\t\t<\/div><\/figure><figure class='gallery-item'>\n\t\t\t<div class='gallery-icon landscape'>\n\t\t\t\t<a href='https:\/\/nagyistvan.pecska.ro\/wp-content\/uploads\/2010\/11\/216-rabakozi-tancok-7.jpg'><img loading=\"lazy\" decoding=\"async\" width=\"150\" height=\"150\" src=\"https:\/\/nagyistvan.pecska.ro\/wp-content\/uploads\/2010\/11\/216-rabakozi-tancok-7-150x150.jpg\" class=\"attachment-thumbnail size-thumbnail\" alt=\"\" \/><\/a>\n\t\t\t<\/div><\/figure><figure class='gallery-item'>\n\t\t\t<div class='gallery-icon portrait'>\n\t\t\t\t<a href='https:\/\/nagyistvan.pecska.ro\/wp-content\/uploads\/2010\/11\/217-Khell-Levente-1.jpg'><img loading=\"lazy\" decoding=\"async\" width=\"150\" height=\"150\" src=\"https:\/\/nagyistvan.pecska.ro\/wp-content\/uploads\/2010\/11\/217-Khell-Levente-1-150x150.jpg\" class=\"attachment-thumbnail size-thumbnail\" alt=\"\" \/><\/a>\n\t\t\t<\/div><\/figure><figure class='gallery-item'>\n\t\t\t<div class='gallery-icon portrait'>\n\t\t\t\t<a href='https:\/\/nagyistvan.pecska.ro\/wp-content\/uploads\/2010\/11\/217-Khell-Levente-2.jpg'><img loading=\"lazy\" decoding=\"async\" width=\"150\" height=\"150\" src=\"https:\/\/nagyistvan.pecska.ro\/wp-content\/uploads\/2010\/11\/217-Khell-Levente-2-150x150.jpg\" class=\"attachment-thumbnail size-thumbnail\" alt=\"\" \/><\/a>\n\t\t\t<\/div><\/figure><figure class='gallery-item'>\n\t\t\t<div class='gallery-icon portrait'>\n\t\t\t\t<a href='https:\/\/nagyistvan.pecska.ro\/wp-content\/uploads\/2010\/11\/217-Khell-Levente-3.jpg'><img loading=\"lazy\" decoding=\"async\" width=\"150\" height=\"150\" src=\"https:\/\/nagyistvan.pecska.ro\/wp-content\/uploads\/2010\/11\/217-Khell-Levente-3-150x150.jpg\" class=\"attachment-thumbnail size-thumbnail\" alt=\"\" \/><\/a>\n\t\t\t<\/div><\/figure><figure class='gallery-item'>\n\t\t\t<div class='gallery-icon landscape'>\n\t\t\t\t<a href='https:\/\/nagyistvan.pecska.ro\/wp-content\/uploads\/2010\/11\/218-marosszeki-paros-1.jpg'><img loading=\"lazy\" decoding=\"async\" width=\"150\" height=\"150\" src=\"https:\/\/nagyistvan.pecska.ro\/wp-content\/uploads\/2010\/11\/218-marosszeki-paros-1-150x150.jpg\" class=\"attachment-thumbnail size-thumbnail\" alt=\"\" \/><\/a>\n\t\t\t<\/div><\/figure><figure class='gallery-item'>\n\t\t\t<div class='gallery-icon landscape'>\n\t\t\t\t<a href='https:\/\/nagyistvan.pecska.ro\/wp-content\/uploads\/2010\/11\/218-marosszeki-paros-2.jpg'><img loading=\"lazy\" decoding=\"async\" width=\"150\" height=\"150\" src=\"https:\/\/nagyistvan.pecska.ro\/wp-content\/uploads\/2010\/11\/218-marosszeki-paros-2-150x150.jpg\" class=\"attachment-thumbnail size-thumbnail\" alt=\"\" \/><\/a>\n\t\t\t<\/div><\/figure><figure class='gallery-item'>\n\t\t\t<div class='gallery-icon landscape'>\n\t\t\t\t<a href='https:\/\/nagyistvan.pecska.ro\/wp-content\/uploads\/2010\/11\/218-marosszeki-paros-3.jpg'><img loading=\"lazy\" decoding=\"async\" width=\"150\" height=\"150\" src=\"https:\/\/nagyistvan.pecska.ro\/wp-content\/uploads\/2010\/11\/218-marosszeki-paros-3-150x150.jpg\" class=\"attachment-thumbnail size-thumbnail\" alt=\"\" \/><\/a>\n\t\t\t<\/div><\/figure><figure class='gallery-item'>\n\t\t\t<div class='gallery-icon landscape'>\n\t\t\t\t<a href='https:\/\/nagyistvan.pecska.ro\/wp-content\/uploads\/2010\/11\/218-marosszeki-paros-4.jpg'><img loading=\"lazy\" decoding=\"async\" width=\"150\" height=\"150\" src=\"https:\/\/nagyistvan.pecska.ro\/wp-content\/uploads\/2010\/11\/218-marosszeki-paros-4-150x150.jpg\" class=\"attachment-thumbnail size-thumbnail\" alt=\"\" \/><\/a>\n\t\t\t<\/div><\/figure><figure class='gallery-item'>\n\t\t\t<div class='gallery-icon landscape'>\n\t\t\t\t<a href='https:\/\/nagyistvan.pecska.ro\/wp-content\/uploads\/2010\/11\/218-marosszeki-paros-5.jpg'><img loading=\"lazy\" decoding=\"async\" width=\"150\" height=\"150\" src=\"https:\/\/nagyistvan.pecska.ro\/wp-content\/uploads\/2010\/11\/218-marosszeki-paros-5-150x150.jpg\" class=\"attachment-thumbnail size-thumbnail\" alt=\"\" \/><\/a>\n\t\t\t<\/div><\/figure><figure class='gallery-item'>\n\t\t\t<div class='gallery-icon landscape'>\n\t\t\t\t<a href='https:\/\/nagyistvan.pecska.ro\/wp-content\/uploads\/2010\/11\/218-marosszeki-paros-6.jpg'><img loading=\"lazy\" decoding=\"async\" width=\"150\" height=\"150\" src=\"https:\/\/nagyistvan.pecska.ro\/wp-content\/uploads\/2010\/11\/218-marosszeki-paros-6-150x150.jpg\" class=\"attachment-thumbnail size-thumbnail\" alt=\"\" \/><\/a>\n\t\t\t<\/div><\/figure><figure class='gallery-item'>\n\t\t\t<div class='gallery-icon landscape'>\n\t\t\t\t<a href='https:\/\/nagyistvan.pecska.ro\/wp-content\/uploads\/2010\/11\/219-sarkozi-1.jpg'><img loading=\"lazy\" decoding=\"async\" width=\"150\" height=\"150\" src=\"https:\/\/nagyistvan.pecska.ro\/wp-content\/uploads\/2010\/11\/219-sarkozi-1-150x150.jpg\" class=\"attachment-thumbnail size-thumbnail\" alt=\"\" \/><\/a>\n\t\t\t<\/div><\/figure><figure class='gallery-item'>\n\t\t\t<div class='gallery-icon landscape'>\n\t\t\t\t<a href='https:\/\/nagyistvan.pecska.ro\/wp-content\/uploads\/2010\/11\/219-sarkozi-2.jpg'><img loading=\"lazy\" decoding=\"async\" width=\"150\" height=\"150\" src=\"https:\/\/nagyistvan.pecska.ro\/wp-content\/uploads\/2010\/11\/219-sarkozi-2-150x150.jpg\" class=\"attachment-thumbnail size-thumbnail\" alt=\"\" \/><\/a>\n\t\t\t<\/div><\/figure><figure class='gallery-item'>\n\t\t\t<div class='gallery-icon landscape'>\n\t\t\t\t<a href='https:\/\/nagyistvan.pecska.ro\/wp-content\/uploads\/2010\/11\/219-sarkozi-3.jpg'><img loading=\"lazy\" decoding=\"async\" width=\"150\" height=\"150\" src=\"https:\/\/nagyistvan.pecska.ro\/wp-content\/uploads\/2010\/11\/219-sarkozi-3-150x150.jpg\" class=\"attachment-thumbnail size-thumbnail\" alt=\"\" \/><\/a>\n\t\t\t<\/div><\/figure><figure class='gallery-item'>\n\t\t\t<div class='gallery-icon landscape'>\n\t\t\t\t<a href='https:\/\/nagyistvan.pecska.ro\/wp-content\/uploads\/2010\/11\/219-sarkozi-4.jpg'><img loading=\"lazy\" decoding=\"async\" width=\"150\" height=\"150\" src=\"https:\/\/nagyistvan.pecska.ro\/wp-content\/uploads\/2010\/11\/219-sarkozi-4-150x150.jpg\" class=\"attachment-thumbnail size-thumbnail\" alt=\"\" \/><\/a>\n\t\t\t<\/div><\/figure><figure class='gallery-item'>\n\t\t\t<div class='gallery-icon landscape'>\n\t\t\t\t<a href='https:\/\/nagyistvan.pecska.ro\/wp-content\/uploads\/2010\/11\/220-mezofoldi-1.jpg'><img loading=\"lazy\" decoding=\"async\" width=\"150\" height=\"150\" src=\"https:\/\/nagyistvan.pecska.ro\/wp-content\/uploads\/2010\/11\/220-mezofoldi-1-150x150.jpg\" class=\"attachment-thumbnail size-thumbnail\" alt=\"\" \/><\/a>\n\t\t\t<\/div><\/figure><figure class='gallery-item'>\n\t\t\t<div class='gallery-icon landscape'>\n\t\t\t\t<a href='https:\/\/nagyistvan.pecska.ro\/wp-content\/uploads\/2010\/11\/220-mezofoldi-2.jpg'><img loading=\"lazy\" decoding=\"async\" width=\"150\" height=\"150\" src=\"https:\/\/nagyistvan.pecska.ro\/wp-content\/uploads\/2010\/11\/220-mezofoldi-2-150x150.jpg\" class=\"attachment-thumbnail size-thumbnail\" alt=\"\" \/><\/a>\n\t\t\t<\/div><\/figure><figure class='gallery-item'>\n\t\t\t<div class='gallery-icon landscape'>\n\t\t\t\t<a href='https:\/\/nagyistvan.pecska.ro\/wp-content\/uploads\/2010\/11\/220-mezofoldi-3.jpg'><img loading=\"lazy\" decoding=\"async\" width=\"150\" height=\"150\" src=\"https:\/\/nagyistvan.pecska.ro\/wp-content\/uploads\/2010\/11\/220-mezofoldi-3-150x150.jpg\" class=\"attachment-thumbnail size-thumbnail\" alt=\"\" \/><\/a>\n\t\t\t<\/div><\/figure><figure class='gallery-item'>\n\t\t\t<div class='gallery-icon landscape'>\n\t\t\t\t<a href='https:\/\/nagyistvan.pecska.ro\/wp-content\/uploads\/2010\/11\/220-mezofoldi-4.jpg'><img loading=\"lazy\" decoding=\"async\" width=\"150\" height=\"150\" src=\"https:\/\/nagyistvan.pecska.ro\/wp-content\/uploads\/2010\/11\/220-mezofoldi-4-150x150.jpg\" class=\"attachment-thumbnail size-thumbnail\" alt=\"\" \/><\/a>\n\t\t\t<\/div><\/figure><figure class='gallery-item'>\n\t\t\t<div class='gallery-icon portrait'>\n\t\t\t\t<a href='https:\/\/nagyistvan.pecska.ro\/wp-content\/uploads\/2010\/11\/220-mezofoldi-5.jpg'><img loading=\"lazy\" decoding=\"async\" width=\"150\" height=\"150\" src=\"https:\/\/nagyistvan.pecska.ro\/wp-content\/uploads\/2010\/11\/220-mezofoldi-5-150x150.jpg\" class=\"attachment-thumbnail size-thumbnail\" alt=\"\" \/><\/a>\n\t\t\t<\/div><\/figure><figure class='gallery-item'>\n\t\t\t<div class='gallery-icon landscape'>\n\t\t\t\t<a href='https:\/\/nagyistvan.pecska.ro\/wp-content\/uploads\/2010\/11\/220-mezofoldi-6.jpg'><img loading=\"lazy\" decoding=\"async\" width=\"150\" height=\"150\" src=\"https:\/\/nagyistvan.pecska.ro\/wp-content\/uploads\/2010\/11\/220-mezofoldi-6-150x150.jpg\" class=\"attachment-thumbnail size-thumbnail\" alt=\"\" \/><\/a>\n\t\t\t<\/div><\/figure><figure class='gallery-item'>\n\t\t\t<div class='gallery-icon landscape'>\n\t\t\t\t<a href='https:\/\/nagyistvan.pecska.ro\/wp-content\/uploads\/2010\/11\/220-mezofoldi-7.jpg'><img loading=\"lazy\" decoding=\"async\" width=\"150\" height=\"150\" src=\"https:\/\/nagyistvan.pecska.ro\/wp-content\/uploads\/2010\/11\/220-mezofoldi-7-150x150.jpg\" class=\"attachment-thumbnail size-thumbnail\" alt=\"\" \/><\/a>\n\t\t\t<\/div><\/figure><figure class='gallery-item'>\n\t\t\t<div class='gallery-icon landscape'>\n\t\t\t\t<a href='https:\/\/nagyistvan.pecska.ro\/wp-content\/uploads\/2010\/11\/220-mezofoldi-8.jpg'><img loading=\"lazy\" decoding=\"async\" width=\"150\" height=\"150\" src=\"https:\/\/nagyistvan.pecska.ro\/wp-content\/uploads\/2010\/11\/220-mezofoldi-8-150x150.jpg\" class=\"attachment-thumbnail size-thumbnail\" alt=\"\" \/><\/a>\n\t\t\t<\/div><\/figure><figure class='gallery-item'>\n\t\t\t<div class='gallery-icon landscape'>\n\t\t\t\t<a href='https:\/\/nagyistvan.pecska.ro\/wp-content\/uploads\/2010\/11\/221-magyarbodi-karika-csardas-es-friss-1.jpg'><img loading=\"lazy\" decoding=\"async\" width=\"150\" height=\"150\" src=\"https:\/\/nagyistvan.pecska.ro\/wp-content\/uploads\/2010\/11\/221-magyarbodi-karika-csardas-es-friss-1-150x150.jpg\" class=\"attachment-thumbnail size-thumbnail\" alt=\"\" \/><\/a>\n\t\t\t<\/div><\/figure><figure class='gallery-item'>\n\t\t\t<div class='gallery-icon landscape'>\n\t\t\t\t<a href='https:\/\/nagyistvan.pecska.ro\/wp-content\/uploads\/2010\/11\/221-magyarbodi-karika-csardas-es-friss-2.jpg'><img loading=\"lazy\" decoding=\"async\" width=\"150\" height=\"150\" src=\"https:\/\/nagyistvan.pecska.ro\/wp-content\/uploads\/2010\/11\/221-magyarbodi-karika-csardas-es-friss-2-150x150.jpg\" class=\"attachment-thumbnail size-thumbnail\" alt=\"\" \/><\/a>\n\t\t\t<\/div><\/figure><figure class='gallery-item'>\n\t\t\t<div class='gallery-icon portrait'>\n\t\t\t\t<a href='https:\/\/nagyistvan.pecska.ro\/wp-content\/uploads\/2010\/11\/221-magyarbodi-karika-csardas-es-friss-3.jpg'><img loading=\"lazy\" decoding=\"async\" width=\"150\" height=\"150\" src=\"https:\/\/nagyistvan.pecska.ro\/wp-content\/uploads\/2010\/11\/221-magyarbodi-karika-csardas-es-friss-3-150x150.jpg\" class=\"attachment-thumbnail size-thumbnail\" alt=\"\" \/><\/a>\n\t\t\t<\/div><\/figure><figure class='gallery-item'>\n\t\t\t<div class='gallery-icon portrait'>\n\t\t\t\t<a href='https:\/\/nagyistvan.pecska.ro\/wp-content\/uploads\/2010\/11\/221-magyarbodi-karika-csardas-es-friss-4.jpg'><img loading=\"lazy\" decoding=\"async\" width=\"150\" height=\"150\" src=\"https:\/\/nagyistvan.pecska.ro\/wp-content\/uploads\/2010\/11\/221-magyarbodi-karika-csardas-es-friss-4-150x150.jpg\" class=\"attachment-thumbnail size-thumbnail\" alt=\"\" \/><\/a>\n\t\t\t<\/div><\/figure><figure class='gallery-item'>\n\t\t\t<div class='gallery-icon portrait'>\n\t\t\t\t<a href='https:\/\/nagyistvan.pecska.ro\/wp-content\/uploads\/2010\/11\/221-magyarbodi-karika-csardas-es-friss-5.jpg'><img loading=\"lazy\" decoding=\"async\" width=\"150\" height=\"150\" src=\"https:\/\/nagyistvan.pecska.ro\/wp-content\/uploads\/2010\/11\/221-magyarbodi-karika-csardas-es-friss-5-150x150.jpg\" class=\"attachment-thumbnail size-thumbnail\" alt=\"\" \/><\/a>\n\t\t\t<\/div><\/figure><figure class='gallery-item'>\n\t\t\t<div class='gallery-icon landscape'>\n\t\t\t\t<a href='https:\/\/nagyistvan.pecska.ro\/wp-content\/uploads\/2010\/11\/221-magyarbodi-karika-csardas-es-friss-6.jpg'><img loading=\"lazy\" decoding=\"async\" width=\"150\" height=\"150\" src=\"https:\/\/nagyistvan.pecska.ro\/wp-content\/uploads\/2010\/11\/221-magyarbodi-karika-csardas-es-friss-6-150x150.jpg\" class=\"attachment-thumbnail size-thumbnail\" alt=\"\" srcset=\"https:\/\/nagyistvan.pecska.ro\/wp-content\/uploads\/2010\/11\/221-magyarbodi-karika-csardas-es-friss-6-150x150.jpg 150w, https:\/\/nagyistvan.pecska.ro\/wp-content\/uploads\/2010\/11\/221-magyarbodi-karika-csardas-es-friss-6-300x298.jpg 300w, https:\/\/nagyistvan.pecska.ro\/wp-content\/uploads\/2010\/11\/221-magyarbodi-karika-csardas-es-friss-6-1024x1017.jpg 1024w, https:\/\/nagyistvan.pecska.ro\/wp-content\/uploads\/2010\/11\/221-magyarbodi-karika-csardas-es-friss-6.jpg 1654w\" sizes=\"auto, (max-width: 150px) 100vw, 150px\" \/><\/a>\n\t\t\t<\/div><\/figure><figure class='gallery-item'>\n\t\t\t<div class='gallery-icon landscape'>\n\t\t\t\t<a href='https:\/\/nagyistvan.pecska.ro\/wp-content\/uploads\/2010\/11\/221-magyarbodi-karika-csardas-es-friss-7.jpg'><img loading=\"lazy\" decoding=\"async\" width=\"150\" height=\"150\" src=\"https:\/\/nagyistvan.pecska.ro\/wp-content\/uploads\/2010\/11\/221-magyarbodi-karika-csardas-es-friss-7-150x150.jpg\" class=\"attachment-thumbnail size-thumbnail\" alt=\"\" \/><\/a>\n\t\t\t<\/div><\/figure><figure class='gallery-item'>\n\t\t\t<div class='gallery-icon landscape'>\n\t\t\t\t<a href='https:\/\/nagyistvan.pecska.ro\/wp-content\/uploads\/2010\/11\/221-magyarbodi-karika-csardas-es-friss-8.jpg'><img loading=\"lazy\" decoding=\"async\" width=\"150\" height=\"150\" src=\"https:\/\/nagyistvan.pecska.ro\/wp-content\/uploads\/2010\/11\/221-magyarbodi-karika-csardas-es-friss-8-150x150.jpg\" class=\"attachment-thumbnail size-thumbnail\" alt=\"\" \/><\/a>\n\t\t\t<\/div><\/figure><figure class='gallery-item'>\n\t\t\t<div class='gallery-icon landscape'>\n\t\t\t\t<a href='https:\/\/nagyistvan.pecska.ro\/wp-content\/uploads\/2010\/11\/222-p\u00e9cskai-paros-1.jpg'><img loading=\"lazy\" decoding=\"async\" width=\"150\" height=\"150\" src=\"https:\/\/nagyistvan.pecska.ro\/wp-content\/uploads\/2010\/11\/222-p\u00e9cskai-paros-1-150x150.jpg\" class=\"attachment-thumbnail size-thumbnail\" alt=\"\" \/><\/a>\n\t\t\t<\/div><\/figure><figure class='gallery-item'>\n\t\t\t<div class='gallery-icon landscape'>\n\t\t\t\t<a href='https:\/\/nagyistvan.pecska.ro\/wp-content\/uploads\/2010\/11\/222-p\u00e9cskai-paros-2.jpg'><img loading=\"lazy\" decoding=\"async\" width=\"150\" height=\"150\" src=\"https:\/\/nagyistvan.pecska.ro\/wp-content\/uploads\/2010\/11\/222-p\u00e9cskai-paros-2-150x150.jpg\" class=\"attachment-thumbnail size-thumbnail\" alt=\"\" \/><\/a>\n\t\t\t<\/div><\/figure><figure class='gallery-item'>\n\t\t\t<div class='gallery-icon portrait'>\n\t\t\t\t<a href='https:\/\/nagyistvan.pecska.ro\/wp-content\/uploads\/2010\/11\/223-Bartok-Andr\u00e1s-Matekovits-M\u00e1ria-1.jpg'><img loading=\"lazy\" decoding=\"async\" width=\"150\" height=\"150\" src=\"https:\/\/nagyistvan.pecska.ro\/wp-content\/uploads\/2010\/11\/223-Bartok-Andr\u00e1s-Matekovits-M\u00e1ria-1-150x150.jpg\" class=\"attachment-thumbnail size-thumbnail\" alt=\"\" \/><\/a>\n\t\t\t<\/div><\/figure><figure class='gallery-item'>\n\t\t\t<div class='gallery-icon portrait'>\n\t\t\t\t<a href='https:\/\/nagyistvan.pecska.ro\/wp-content\/uploads\/2010\/11\/223-Bartok-Andr\u00e1s-Matekovits-M\u00e1ria-2.jpg'><img loading=\"lazy\" decoding=\"async\" width=\"150\" height=\"150\" src=\"https:\/\/nagyistvan.pecska.ro\/wp-content\/uploads\/2010\/11\/223-Bartok-Andr\u00e1s-Matekovits-M\u00e1ria-2-150x150.jpg\" class=\"attachment-thumbnail size-thumbnail\" alt=\"\" \/><\/a>\n\t\t\t<\/div><\/figure><figure class='gallery-item'>\n\t\t\t<div class='gallery-icon landscape'>\n\t\t\t\t<a href='https:\/\/nagyistvan.pecska.ro\/wp-content\/uploads\/2010\/11\/223-Bartok-Andr\u00e1s-Matekovits-M\u00e1ria-3.jpg'><img loading=\"lazy\" decoding=\"async\" width=\"150\" height=\"150\" src=\"https:\/\/nagyistvan.pecska.ro\/wp-content\/uploads\/2010\/11\/223-Bartok-Andr\u00e1s-Matekovits-M\u00e1ria-3-150x150.jpg\" class=\"attachment-thumbnail size-thumbnail\" alt=\"\" \/><\/a>\n\t\t\t<\/div><\/figure><figure class='gallery-item'>\n\t\t\t<div class='gallery-icon landscape'>\n\t\t\t\t<a href='https:\/\/nagyistvan.pecska.ro\/wp-content\/uploads\/2010\/11\/223-Bartok-Andr\u00e1s-Matekovits-M\u00e1ria-4.jpg'><img loading=\"lazy\" decoding=\"async\" width=\"150\" height=\"150\" src=\"https:\/\/nagyistvan.pecska.ro\/wp-content\/uploads\/2010\/11\/223-Bartok-Andr\u00e1s-Matekovits-M\u00e1ria-4-150x150.jpg\" class=\"attachment-thumbnail size-thumbnail\" alt=\"\" \/><\/a>\n\t\t\t<\/div><\/figure><figure class='gallery-item'>\n\t\t\t<div class='gallery-icon landscape'>\n\t\t\t\t<a href='https:\/\/nagyistvan.pecska.ro\/wp-content\/uploads\/2010\/11\/223-Bartok-Andr\u00e1s-Matekovits-M\u00e1ria-5.jpg'><img loading=\"lazy\" decoding=\"async\" width=\"150\" height=\"150\" src=\"https:\/\/nagyistvan.pecska.ro\/wp-content\/uploads\/2010\/11\/223-Bartok-Andr\u00e1s-Matekovits-M\u00e1ria-5-150x150.jpg\" class=\"attachment-thumbnail size-thumbnail\" alt=\"\" \/><\/a>\n\t\t\t<\/div><\/figure><figure class='gallery-item'>\n\t\t\t<div class='gallery-icon portrait'>\n\t\t\t\t<a href='https:\/\/nagyistvan.pecska.ro\/wp-content\/uploads\/2010\/11\/223-Bartok-Andr\u00e1s-Matekovits-M\u00e1ria-6.jpg'><img loading=\"lazy\" decoding=\"async\" width=\"150\" height=\"150\" src=\"https:\/\/nagyistvan.pecska.ro\/wp-content\/uploads\/2010\/11\/223-Bartok-Andr\u00e1s-Matekovits-M\u00e1ria-6-150x150.jpg\" class=\"attachment-thumbnail size-thumbnail\" alt=\"\" \/><\/a>\n\t\t\t<\/div><\/figure><figure class='gallery-item'>\n\t\t\t<div class='gallery-icon landscape'>\n\t\t\t\t<a href='https:\/\/nagyistvan.pecska.ro\/wp-content\/uploads\/2010\/11\/223-\u00e9letfa.jpg'><img loading=\"lazy\" decoding=\"async\" width=\"150\" height=\"150\" src=\"https:\/\/nagyistvan.pecska.ro\/wp-content\/uploads\/2010\/11\/223-\u00e9letfa-150x150.jpg\" class=\"attachment-thumbnail size-thumbnail\" alt=\"\" \/><\/a>\n\t\t\t<\/div><\/figure><figure class='gallery-item'>\n\t\t\t<div class='gallery-icon landscape'>\n\t\t\t\t<a href='https:\/\/nagyistvan.pecska.ro\/wp-content\/uploads\/2010\/11\/224-moldvai-csango-kortancok-1.jpg'><img loading=\"lazy\" decoding=\"async\" width=\"150\" height=\"150\" src=\"https:\/\/nagyistvan.pecska.ro\/wp-content\/uploads\/2010\/11\/224-moldvai-csango-kortancok-1-150x150.jpg\" class=\"attachment-thumbnail size-thumbnail\" alt=\"\" \/><\/a>\n\t\t\t<\/div><\/figure><figure class='gallery-item'>\n\t\t\t<div class='gallery-icon landscape'>\n\t\t\t\t<a href='https:\/\/nagyistvan.pecska.ro\/wp-content\/uploads\/2010\/11\/224-moldvai-csango-kortancok-2.jpg'><img loading=\"lazy\" decoding=\"async\" width=\"150\" height=\"150\" src=\"https:\/\/nagyistvan.pecska.ro\/wp-content\/uploads\/2010\/11\/224-moldvai-csango-kortancok-2-150x150.jpg\" class=\"attachment-thumbnail size-thumbnail\" alt=\"\" \/><\/a>\n\t\t\t<\/div><\/figure><figure class='gallery-item'>\n\t\t\t<div class='gallery-icon landscape'>\n\t\t\t\t<a href='https:\/\/nagyistvan.pecska.ro\/wp-content\/uploads\/2010\/11\/224-moldvai-csango-kortancok-3.jpg'><img loading=\"lazy\" decoding=\"async\" width=\"150\" height=\"150\" src=\"https:\/\/nagyistvan.pecska.ro\/wp-content\/uploads\/2010\/11\/224-moldvai-csango-kortancok-3-150x150.jpg\" class=\"attachment-thumbnail size-thumbnail\" alt=\"\" \/><\/a>\n\t\t\t<\/div><\/figure><figure class='gallery-item'>\n\t\t\t<div class='gallery-icon landscape'>\n\t\t\t\t<a href='https:\/\/nagyistvan.pecska.ro\/wp-content\/uploads\/2010\/11\/224-moldvai-csango-kortancok-4.jpg'><img loading=\"lazy\" decoding=\"async\" width=\"150\" height=\"150\" src=\"https:\/\/nagyistvan.pecska.ro\/wp-content\/uploads\/2010\/11\/224-moldvai-csango-kortancok-4-150x150.jpg\" class=\"attachment-thumbnail size-thumbnail\" alt=\"\" \/><\/a>\n\t\t\t<\/div><\/figure><figure class='gallery-item'>\n\t\t\t<div class='gallery-icon landscape'>\n\t\t\t\t<a href='https:\/\/nagyistvan.pecska.ro\/wp-content\/uploads\/2010\/11\/224-moldvai-csango-kortancok-5.jpg'><img loading=\"lazy\" decoding=\"async\" width=\"150\" height=\"150\" src=\"https:\/\/nagyistvan.pecska.ro\/wp-content\/uploads\/2010\/11\/224-moldvai-csango-kortancok-5-150x150.jpg\" class=\"attachment-thumbnail size-thumbnail\" alt=\"\" \/><\/a>\n\t\t\t<\/div><\/figure><figure class='gallery-item'>\n\t\t\t<div class='gallery-icon landscape'>\n\t\t\t\t<a href='https:\/\/nagyistvan.pecska.ro\/wp-content\/uploads\/2010\/11\/224-moldvai-csango-kortancok-6.jpg'><img loading=\"lazy\" decoding=\"async\" width=\"150\" height=\"150\" src=\"https:\/\/nagyistvan.pecska.ro\/wp-content\/uploads\/2010\/11\/224-moldvai-csango-kortancok-6-150x150.jpg\" class=\"attachment-thumbnail size-thumbnail\" alt=\"\" \/><\/a>\n\t\t\t<\/div><\/figure><figure class='gallery-item'>\n\t\t\t<div class='gallery-icon portrait'>\n\t\t\t\t<a href='https:\/\/nagyistvan.pecska.ro\/wp-content\/uploads\/2010\/11\/225-golyatanc-1.jpg'><img loading=\"lazy\" decoding=\"async\" width=\"150\" height=\"150\" src=\"https:\/\/nagyistvan.pecska.ro\/wp-content\/uploads\/2010\/11\/225-golyatanc-1-150x150.jpg\" class=\"attachment-thumbnail size-thumbnail\" alt=\"\" \/><\/a>\n\t\t\t<\/div><\/figure><figure class='gallery-item'>\n\t\t\t<div class='gallery-icon landscape'>\n\t\t\t\t<a href='https:\/\/nagyistvan.pecska.ro\/wp-content\/uploads\/2010\/11\/225-golyatanc-2.jpg'><img loading=\"lazy\" decoding=\"async\" width=\"150\" height=\"150\" src=\"https:\/\/nagyistvan.pecska.ro\/wp-content\/uploads\/2010\/11\/225-golyatanc-2-150x150.jpg\" class=\"attachment-thumbnail size-thumbnail\" alt=\"\" \/><\/a>\n\t\t\t<\/div><\/figure><figure class='gallery-item'>\n\t\t\t<div class='gallery-icon portrait'>\n\t\t\t\t<a href='https:\/\/nagyistvan.pecska.ro\/wp-content\/uploads\/2010\/11\/226-Nagy-Istv\u00e1n-1.jpg'><img loading=\"lazy\" decoding=\"async\" width=\"150\" height=\"150\" src=\"https:\/\/nagyistvan.pecska.ro\/wp-content\/uploads\/2010\/11\/226-Nagy-Istv\u00e1n-1-150x150.jpg\" class=\"attachment-thumbnail size-thumbnail\" alt=\"\" \/><\/a>\n\t\t\t<\/div><\/figure><figure class='gallery-item'>\n\t\t\t<div class='gallery-icon portrait'>\n\t\t\t\t<a href='https:\/\/nagyistvan.pecska.ro\/wp-content\/uploads\/2010\/11\/226-Nagy-Istv\u00e1n-2.jpg'><img loading=\"lazy\" decoding=\"async\" width=\"150\" height=\"150\" src=\"https:\/\/nagyistvan.pecska.ro\/wp-content\/uploads\/2010\/11\/226-Nagy-Istv\u00e1n-2-150x150.jpg\" class=\"attachment-thumbnail size-thumbnail\" alt=\"\" \/><\/a>\n\t\t\t<\/div><\/figure><figure class='gallery-item'>\n\t\t\t<div class='gallery-icon portrait'>\n\t\t\t\t<a href='https:\/\/nagyistvan.pecska.ro\/wp-content\/uploads\/2010\/11\/226-Nagy-Istv\u00e1n-3.jpg'><img loading=\"lazy\" decoding=\"async\" width=\"150\" height=\"150\" src=\"https:\/\/nagyistvan.pecska.ro\/wp-content\/uploads\/2010\/11\/226-Nagy-Istv\u00e1n-3-150x150.jpg\" class=\"attachment-thumbnail size-thumbnail\" alt=\"\" \/><\/a>\n\t\t\t<\/div><\/figure><figure class='gallery-item'>\n\t\t\t<div class='gallery-icon portrait'>\n\t\t\t\t<a href='https:\/\/nagyistvan.pecska.ro\/wp-content\/uploads\/2010\/11\/226-Nagy-Istv\u00e1n-4.jpg'><img loading=\"lazy\" decoding=\"async\" width=\"150\" height=\"150\" src=\"https:\/\/nagyistvan.pecska.ro\/wp-content\/uploads\/2010\/11\/226-Nagy-Istv\u00e1n-4-150x150.jpg\" class=\"attachment-thumbnail size-thumbnail\" alt=\"\" \/><\/a>\n\t\t\t<\/div><\/figure><figure class='gallery-item'>\n\t\t\t<div class='gallery-icon landscape'>\n\t\t\t\t<a href='https:\/\/nagyistvan.pecska.ro\/wp-content\/uploads\/2010\/11\/227-szatmari-1.jpg'><img loading=\"lazy\" decoding=\"async\" width=\"150\" height=\"150\" src=\"https:\/\/nagyistvan.pecska.ro\/wp-content\/uploads\/2010\/11\/227-szatmari-1-150x150.jpg\" class=\"attachment-thumbnail size-thumbnail\" alt=\"\" \/><\/a>\n\t\t\t<\/div><\/figure><figure class='gallery-item'>\n\t\t\t<div class='gallery-icon landscape'>\n\t\t\t\t<a href='https:\/\/nagyistvan.pecska.ro\/wp-content\/uploads\/2010\/11\/227-szatmari-2.jpg'><img loading=\"lazy\" decoding=\"async\" width=\"150\" height=\"150\" src=\"https:\/\/nagyistvan.pecska.ro\/wp-content\/uploads\/2010\/11\/227-szatmari-2-150x150.jpg\" class=\"attachment-thumbnail size-thumbnail\" alt=\"\" \/><\/a>\n\t\t\t<\/div><\/figure><figure class='gallery-item'>\n\t\t\t<div class='gallery-icon landscape'>\n\t\t\t\t<a href='https:\/\/nagyistvan.pecska.ro\/wp-content\/uploads\/2010\/11\/227-szatmari-3.jpg'><img loading=\"lazy\" decoding=\"async\" width=\"150\" height=\"150\" src=\"https:\/\/nagyistvan.pecska.ro\/wp-content\/uploads\/2010\/11\/227-szatmari-3-150x150.jpg\" class=\"attachment-thumbnail size-thumbnail\" alt=\"\" \/><\/a>\n\t\t\t<\/div><\/figure><figure class='gallery-item'>\n\t\t\t<div class='gallery-icon landscape'>\n\t\t\t\t<a href='https:\/\/nagyistvan.pecska.ro\/wp-content\/uploads\/2010\/11\/228-z\u00e1r\u00f3-k\u00e9p-1.jpg'><img loading=\"lazy\" decoding=\"async\" width=\"150\" height=\"150\" src=\"https:\/\/nagyistvan.pecska.ro\/wp-content\/uploads\/2010\/11\/228-z\u00e1r\u00f3-k\u00e9p-1-150x150.jpg\" class=\"attachment-thumbnail size-thumbnail\" alt=\"\" \/><\/a>\n\t\t\t<\/div><\/figure><figure class='gallery-item'>\n\t\t\t<div class='gallery-icon landscape'>\n\t\t\t\t<a href='https:\/\/nagyistvan.pecska.ro\/wp-content\/uploads\/2010\/11\/228-z\u00e1r\u00f3-k\u00e9p-2.jpg'><img loading=\"lazy\" decoding=\"async\" width=\"150\" height=\"150\" src=\"https:\/\/nagyistvan.pecska.ro\/wp-content\/uploads\/2010\/11\/228-z\u00e1r\u00f3-k\u00e9p-2-150x150.jpg\" class=\"attachment-thumbnail size-thumbnail\" alt=\"\" \/><\/a>\n\t\t\t<\/div><\/figure><figure class='gallery-item'>\n\t\t\t<div class='gallery-icon landscape'>\n\t\t\t\t<a href='https:\/\/nagyistvan.pecska.ro\/wp-content\/uploads\/2010\/11\/228-z\u00e1r\u00f3-k\u00e9p-3.jpg'><img loading=\"lazy\" decoding=\"async\" width=\"150\" height=\"150\" src=\"https:\/\/nagyistvan.pecska.ro\/wp-content\/uploads\/2010\/11\/228-z\u00e1r\u00f3-k\u00e9p-3-150x150.jpg\" class=\"attachment-thumbnail size-thumbnail\" alt=\"\" \/><\/a>\n\t\t\t<\/div><\/figure><figure class='gallery-item'>\n\t\t\t<div class='gallery-icon landscape'>\n\t\t\t\t<a href='https:\/\/nagyistvan.pecska.ro\/wp-content\/uploads\/2010\/11\/228-z\u00e1r\u00f3-k\u00e9p-4.jpg'><img loading=\"lazy\" decoding=\"async\" width=\"150\" height=\"150\" src=\"https:\/\/nagyistvan.pecska.ro\/wp-content\/uploads\/2010\/11\/228-z\u00e1r\u00f3-k\u00e9p-4-150x150.jpg\" class=\"attachment-thumbnail size-thumbnail\" alt=\"\" \/><\/a>\n\t\t\t<\/div><\/figure><figure class='gallery-item'>\n\t\t\t<div class='gallery-icon landscape'>\n\t\t\t\t<a href='https:\/\/nagyistvan.pecska.ro\/wp-content\/uploads\/2010\/11\/228-z\u00e1r\u00f3-k\u00e9p-5.jpg'><img loading=\"lazy\" decoding=\"async\" width=\"150\" height=\"150\" src=\"https:\/\/nagyistvan.pecska.ro\/wp-content\/uploads\/2010\/11\/228-z\u00e1r\u00f3-k\u00e9p-5-150x150.jpg\" class=\"attachment-thumbnail size-thumbnail\" alt=\"\" \/><\/a>\n\t\t\t<\/div><\/figure><figure class='gallery-item'>\n\t\t\t<div class='gallery-icon landscape'>\n\t\t\t\t<a href='https:\/\/nagyistvan.pecska.ro\/wp-content\/uploads\/2010\/11\/228-z\u00e1r\u00f3-k\u00e9p-6.jpg'><img loading=\"lazy\" decoding=\"async\" width=\"150\" height=\"150\" src=\"https:\/\/nagyistvan.pecska.ro\/wp-content\/uploads\/2010\/11\/228-z\u00e1r\u00f3-k\u00e9p-6-150x150.jpg\" class=\"attachment-thumbnail size-thumbnail\" alt=\"\" \/><\/a>\n\t\t\t<\/div><\/figure><figure class='gallery-item'>\n\t\t\t<div class='gallery-icon portrait'>\n\t\t\t\t<a href='https:\/\/nagyistvan.pecska.ro\/wp-content\/uploads\/2010\/11\/229-ajandekozas-1.jpg'><img loading=\"lazy\" decoding=\"async\" width=\"150\" height=\"150\" src=\"https:\/\/nagyistvan.pecska.ro\/wp-content\/uploads\/2010\/11\/229-ajandekozas-1-150x150.jpg\" class=\"attachment-thumbnail size-thumbnail\" alt=\"\" \/><\/a>\n\t\t\t<\/div><\/figure><figure class='gallery-item'>\n\t\t\t<div class='gallery-icon portrait'>\n\t\t\t\t<a href='https:\/\/nagyistvan.pecska.ro\/wp-content\/uploads\/2010\/11\/229-ajandekozas-2.jpg'><img loading=\"lazy\" decoding=\"async\" width=\"150\" height=\"150\" src=\"https:\/\/nagyistvan.pecska.ro\/wp-content\/uploads\/2010\/11\/229-ajandekozas-2-150x150.jpg\" class=\"attachment-thumbnail size-thumbnail\" alt=\"\" \/><\/a>\n\t\t\t<\/div><\/figure><figure class='gallery-item'>\n\t\t\t<div class='gallery-icon portrait'>\n\t\t\t\t<a href='https:\/\/nagyistvan.pecska.ro\/wp-content\/uploads\/2010\/11\/229-ajandekozas-Khell-Jol\u00e1n-1.jpg'><img loading=\"lazy\" decoding=\"async\" width=\"150\" height=\"150\" src=\"https:\/\/nagyistvan.pecska.ro\/wp-content\/uploads\/2010\/11\/229-ajandekozas-Khell-Jol\u00e1n-1-150x150.jpg\" class=\"attachment-thumbnail size-thumbnail\" alt=\"\" \/><\/a>\n\t\t\t<\/div><\/figure><figure class='gallery-item'>\n\t\t\t<div class='gallery-icon portrait'>\n\t\t\t\t<a href='https:\/\/nagyistvan.pecska.ro\/wp-content\/uploads\/2010\/11\/229-ajandekozas-Khell-Jol\u00e1n-2.jpg'><img loading=\"lazy\" decoding=\"async\" width=\"150\" height=\"150\" src=\"https:\/\/nagyistvan.pecska.ro\/wp-content\/uploads\/2010\/11\/229-ajandekozas-Khell-Jol\u00e1n-2-150x150.jpg\" class=\"attachment-thumbnail size-thumbnail\" alt=\"\" \/><\/a>\n\t\t\t<\/div><\/figure><figure class='gallery-item'>\n\t\t\t<div class='gallery-icon landscape'>\n\t\t\t\t<a href='https:\/\/nagyistvan.pecska.ro\/wp-content\/uploads\/2010\/11\/229-ajandekozas-Khell-Levente.jpg'><img loading=\"lazy\" decoding=\"async\" width=\"150\" height=\"150\" src=\"https:\/\/nagyistvan.pecska.ro\/wp-content\/uploads\/2010\/11\/229-ajandekozas-Khell-Levente-150x150.jpg\" class=\"attachment-thumbnail size-thumbnail\" alt=\"\" \/><\/a>\n\t\t\t<\/div><\/figure><figure class='gallery-item'>\n\t\t\t<div class='gallery-icon portrait'>\n\t\t\t\t<a href='https:\/\/nagyistvan.pecska.ro\/wp-content\/uploads\/2010\/11\/229-ajandekozas-Makra-Andr\u00e1s-1.jpg'><img loading=\"lazy\" decoding=\"async\" width=\"150\" height=\"150\" src=\"https:\/\/nagyistvan.pecska.ro\/wp-content\/uploads\/2010\/11\/229-ajandekozas-Makra-Andr\u00e1s-1-150x150.jpg\" class=\"attachment-thumbnail size-thumbnail\" alt=\"\" \/><\/a>\n\t\t\t<\/div><\/figure><figure class='gallery-item'>\n\t\t\t<div class='gallery-icon portrait'>\n\t\t\t\t<a href='https:\/\/nagyistvan.pecska.ro\/wp-content\/uploads\/2010\/11\/229-ajandekozas-Makra-Andr\u00e1s-2.jpg'><img loading=\"lazy\" decoding=\"async\" width=\"150\" height=\"150\" src=\"https:\/\/nagyistvan.pecska.ro\/wp-content\/uploads\/2010\/11\/229-ajandekozas-Makra-Andr\u00e1s-2-150x150.jpg\" class=\"attachment-thumbnail size-thumbnail\" alt=\"\" \/><\/a>\n\t\t\t<\/div><\/figure><figure class='gallery-item'>\n\t\t\t<div class='gallery-icon landscape'>\n\t\t\t\t<a href='https:\/\/nagyistvan.pecska.ro\/wp-content\/uploads\/2010\/11\/229-ajandekozas-Makra-Andr\u00e1s-3.jpg'><img loading=\"lazy\" decoding=\"async\" width=\"150\" height=\"150\" src=\"https:\/\/nagyistvan.pecska.ro\/wp-content\/uploads\/2010\/11\/229-ajandekozas-Makra-Andr\u00e1s-3-150x150.jpg\" class=\"attachment-thumbnail size-thumbnail\" alt=\"\" \/><\/a>\n\t\t\t<\/div><\/figure><figure class='gallery-item'>\n\t\t\t<div class='gallery-icon landscape'>\n\t\t\t\t<a href='https:\/\/nagyistvan.pecska.ro\/wp-content\/uploads\/2010\/11\/229-ajandekozas-Makra-Andr\u00e1s-4.jpg'><img loading=\"lazy\" decoding=\"async\" width=\"150\" height=\"150\" src=\"https:\/\/nagyistvan.pecska.ro\/wp-content\/uploads\/2010\/11\/229-ajandekozas-Makra-Andr\u00e1s-4-150x150.jpg\" class=\"attachment-thumbnail size-thumbnail\" alt=\"\" \/><\/a>\n\t\t\t<\/div><\/figure><figure class='gallery-item'>\n\t\t\t<div class='gallery-icon landscape'>\n\t\t\t\t<a href='https:\/\/nagyistvan.pecska.ro\/wp-content\/uploads\/2010\/11\/301-vendegsereg-3.jpg'><img loading=\"lazy\" decoding=\"async\" width=\"150\" height=\"150\" src=\"https:\/\/nagyistvan.pecska.ro\/wp-content\/uploads\/2010\/11\/301-vendegsereg-3-150x150.jpg\" class=\"attachment-thumbnail size-thumbnail\" alt=\"\" \/><\/a>\n\t\t\t<\/div><\/figure><figure class='gallery-item'>\n\t\t\t<div class='gallery-icon landscape'>\n\t\t\t\t<a href='https:\/\/nagyistvan.pecska.ro\/wp-content\/uploads\/2010\/11\/302-Zagoni-Szabo-Andras-es-Julianna.jpg'><img loading=\"lazy\" decoding=\"async\" width=\"150\" height=\"150\" src=\"https:\/\/nagyistvan.pecska.ro\/wp-content\/uploads\/2010\/11\/302-Zagoni-Szabo-Andras-es-Julianna-150x150.jpg\" class=\"attachment-thumbnail size-thumbnail\" alt=\"\" \/><\/a>\n\t\t\t<\/div><\/figure><figure class='gallery-item'>\n\t\t\t<div class='gallery-icon landscape'>\n\t\t\t\t<a href='https:\/\/nagyistvan.pecska.ro\/wp-content\/uploads\/2010\/11\/303-vendegsereg-4.jpg'><img loading=\"lazy\" decoding=\"async\" width=\"150\" height=\"150\" src=\"https:\/\/nagyistvan.pecska.ro\/wp-content\/uploads\/2010\/11\/303-vendegsereg-4-150x150.jpg\" class=\"attachment-thumbnail size-thumbnail\" alt=\"\" \/><\/a>\n\t\t\t<\/div><\/figure><figure class='gallery-item'>\n\t\t\t<div class='gallery-icon landscape'>\n\t\t\t\t<a href='https:\/\/nagyistvan.pecska.ro\/wp-content\/uploads\/2010\/11\/304-vendegsereg-5.jpg'><img loading=\"lazy\" decoding=\"async\" width=\"150\" height=\"150\" src=\"https:\/\/nagyistvan.pecska.ro\/wp-content\/uploads\/2010\/11\/304-vendegsereg-5-150x150.jpg\" class=\"attachment-thumbnail size-thumbnail\" alt=\"\" \/><\/a>\n\t\t\t<\/div><\/figure><figure class='gallery-item'>\n\t\t\t<div class='gallery-icon landscape'>\n\t\t\t\t<a href='https:\/\/nagyistvan.pecska.ro\/wp-content\/uploads\/2010\/11\/305-Novak-Maria-es-Gyorgy.jpg'><img loading=\"lazy\" decoding=\"async\" width=\"150\" height=\"150\" src=\"https:\/\/nagyistvan.pecska.ro\/wp-content\/uploads\/2010\/11\/305-Novak-Maria-es-Gyorgy-150x150.jpg\" class=\"attachment-thumbnail size-thumbnail\" alt=\"\" \/><\/a>\n\t\t\t<\/div><\/figure><figure class='gallery-item'>\n\t\t\t<div class='gallery-icon landscape'>\n\t\t\t\t<a href='https:\/\/nagyistvan.pecska.ro\/wp-content\/uploads\/2010\/11\/306-Nagy-maria-Novak-Maria-es-Gyorgy.jpg'><img loading=\"lazy\" decoding=\"async\" width=\"150\" height=\"150\" src=\"https:\/\/nagyistvan.pecska.ro\/wp-content\/uploads\/2010\/11\/306-Nagy-maria-Novak-Maria-es-Gyorgy-150x150.jpg\" class=\"attachment-thumbnail size-thumbnail\" alt=\"\" \/><\/a>\n\t\t\t<\/div><\/figure><figure class='gallery-item'>\n\t\t\t<div class='gallery-icon landscape'>\n\t\t\t\t<a href='https:\/\/nagyistvan.pecska.ro\/wp-content\/uploads\/2010\/11\/307-Farago-Peter-Boloni-Gyorgy-Kovacs-Marton-es-Etelka.jpg'><img loading=\"lazy\" decoding=\"async\" width=\"150\" height=\"150\" src=\"https:\/\/nagyistvan.pecska.ro\/wp-content\/uploads\/2010\/11\/307-Farago-Peter-Boloni-Gyorgy-Kovacs-Marton-es-Etelka-150x150.jpg\" class=\"attachment-thumbnail size-thumbnail\" alt=\"\" \/><\/a>\n\t\t\t<\/div><\/figure><figure class='gallery-item'>\n\t\t\t<div class='gallery-icon landscape'>\n\t\t\t\t<a href='https:\/\/nagyistvan.pecska.ro\/wp-content\/uploads\/2010\/11\/308-Zagoni-Szabo-Andras-es-Julianna-Dancu-Janos-es-Angela.jpg'><img loading=\"lazy\" decoding=\"async\" width=\"150\" height=\"150\" src=\"https:\/\/nagyistvan.pecska.ro\/wp-content\/uploads\/2010\/11\/308-Zagoni-Szabo-Andras-es-Julianna-Dancu-Janos-es-Angela-150x150.jpg\" class=\"attachment-thumbnail size-thumbnail\" alt=\"\" \/><\/a>\n\t\t\t<\/div><\/figure><figure class='gallery-item'>\n\t\t\t<div class='gallery-icon landscape'>\n\t\t\t\t<a href='https:\/\/nagyistvan.pecska.ro\/wp-content\/uploads\/2010\/11\/309-Lelik-Jozsef-es-Erzsebet-Siclovan-Silviu-es-Siclovanne-Lelik-Marta-1.jpg'><img loading=\"lazy\" decoding=\"async\" width=\"150\" height=\"150\" src=\"https:\/\/nagyistvan.pecska.ro\/wp-content\/uploads\/2010\/11\/309-Lelik-Jozsef-es-Erzsebet-Siclovan-Silviu-es-Siclovanne-Lelik-Marta-1-150x150.jpg\" class=\"attachment-thumbnail size-thumbnail\" alt=\"\" \/><\/a>\n\t\t\t<\/div><\/figure><figure class='gallery-item'>\n\t\t\t<div class='gallery-icon landscape'>\n\t\t\t\t<a href='https:\/\/nagyistvan.pecska.ro\/wp-content\/uploads\/2010\/11\/310-Engine-Poronai-Marta-es-Illes.jpg'><img loading=\"lazy\" decoding=\"async\" width=\"150\" height=\"150\" src=\"https:\/\/nagyistvan.pecska.ro\/wp-content\/uploads\/2010\/11\/310-Engine-Poronai-Marta-es-Illes-150x150.jpg\" class=\"attachment-thumbnail size-thumbnail\" alt=\"\" \/><\/a>\n\t\t\t<\/div><\/figure><figure class='gallery-item'>\n\t\t\t<div class='gallery-icon landscape'>\n\t\t\t\t<a href='https:\/\/nagyistvan.pecska.ro\/wp-content\/uploads\/2010\/11\/311-Roman-Octavian-es-Ibolya-1.jpg'><img loading=\"lazy\" decoding=\"async\" width=\"150\" height=\"150\" src=\"https:\/\/nagyistvan.pecska.ro\/wp-content\/uploads\/2010\/11\/311-Roman-Octavian-es-Ibolya-1-150x150.jpg\" class=\"attachment-thumbnail size-thumbnail\" alt=\"\" \/><\/a>\n\t\t\t<\/div><\/figure><figure class='gallery-item'>\n\t\t\t<div class='gallery-icon landscape'>\n\t\t\t\t<a href='https:\/\/nagyistvan.pecska.ro\/wp-content\/uploads\/2010\/11\/312-Juhasz-Janosek-asztala-1.jpg'><img loading=\"lazy\" decoding=\"async\" width=\"150\" height=\"150\" src=\"https:\/\/nagyistvan.pecska.ro\/wp-content\/uploads\/2010\/11\/312-Juhasz-Janosek-asztala-1-150x150.jpg\" class=\"attachment-thumbnail size-thumbnail\" alt=\"\" \/><\/a>\n\t\t\t<\/div><\/figure><figure class='gallery-item'>\n\t\t\t<div class='gallery-icon landscape'>\n\t\t\t\t<a href='https:\/\/nagyistvan.pecska.ro\/wp-content\/uploads\/2010\/11\/313-Kutasiek-asztala.jpg'><img loading=\"lazy\" decoding=\"async\" width=\"150\" height=\"150\" src=\"https:\/\/nagyistvan.pecska.ro\/wp-content\/uploads\/2010\/11\/313-Kutasiek-asztala-150x150.jpg\" class=\"attachment-thumbnail size-thumbnail\" alt=\"\" \/><\/a>\n\t\t\t<\/div><\/figure><figure class='gallery-item'>\n\t\t\t<div class='gallery-icon landscape'>\n\t\t\t\t<a href='https:\/\/nagyistvan.pecska.ro\/wp-content\/uploads\/2010\/11\/314-Juhasz-Janosek-asztala-2.jpg'><img loading=\"lazy\" decoding=\"async\" width=\"150\" height=\"150\" src=\"https:\/\/nagyistvan.pecska.ro\/wp-content\/uploads\/2010\/11\/314-Juhasz-Janosek-asztala-2-150x150.jpg\" class=\"attachment-thumbnail size-thumbnail\" alt=\"\" \/><\/a>\n\t\t\t<\/div><\/figure><figure class='gallery-item'>\n\t\t\t<div class='gallery-icon landscape'>\n\t\t\t\t<a href='https:\/\/nagyistvan.pecska.ro\/wp-content\/uploads\/2010\/11\/315-Kovacs-Gabor-es-Szavuly-Angela.jpg'><img loading=\"lazy\" decoding=\"async\" width=\"150\" height=\"150\" src=\"https:\/\/nagyistvan.pecska.ro\/wp-content\/uploads\/2010\/11\/315-Kovacs-Gabor-es-Szavuly-Angela-150x150.jpg\" class=\"attachment-thumbnail size-thumbnail\" alt=\"\" \/><\/a>\n\t\t\t<\/div><\/figure><figure class='gallery-item'>\n\t\t\t<div class='gallery-icon landscape'>\n\t\t\t\t<a href='https:\/\/nagyistvan.pecska.ro\/wp-content\/uploads\/2010\/11\/316-Juhasz-Janosek-asztala-3.jpg'><img loading=\"lazy\" decoding=\"async\" width=\"150\" height=\"150\" src=\"https:\/\/nagyistvan.pecska.ro\/wp-content\/uploads\/2010\/11\/316-Juhasz-Janosek-asztala-3-150x150.jpg\" class=\"attachment-thumbnail size-thumbnail\" alt=\"\" \/><\/a>\n\t\t\t<\/div><\/figure><figure class='gallery-item'>\n\t\t\t<div class='gallery-icon landscape'>\n\t\t\t\t<a href='https:\/\/nagyistvan.pecska.ro\/wp-content\/uploads\/2010\/11\/317-vendegsereg-1.jpg'><img loading=\"lazy\" decoding=\"async\" width=\"150\" height=\"150\" src=\"https:\/\/nagyistvan.pecska.ro\/wp-content\/uploads\/2010\/11\/317-vendegsereg-1-150x150.jpg\" class=\"attachment-thumbnail size-thumbnail\" alt=\"\" \/><\/a>\n\t\t\t<\/div><\/figure><figure class='gallery-item'>\n\t\t\t<div class='gallery-icon landscape'>\n\t\t\t\t<a href='https:\/\/nagyistvan.pecska.ro\/wp-content\/uploads\/2010\/11\/318-Botka-Sandor-\u00e9s-Kovacs-Laszlo.jpg'><img loading=\"lazy\" decoding=\"async\" width=\"150\" height=\"150\" src=\"https:\/\/nagyistvan.pecska.ro\/wp-content\/uploads\/2010\/11\/318-Botka-Sandor-\u00e9s-Kovacs-Laszlo-150x150.jpg\" class=\"attachment-thumbnail size-thumbnail\" alt=\"\" \/><\/a>\n\t\t\t<\/div><\/figure><figure class='gallery-item'>\n\t\t\t<div class='gallery-icon landscape'>\n\t\t\t\t<a href='https:\/\/nagyistvan.pecska.ro\/wp-content\/uploads\/2010\/11\/319-Roman-Octavian-es-Ibolya-2.jpg'><img loading=\"lazy\" decoding=\"async\" width=\"150\" height=\"150\" src=\"https:\/\/nagyistvan.pecska.ro\/wp-content\/uploads\/2010\/11\/319-Roman-Octavian-es-Ibolya-2-150x150.jpg\" class=\"attachment-thumbnail size-thumbnail\" alt=\"\" \/><\/a>\n\t\t\t<\/div><\/figure><figure class='gallery-item'>\n\t\t\t<div class='gallery-icon landscape'>\n\t\t\t\t<a href='https:\/\/nagyistvan.pecska.ro\/wp-content\/uploads\/2010\/11\/320-vendegsereg-2.jpg'><img loading=\"lazy\" decoding=\"async\" width=\"150\" height=\"150\" src=\"https:\/\/nagyistvan.pecska.ro\/wp-content\/uploads\/2010\/11\/320-vendegsereg-2-150x150.jpg\" class=\"attachment-thumbnail size-thumbnail\" alt=\"\" \/><\/a>\n\t\t\t<\/div><\/figure><figure class='gallery-item'>\n\t\t\t<div class='gallery-icon landscape'>\n\t\t\t\t<a href='https:\/\/nagyistvan.pecska.ro\/wp-content\/uploads\/2010\/11\/321-Matekovits-Maria-es-Mihaly.jpg'><img loading=\"lazy\" decoding=\"async\" width=\"150\" height=\"150\" src=\"https:\/\/nagyistvan.pecska.ro\/wp-content\/uploads\/2010\/11\/321-Matekovits-Maria-es-Mihaly-150x150.jpg\" class=\"attachment-thumbnail size-thumbnail\" alt=\"\" \/><\/a>\n\t\t\t<\/div><\/figure><figure class='gallery-item'>\n\t\t\t<div class='gallery-icon landscape'>\n\t\t\t\t<a href='https:\/\/nagyistvan.pecska.ro\/wp-content\/uploads\/2010\/11\/322-Khell-Jolan-Barta-Zsolt-Khell-Levente.jpg'><img loading=\"lazy\" decoding=\"async\" width=\"150\" height=\"150\" src=\"https:\/\/nagyistvan.pecska.ro\/wp-content\/uploads\/2010\/11\/322-Khell-Jolan-Barta-Zsolt-Khell-Levente-150x150.jpg\" class=\"attachment-thumbnail size-thumbnail\" alt=\"\" \/><\/a>\n\t\t\t<\/div><\/figure><figure class='gallery-item'>\n\t\t\t<div class='gallery-icon landscape'>\n\t\t\t\t<a href='https:\/\/nagyistvan.pecska.ro\/wp-content\/uploads\/2010\/11\/323-Khell-csalad-es-vendegeik.jpg'><img loading=\"lazy\" decoding=\"async\" width=\"150\" height=\"150\" src=\"https:\/\/nagyistvan.pecska.ro\/wp-content\/uploads\/2010\/11\/323-Khell-csalad-es-vendegeik-150x150.jpg\" class=\"attachment-thumbnail size-thumbnail\" alt=\"\" \/><\/a>\n\t\t\t<\/div><\/figure><figure class='gallery-item'>\n\t\t\t<div class='gallery-icon landscape'>\n\t\t\t\t<a href='https:\/\/nagyistvan.pecska.ro\/wp-content\/uploads\/2010\/11\/324-Szeredi-Sandor.jpg'><img loading=\"lazy\" decoding=\"async\" width=\"150\" height=\"150\" src=\"https:\/\/nagyistvan.pecska.ro\/wp-content\/uploads\/2010\/11\/324-Szeredi-Sandor-150x150.jpg\" class=\"attachment-thumbnail size-thumbnail\" alt=\"\" \/><\/a>\n\t\t\t<\/div><\/figure><figure class='gallery-item'>\n\t\t\t<div class='gallery-icon landscape'>\n\t\t\t\t<a href='https:\/\/nagyistvan.pecska.ro\/wp-content\/uploads\/2010\/11\/325-Toth-Zsombor-es-Tothne-Zagoni-Szabo-Julianna-1.jpg'><img loading=\"lazy\" decoding=\"async\" width=\"150\" height=\"150\" src=\"https:\/\/nagyistvan.pecska.ro\/wp-content\/uploads\/2010\/11\/325-Toth-Zsombor-es-Tothne-Zagoni-Szabo-Julianna-1-150x150.jpg\" class=\"attachment-thumbnail size-thumbnail\" alt=\"\" \/><\/a>\n\t\t\t<\/div><\/figure><figure class='gallery-item'>\n\t\t\t<div class='gallery-icon landscape'>\n\t\t\t\t<a href='https:\/\/nagyistvan.pecska.ro\/wp-content\/uploads\/2010\/11\/326-Toth-Zsombor-es-Tothne-Zagoni-Szabo-Julianna-2.jpg'><img loading=\"lazy\" decoding=\"async\" width=\"150\" height=\"150\" src=\"https:\/\/nagyistvan.pecska.ro\/wp-content\/uploads\/2010\/11\/326-Toth-Zsombor-es-Tothne-Zagoni-Szabo-Julianna-2-150x150.jpg\" class=\"attachment-thumbnail size-thumbnail\" alt=\"\" \/><\/a>\n\t\t\t<\/div><\/figure><figure class='gallery-item'>\n\t\t\t<div class='gallery-icon portrait'>\n\t\t\t\t<a href='https:\/\/nagyistvan.pecska.ro\/wp-content\/uploads\/2010\/11\/327-Schererne-Lovasz-Maria-1.jpg'><img loading=\"lazy\" decoding=\"async\" width=\"150\" height=\"150\" src=\"https:\/\/nagyistvan.pecska.ro\/wp-content\/uploads\/2010\/11\/327-Schererne-Lovasz-Maria-1-150x150.jpg\" class=\"attachment-thumbnail size-thumbnail\" alt=\"\" \/><\/a>\n\t\t\t<\/div><\/figure><figure class='gallery-item'>\n\t\t\t<div class='gallery-icon landscape'>\n\t\t\t\t<a href='https:\/\/nagyistvan.pecska.ro\/wp-content\/uploads\/2010\/11\/328-Lovasz-Tiborne-Juhasz-Noemi-Lovasz-Tibor-Bartane-Kelemen-Gabriella.jpg'><img loading=\"lazy\" decoding=\"async\" width=\"150\" height=\"150\" src=\"https:\/\/nagyistvan.pecska.ro\/wp-content\/uploads\/2010\/11\/328-Lovasz-Tiborne-Juhasz-Noemi-Lovasz-Tibor-Bartane-Kelemen-Gabriella-150x150.jpg\" class=\"attachment-thumbnail size-thumbnail\" alt=\"\" \/><\/a>\n\t\t\t<\/div><\/figure><figure class='gallery-item'>\n\t\t\t<div class='gallery-icon portrait'>\n\t\t\t\t<a href='https:\/\/nagyistvan.pecska.ro\/wp-content\/uploads\/2010\/11\/329-Schererne-Lovasz-Maria-2.jpg'><img loading=\"lazy\" decoding=\"async\" width=\"150\" height=\"150\" src=\"https:\/\/nagyistvan.pecska.ro\/wp-content\/uploads\/2010\/11\/329-Schererne-Lovasz-Maria-2-150x150.jpg\" class=\"attachment-thumbnail size-thumbnail\" alt=\"\" \/><\/a>\n\t\t\t<\/div><\/figure><figure class='gallery-item'>\n\t\t\t<div class='gallery-icon portrait'>\n\t\t\t\t<a href='https:\/\/nagyistvan.pecska.ro\/wp-content\/uploads\/2010\/11\/330-Fridrik-Anna.jpg'><img loading=\"lazy\" decoding=\"async\" width=\"150\" height=\"150\" src=\"https:\/\/nagyistvan.pecska.ro\/wp-content\/uploads\/2010\/11\/330-Fridrik-Anna-150x150.jpg\" class=\"attachment-thumbnail size-thumbnail\" alt=\"\" \/><\/a>\n\t\t\t<\/div><\/figure><figure class='gallery-item'>\n\t\t\t<div class='gallery-icon landscape'>\n\t\t\t\t<a href='https:\/\/nagyistvan.pecska.ro\/wp-content\/uploads\/2010\/11\/331-Nagy-Zsuzsa-es-ferje-1.jpg'><img loading=\"lazy\" decoding=\"async\" width=\"150\" height=\"150\" src=\"https:\/\/nagyistvan.pecska.ro\/wp-content\/uploads\/2010\/11\/331-Nagy-Zsuzsa-es-ferje-1-150x150.jpg\" class=\"attachment-thumbnail size-thumbnail\" alt=\"\" \/><\/a>\n\t\t\t<\/div><\/figure><figure class='gallery-item'>\n\t\t\t<div class='gallery-icon landscape'>\n\t\t\t\t<a href='https:\/\/nagyistvan.pecska.ro\/wp-content\/uploads\/2010\/11\/332-Fridrik-Lorand-es-felesege.jpg'><img loading=\"lazy\" decoding=\"async\" width=\"150\" height=\"150\" src=\"https:\/\/nagyistvan.pecska.ro\/wp-content\/uploads\/2010\/11\/332-Fridrik-Lorand-es-felesege-150x150.jpg\" class=\"attachment-thumbnail size-thumbnail\" alt=\"\" \/><\/a>\n\t\t\t<\/div><\/figure><figure class='gallery-item'>\n\t\t\t<div class='gallery-icon landscape'>\n\t\t\t\t<a href='https:\/\/nagyistvan.pecska.ro\/wp-content\/uploads\/2010\/11\/333-Mesterne-Suli-Erika-\u00e9s-P\u00e1l.jpg'><img loading=\"lazy\" decoding=\"async\" width=\"150\" height=\"150\" src=\"https:\/\/nagyistvan.pecska.ro\/wp-content\/uploads\/2010\/11\/333-Mesterne-Suli-Erika-\u00e9s-P\u00e1l-150x150.jpg\" class=\"attachment-thumbnail size-thumbnail\" alt=\"\" \/><\/a>\n\t\t\t<\/div><\/figure><figure class='gallery-item'>\n\t\t\t<div class='gallery-icon landscape'>\n\t\t\t\t<a href='https:\/\/nagyistvan.pecska.ro\/wp-content\/uploads\/2010\/11\/334-Iordache-Emilia-Botka-Cerasela-es-Acsne-Kovacs-Eva.jpg'><img loading=\"lazy\" decoding=\"async\" width=\"150\" height=\"150\" src=\"https:\/\/nagyistvan.pecska.ro\/wp-content\/uploads\/2010\/11\/334-Iordache-Emilia-Botka-Cerasela-es-Acsne-Kovacs-Eva-150x150.jpg\" class=\"attachment-thumbnail size-thumbnail\" alt=\"\" \/><\/a>\n\t\t\t<\/div><\/figure><figure class='gallery-item'>\n\t\t\t<div class='gallery-icon landscape'>\n\t\t\t\t<a href='https:\/\/nagyistvan.pecska.ro\/wp-content\/uploads\/2010\/11\/335-Botka-Cerasela-Csakne-Kovacs-Eva-es-Csak-Ferenc.jpg'><img loading=\"lazy\" decoding=\"async\" width=\"150\" height=\"150\" src=\"https:\/\/nagyistvan.pecska.ro\/wp-content\/uploads\/2010\/11\/335-Botka-Cerasela-Csakne-Kovacs-Eva-es-Csak-Ferenc-150x150.jpg\" class=\"attachment-thumbnail size-thumbnail\" alt=\"\" \/><\/a>\n\t\t\t<\/div><\/figure><figure class='gallery-item'>\n\t\t\t<div class='gallery-icon landscape'>\n\t\t\t\t<a href='https:\/\/nagyistvan.pecska.ro\/wp-content\/uploads\/2010\/11\/336-Juhasz-Janos-es-Szabo-Janos.jpg'><img loading=\"lazy\" decoding=\"async\" width=\"150\" height=\"150\" src=\"https:\/\/nagyistvan.pecska.ro\/wp-content\/uploads\/2010\/11\/336-Juhasz-Janos-es-Szabo-Janos-150x150.jpg\" class=\"attachment-thumbnail size-thumbnail\" alt=\"\" \/><\/a>\n\t\t\t<\/div><\/figure><figure class='gallery-item'>\n\t\t\t<div class='gallery-icon landscape'>\n\t\t\t\t<a href='https:\/\/nagyistvan.pecska.ro\/wp-content\/uploads\/2010\/11\/337-Szomoru-Istvan-Borsos-Marton-es-Juhasz-Janos.jpg'><img loading=\"lazy\" decoding=\"async\" width=\"150\" height=\"150\" src=\"https:\/\/nagyistvan.pecska.ro\/wp-content\/uploads\/2010\/11\/337-Szomoru-Istvan-Borsos-Marton-es-Juhasz-Janos-150x150.jpg\" class=\"attachment-thumbnail size-thumbnail\" alt=\"\" \/><\/a>\n\t\t\t<\/div><\/figure><figure class='gallery-item'>\n\t\t\t<div class='gallery-icon landscape'>\n\t\t\t\t<a href='https:\/\/nagyistvan.pecska.ro\/wp-content\/uploads\/2010\/11\/338-Zabos-Pal-Szomoru-Istvan-es-Borsos-Marton.jpg'><img loading=\"lazy\" decoding=\"async\" width=\"150\" height=\"150\" src=\"https:\/\/nagyistvan.pecska.ro\/wp-content\/uploads\/2010\/11\/338-Zabos-Pal-Szomoru-Istvan-es-Borsos-Marton-150x150.jpg\" class=\"attachment-thumbnail size-thumbnail\" alt=\"\" \/><\/a>\n\t\t\t<\/div><\/figure><figure class='gallery-item'>\n\t\t\t<div class='gallery-icon landscape'>\n\t\t\t\t<a href='https:\/\/nagyistvan.pecska.ro\/wp-content\/uploads\/2010\/11\/339-Szabo-Janos-es-Szabone-Nagy-Rozalia.jpg'><img loading=\"lazy\" decoding=\"async\" width=\"150\" height=\"150\" src=\"https:\/\/nagyistvan.pecska.ro\/wp-content\/uploads\/2010\/11\/339-Szabo-Janos-es-Szabone-Nagy-Rozalia-150x150.jpg\" class=\"attachment-thumbnail size-thumbnail\" alt=\"\" \/><\/a>\n\t\t\t<\/div><\/figure><figure class='gallery-item'>\n\t\t\t<div class='gallery-icon landscape'>\n\t\t\t\t<a href='https:\/\/nagyistvan.pecska.ro\/wp-content\/uploads\/2010\/11\/340-Borsosne-Juhasz-Agnes-es-Juhaszne-Kiss-Terez.jpg'><img loading=\"lazy\" decoding=\"async\" width=\"150\" height=\"150\" src=\"https:\/\/nagyistvan.pecska.ro\/wp-content\/uploads\/2010\/11\/340-Borsosne-Juhasz-Agnes-es-Juhaszne-Kiss-Terez-150x150.jpg\" class=\"attachment-thumbnail size-thumbnail\" alt=\"\" \/><\/a>\n\t\t\t<\/div><\/figure><figure class='gallery-item'>\n\t\t\t<div class='gallery-icon landscape'>\n\t\t\t\t<a href='https:\/\/nagyistvan.pecska.ro\/wp-content\/uploads\/2010\/11\/341-Szomorune-Boldozsar-Julianna-es-Zabosne-Kiraly-Rozalia.jpg'><img loading=\"lazy\" decoding=\"async\" width=\"150\" height=\"150\" src=\"https:\/\/nagyistvan.pecska.ro\/wp-content\/uploads\/2010\/11\/341-Szomorune-Boldozsar-Julianna-es-Zabosne-Kiraly-Rozalia-150x150.jpg\" class=\"attachment-thumbnail size-thumbnail\" alt=\"\" \/><\/a>\n\t\t\t<\/div><\/figure><figure class='gallery-item'>\n\t\t\t<div class='gallery-icon portrait'>\n\t\t\t\t<a href='https:\/\/nagyistvan.pecska.ro\/wp-content\/uploads\/2010\/11\/342-Bartok-Andras-es-Eniko.jpg'><img loading=\"lazy\" decoding=\"async\" width=\"150\" height=\"150\" src=\"https:\/\/nagyistvan.pecska.ro\/wp-content\/uploads\/2010\/11\/342-Bartok-Andras-es-Eniko-150x150.jpg\" class=\"attachment-thumbnail size-thumbnail\" alt=\"\" \/><\/a>\n\t\t\t<\/div><\/figure><figure class='gallery-item'>\n\t\t\t<div class='gallery-icon landscape'>\n\t\t\t\t<a href='https:\/\/nagyistvan.pecska.ro\/wp-content\/uploads\/2010\/11\/343-Mesterne-Harsanyi-Erzsebet-es-Sandor.jpg'><img loading=\"lazy\" decoding=\"async\" width=\"150\" height=\"150\" src=\"https:\/\/nagyistvan.pecska.ro\/wp-content\/uploads\/2010\/11\/343-Mesterne-Harsanyi-Erzsebet-es-Sandor-150x150.jpg\" class=\"attachment-thumbnail size-thumbnail\" alt=\"\" \/><\/a>\n\t\t\t<\/div><\/figure><figure class='gallery-item'>\n\t\t\t<div class='gallery-icon landscape'>\n\t\t\t\t<a href='https:\/\/nagyistvan.pecska.ro\/wp-content\/uploads\/2010\/11\/344-Siclovan-Silviu-Siclovanne-Lelik-Marta-es-Mesterne-Harsanyi-Erzsebet.jpg'><img loading=\"lazy\" decoding=\"async\" width=\"150\" height=\"150\" src=\"https:\/\/nagyistvan.pecska.ro\/wp-content\/uploads\/2010\/11\/344-Siclovan-Silviu-Siclovanne-Lelik-Marta-es-Mesterne-Harsanyi-Erzsebet-150x150.jpg\" class=\"attachment-thumbnail size-thumbnail\" alt=\"\" \/><\/a>\n\t\t\t<\/div><\/figure><figure class='gallery-item'>\n\t\t\t<div class='gallery-icon landscape'>\n\t\t\t\t<a href='https:\/\/nagyistvan.pecska.ro\/wp-content\/uploads\/2010\/11\/345-Lelik-Jozsef-es-Erzsebet-Siclovan-Silviu-2.jpg'><img loading=\"lazy\" decoding=\"async\" width=\"150\" height=\"150\" src=\"https:\/\/nagyistvan.pecska.ro\/wp-content\/uploads\/2010\/11\/345-Lelik-Jozsef-es-Erzsebet-Siclovan-Silviu-2-150x150.jpg\" class=\"attachment-thumbnail size-thumbnail\" alt=\"\" \/><\/a>\n\t\t\t<\/div><\/figure><figure class='gallery-item'>\n\t\t\t<div class='gallery-icon landscape'>\n\t\t\t\t<a href='https:\/\/nagyistvan.pecska.ro\/wp-content\/uploads\/2010\/11\/346-Kovacs-Marton-es-felesege-Etelke-Suli-Jozsef.jpg'><img loading=\"lazy\" decoding=\"async\" width=\"150\" height=\"150\" src=\"https:\/\/nagyistvan.pecska.ro\/wp-content\/uploads\/2010\/11\/346-Kovacs-Marton-es-felesege-Etelke-Suli-Jozsef-150x150.jpg\" class=\"attachment-thumbnail size-thumbnail\" alt=\"\" \/><\/a>\n\t\t\t<\/div><\/figure><figure class='gallery-item'>\n\t\t\t<div class='gallery-icon landscape'>\n\t\t\t\t<a href='https:\/\/nagyistvan.pecska.ro\/wp-content\/uploads\/2010\/11\/347-Farago-Peter-Boloni-Gyorgy-Kovacs-Marton.jpg'><img loading=\"lazy\" decoding=\"async\" width=\"150\" height=\"150\" src=\"https:\/\/nagyistvan.pecska.ro\/wp-content\/uploads\/2010\/11\/347-Farago-Peter-Boloni-Gyorgy-Kovacs-Marton-150x150.jpg\" class=\"attachment-thumbnail size-thumbnail\" alt=\"\" \/><\/a>\n\t\t\t<\/div><\/figure><figure class='gallery-item'>\n\t\t\t<div class='gallery-icon portrait'>\n\t\t\t\t<a href='https:\/\/nagyistvan.pecska.ro\/wp-content\/uploads\/2010\/11\/348-Irhazi-Janos.jpg'><img loading=\"lazy\" decoding=\"async\" width=\"150\" height=\"150\" src=\"https:\/\/nagyistvan.pecska.ro\/wp-content\/uploads\/2010\/11\/348-Irhazi-Janos-150x150.jpg\" class=\"attachment-thumbnail size-thumbnail\" alt=\"\" \/><\/a>\n\t\t\t<\/div><\/figure><figure class='gallery-item'>\n\t\t\t<div class='gallery-icon landscape'>\n\t\t\t\t<a href='https:\/\/nagyistvan.pecska.ro\/wp-content\/uploads\/2010\/11\/349-Csepellane-Varga-Maria-es-Janos.jpg'><img loading=\"lazy\" decoding=\"async\" width=\"150\" height=\"150\" src=\"https:\/\/nagyistvan.pecska.ro\/wp-content\/uploads\/2010\/11\/349-Csepellane-Varga-Maria-es-Janos-150x150.jpg\" class=\"attachment-thumbnail size-thumbnail\" alt=\"\" \/><\/a>\n\t\t\t<\/div><\/figure><figure class='gallery-item'>\n\t\t\t<div class='gallery-icon landscape'>\n\t\t\t\t<a href='https:\/\/nagyistvan.pecska.ro\/wp-content\/uploads\/2010\/11\/350-Denut-Evelin-es-Kocsik-Imre-1.jpg'><img loading=\"lazy\" decoding=\"async\" width=\"150\" height=\"150\" src=\"https:\/\/nagyistvan.pecska.ro\/wp-content\/uploads\/2010\/11\/350-Denut-Evelin-es-Kocsik-Imre-1-150x150.jpg\" class=\"attachment-thumbnail size-thumbnail\" alt=\"\" \/><\/a>\n\t\t\t<\/div><\/figure><figure class='gallery-item'>\n\t\t\t<div class='gallery-icon landscape'>\n\t\t\t\t<a href='https:\/\/nagyistvan.pecska.ro\/wp-content\/uploads\/2010\/11\/351-Denut-Evelin-es-Kocsik-Imre-2.jpg'><img loading=\"lazy\" decoding=\"async\" width=\"150\" height=\"150\" src=\"https:\/\/nagyistvan.pecska.ro\/wp-content\/uploads\/2010\/11\/351-Denut-Evelin-es-Kocsik-Imre-2-150x150.jpg\" class=\"attachment-thumbnail size-thumbnail\" alt=\"\" \/><\/a>\n\t\t\t<\/div><\/figure><figure class='gallery-item'>\n\t\t\t<div class='gallery-icon landscape'>\n\t\t\t\t<a href='https:\/\/nagyistvan.pecska.ro\/wp-content\/uploads\/2010\/11\/352-Denut-Evelin-es-Kocsik-Imre-3.jpg'><img loading=\"lazy\" decoding=\"async\" width=\"150\" height=\"150\" src=\"https:\/\/nagyistvan.pecska.ro\/wp-content\/uploads\/2010\/11\/352-Denut-Evelin-es-Kocsik-Imre-3-150x150.jpg\" class=\"attachment-thumbnail size-thumbnail\" alt=\"\" \/><\/a>\n\t\t\t<\/div><\/figure><figure class='gallery-item'>\n\t\t\t<div class='gallery-icon landscape'>\n\t\t\t\t<a href='https:\/\/nagyistvan.pecska.ro\/wp-content\/uploads\/2010\/11\/353-Bartokne-Donath-Maria-Fridrikne-Vass-Rozalia-Koncsekne-Erzsebet.jpg'><img loading=\"lazy\" decoding=\"async\" width=\"150\" height=\"150\" src=\"https:\/\/nagyistvan.pecska.ro\/wp-content\/uploads\/2010\/11\/353-Bartokne-Donath-Maria-Fridrikne-Vass-Rozalia-Koncsekne-Erzsebet-150x150.jpg\" class=\"attachment-thumbnail size-thumbnail\" alt=\"\" \/><\/a>\n\t\t\t<\/div><\/figure><figure class='gallery-item'>\n\t\t\t<div class='gallery-icon landscape'>\n\t\t\t\t<a href='https:\/\/nagyistvan.pecska.ro\/wp-content\/uploads\/2010\/11\/354-Koncsekne-Erzsebet-\u00e9s-Janos.jpg'><img loading=\"lazy\" decoding=\"async\" width=\"150\" height=\"150\" src=\"https:\/\/nagyistvan.pecska.ro\/wp-content\/uploads\/2010\/11\/354-Koncsekne-Erzsebet-\u00e9s-Janos-150x150.jpg\" class=\"attachment-thumbnail size-thumbnail\" alt=\"\" \/><\/a>\n\t\t\t<\/div><\/figure><figure class='gallery-item'>\n\t\t\t<div class='gallery-icon landscape'>\n\t\t\t\t<a href='https:\/\/nagyistvan.pecska.ro\/wp-content\/uploads\/2010\/11\/355-Fridrik-Eduard-Szenasi-Istvan-Schererne-Lovasz-Maria.jpg'><img loading=\"lazy\" decoding=\"async\" width=\"150\" height=\"150\" src=\"https:\/\/nagyistvan.pecska.ro\/wp-content\/uploads\/2010\/11\/355-Fridrik-Eduard-Szenasi-Istvan-Schererne-Lovasz-Maria-150x150.jpg\" class=\"attachment-thumbnail size-thumbnail\" alt=\"\" \/><\/a>\n\t\t\t<\/div><\/figure><figure class='gallery-item'>\n\t\t\t<div class='gallery-icon landscape'>\n\t\t\t\t<a href='https:\/\/nagyistvan.pecska.ro\/wp-content\/uploads\/2010\/11\/356-Totne-Molnar-Edit-1.jpg'><img loading=\"lazy\" decoding=\"async\" width=\"150\" height=\"150\" src=\"https:\/\/nagyistvan.pecska.ro\/wp-content\/uploads\/2010\/11\/356-Totne-Molnar-Edit-1-150x150.jpg\" class=\"attachment-thumbnail size-thumbnail\" alt=\"\" \/><\/a>\n\t\t\t<\/div><\/figure><figure class='gallery-item'>\n\t\t\t<div class='gallery-icon portrait'>\n\t\t\t\t<a href='https:\/\/nagyistvan.pecska.ro\/wp-content\/uploads\/2010\/11\/357-Totne-Molnar-Edit-2.jpg'><img loading=\"lazy\" decoding=\"async\" width=\"150\" height=\"150\" src=\"https:\/\/nagyistvan.pecska.ro\/wp-content\/uploads\/2010\/11\/357-Totne-Molnar-Edit-2-150x150.jpg\" class=\"attachment-thumbnail size-thumbnail\" alt=\"\" \/><\/a>\n\t\t\t<\/div><\/figure><figure class='gallery-item'>\n\t\t\t<div class='gallery-icon landscape'>\n\t\t\t\t<a href='https:\/\/nagyistvan.pecska.ro\/wp-content\/uploads\/2010\/11\/358-Nagy-Zsuzsa-es-ferje-2.jpg'><img loading=\"lazy\" decoding=\"async\" width=\"150\" height=\"150\" src=\"https:\/\/nagyistvan.pecska.ro\/wp-content\/uploads\/2010\/11\/358-Nagy-Zsuzsa-es-ferje-2-150x150.jpg\" class=\"attachment-thumbnail size-thumbnail\" alt=\"\" \/><\/a>\n\t\t\t<\/div><\/figure><figure class='gallery-item'>\n\t\t\t<div class='gallery-icon landscape'>\n\t\t\t\t<a href='https:\/\/nagyistvan.pecska.ro\/wp-content\/uploads\/2010\/11\/359-Fridrikne-Kiraly-Eszter-es-Fridrik-Lorand-1.jpg'><img loading=\"lazy\" decoding=\"async\" width=\"150\" height=\"150\" src=\"https:\/\/nagyistvan.pecska.ro\/wp-content\/uploads\/2010\/11\/359-Fridrikne-Kiraly-Eszter-es-Fridrik-Lorand-1-150x150.jpg\" class=\"attachment-thumbnail size-thumbnail\" alt=\"\" \/><\/a>\n\t\t\t<\/div><\/figure><figure class='gallery-item'>\n\t\t\t<div class='gallery-icon landscape'>\n\t\t\t\t<a href='https:\/\/nagyistvan.pecska.ro\/wp-content\/uploads\/2010\/11\/360-Fridrikne-Kiraly-Eszter-es-Fridrik-Lorand-2.jpg'><img loading=\"lazy\" decoding=\"async\" width=\"150\" height=\"150\" src=\"https:\/\/nagyistvan.pecska.ro\/wp-content\/uploads\/2010\/11\/360-Fridrikne-Kiraly-Eszter-es-Fridrik-Lorand-2-150x150.jpg\" class=\"attachment-thumbnail size-thumbnail\" alt=\"\" \/><\/a>\n\t\t\t<\/div><\/figure><figure class='gallery-item'>\n\t\t\t<div class='gallery-icon landscape'>\n\t\t\t\t<a href='https:\/\/nagyistvan.pecska.ro\/wp-content\/uploads\/2010\/11\/361-Kelemenne-Niculina-es-Lajos.jpg'><img loading=\"lazy\" decoding=\"async\" width=\"150\" height=\"150\" src=\"https:\/\/nagyistvan.pecska.ro\/wp-content\/uploads\/2010\/11\/361-Kelemenne-Niculina-es-Lajos-150x150.jpg\" class=\"attachment-thumbnail size-thumbnail\" alt=\"\" \/><\/a>\n\t\t\t<\/div><\/figure><figure class='gallery-item'>\n\t\t\t<div class='gallery-icon landscape'>\n\t\t\t\t<a href='https:\/\/nagyistvan.pecska.ro\/wp-content\/uploads\/2010\/11\/362-Suli-Jozsef-es-Suline-Jurik-Julianna.jpg'><img loading=\"lazy\" decoding=\"async\" width=\"150\" height=\"150\" src=\"https:\/\/nagyistvan.pecska.ro\/wp-content\/uploads\/2010\/11\/362-Suli-Jozsef-es-Suline-Jurik-Julianna-150x150.jpg\" class=\"attachment-thumbnail size-thumbnail\" alt=\"\" \/><\/a>\n\t\t\t<\/div><\/figure><figure class='gallery-item'>\n\t\t\t<div class='gallery-icon portrait'>\n\t\t\t\t<a href='https:\/\/nagyistvan.pecska.ro\/wp-content\/uploads\/2010\/11\/363-Makra-Andras.jpg'><img loading=\"lazy\" decoding=\"async\" width=\"150\" height=\"150\" src=\"https:\/\/nagyistvan.pecska.ro\/wp-content\/uploads\/2010\/11\/363-Makra-Andras-150x150.jpg\" class=\"attachment-thumbnail size-thumbnail\" alt=\"\" \/><\/a>\n\t\t\t<\/div><\/figure><figure class='gallery-item'>\n\t\t\t<div class='gallery-icon landscape'>\n\t\t\t\t<a href='https:\/\/nagyistvan.pecska.ro\/wp-content\/uploads\/2010\/11\/364-Lelikne-Juhasz-Erzsebet-Suli-Erzsebet-Lelik-Jozsef.jpg'><img loading=\"lazy\" decoding=\"async\" width=\"150\" height=\"150\" src=\"https:\/\/nagyistvan.pecska.ro\/wp-content\/uploads\/2010\/11\/364-Lelikne-Juhasz-Erzsebet-Suli-Erzsebet-Lelik-Jozsef-150x150.jpg\" class=\"attachment-thumbnail size-thumbnail\" alt=\"\" \/><\/a>\n\t\t\t<\/div><\/figure><figure class='gallery-item'>\n\t\t\t<div class='gallery-icon landscape'>\n\t\t\t\t<a href='https:\/\/nagyistvan.pecska.ro\/wp-content\/uploads\/2010\/11\/365-Mezei-Orsolya-es-Toth-Barna-1.jpg'><img loading=\"lazy\" decoding=\"async\" width=\"150\" height=\"150\" src=\"https:\/\/nagyistvan.pecska.ro\/wp-content\/uploads\/2010\/11\/365-Mezei-Orsolya-es-Toth-Barna-1-150x150.jpg\" class=\"attachment-thumbnail size-thumbnail\" alt=\"\" \/><\/a>\n\t\t\t<\/div><\/figure><figure class='gallery-item'>\n\t\t\t<div class='gallery-icon landscape'>\n\t\t\t\t<a href='https:\/\/nagyistvan.pecska.ro\/wp-content\/uploads\/2010\/11\/366-Mezei-Orsolya-es-Toth-Barna-2.jpg'><img loading=\"lazy\" decoding=\"async\" width=\"150\" height=\"150\" src=\"https:\/\/nagyistvan.pecska.ro\/wp-content\/uploads\/2010\/11\/366-Mezei-Orsolya-es-Toth-Barna-2-150x150.jpg\" class=\"attachment-thumbnail size-thumbnail\" alt=\"\" \/><\/a>\n\t\t\t<\/div><\/figure><figure class='gallery-item'>\n\t\t\t<div class='gallery-icon landscape'>\n\t\t\t\t<a href='https:\/\/nagyistvan.pecska.ro\/wp-content\/uploads\/2010\/11\/367-Suli-Bertalan-Suli-Berta-es-Borsos-Robert.jpg'><img loading=\"lazy\" decoding=\"async\" width=\"150\" height=\"150\" src=\"https:\/\/nagyistvan.pecska.ro\/wp-content\/uploads\/2010\/11\/367-Suli-Bertalan-Suli-Berta-es-Borsos-Robert-150x150.jpg\" class=\"attachment-thumbnail size-thumbnail\" alt=\"\" \/><\/a>\n\t\t\t<\/div><\/figure><figure class='gallery-item'>\n\t\t\t<div class='gallery-icon landscape'>\n\t\t\t\t<a href='https:\/\/nagyistvan.pecska.ro\/wp-content\/uploads\/2010\/11\/368-Zagoni-Szabo-Andras-ifj.-es-Nagy-Renata.jpg'><img loading=\"lazy\" decoding=\"async\" width=\"150\" height=\"150\" src=\"https:\/\/nagyistvan.pecska.ro\/wp-content\/uploads\/2010\/11\/368-Zagoni-Szabo-Andras-ifj.-es-Nagy-Renata-150x150.jpg\" class=\"attachment-thumbnail size-thumbnail\" alt=\"\" \/><\/a>\n\t\t\t<\/div><\/figure><figure class='gallery-item'>\n\t\t\t<div class='gallery-icon landscape'>\n\t\t\t\t<a href='https:\/\/nagyistvan.pecska.ro\/wp-content\/uploads\/2010\/11\/369-Toth-Attila-es-ifj.-Csak-Eva.jpg'><img loading=\"lazy\" decoding=\"async\" width=\"150\" height=\"150\" src=\"https:\/\/nagyistvan.pecska.ro\/wp-content\/uploads\/2010\/11\/369-Toth-Attila-es-ifj.-Csak-Eva-150x150.jpg\" class=\"attachment-thumbnail size-thumbnail\" alt=\"\" \/><\/a>\n\t\t\t<\/div><\/figure><figure class='gallery-item'>\n\t\t\t<div class='gallery-icon portrait'>\n\t\t\t\t<a href='https:\/\/nagyistvan.pecska.ro\/wp-content\/uploads\/2010\/11\/370-Borsos-Anett-1.jpg'><img loading=\"lazy\" decoding=\"async\" width=\"150\" height=\"150\" src=\"https:\/\/nagyistvan.pecska.ro\/wp-content\/uploads\/2010\/11\/370-Borsos-Anett-1-150x150.jpg\" class=\"attachment-thumbnail size-thumbnail\" alt=\"\" \/><\/a>\n\t\t\t<\/div><\/figure><figure class='gallery-item'>\n\t\t\t<div class='gallery-icon portrait'>\n\t\t\t\t<a href='https:\/\/nagyistvan.pecska.ro\/wp-content\/uploads\/2010\/11\/371-Borsos-Anett-2.jpg'><img loading=\"lazy\" decoding=\"async\" width=\"150\" height=\"150\" src=\"https:\/\/nagyistvan.pecska.ro\/wp-content\/uploads\/2010\/11\/371-Borsos-Anett-2-150x150.jpg\" class=\"attachment-thumbnail size-thumbnail\" alt=\"\" \/><\/a>\n\t\t\t<\/div><\/figure><figure class='gallery-item'>\n\t\t\t<div class='gallery-icon landscape'>\n\t\t\t\t<a href='https:\/\/nagyistvan.pecska.ro\/wp-content\/uploads\/2010\/11\/372-Dancu-Greta-Lelik-Eniko-Lengyel-Ovidiu.jpg'><img loading=\"lazy\" decoding=\"async\" width=\"150\" height=\"150\" src=\"https:\/\/nagyistvan.pecska.ro\/wp-content\/uploads\/2010\/11\/372-Dancu-Greta-Lelik-Eniko-Lengyel-Ovidiu-150x150.jpg\" class=\"attachment-thumbnail size-thumbnail\" alt=\"\" \/><\/a>\n\t\t\t<\/div><\/figure><figure class='gallery-item'>\n\t\t\t<div class='gallery-icon landscape'>\n\t\t\t\t<a href='https:\/\/nagyistvan.pecska.ro\/wp-content\/uploads\/2010\/11\/373-Csak-Ferenc-ifj.-Dancu-Greta.jpg'><img loading=\"lazy\" decoding=\"async\" width=\"150\" height=\"150\" src=\"https:\/\/nagyistvan.pecska.ro\/wp-content\/uploads\/2010\/11\/373-Csak-Ferenc-ifj.-Dancu-Greta-150x150.jpg\" class=\"attachment-thumbnail size-thumbnail\" alt=\"\" \/><\/a>\n\t\t\t<\/div><\/figure><figure class='gallery-item'>\n\t\t\t<div class='gallery-icon landscape'>\n\t\t\t\t<a href='https:\/\/nagyistvan.pecska.ro\/wp-content\/uploads\/2010\/11\/374-Nagy-Szekerczes-Renata-es-Zagonine-Kelemen-Renata.jpg'><img loading=\"lazy\" decoding=\"async\" width=\"150\" height=\"150\" src=\"https:\/\/nagyistvan.pecska.ro\/wp-content\/uploads\/2010\/11\/374-Nagy-Szekerczes-Renata-es-Zagonine-Kelemen-Renata-150x150.jpg\" class=\"attachment-thumbnail size-thumbnail\" alt=\"\" \/><\/a>\n\t\t\t<\/div><\/figure><figure class='gallery-item'>\n\t\t\t<div class='gallery-icon landscape'>\n\t\t\t\t<a href='https:\/\/nagyistvan.pecska.ro\/wp-content\/uploads\/2010\/11\/375-Hajas-Maria-es-Szeredi-Sandor.jpg'><img loading=\"lazy\" decoding=\"async\" width=\"150\" height=\"150\" src=\"https:\/\/nagyistvan.pecska.ro\/wp-content\/uploads\/2010\/11\/375-Hajas-Maria-es-Szeredi-Sandor-150x150.jpg\" class=\"attachment-thumbnail size-thumbnail\" alt=\"\" \/><\/a>\n\t\t\t<\/div><\/figure><figure class='gallery-item'>\n\t\t\t<div class='gallery-icon landscape'>\n\t\t\t\t<a href='https:\/\/nagyistvan.pecska.ro\/wp-content\/uploads\/2010\/11\/376-Toth-Karoly-\u00e9s-Terezia.jpg'><img loading=\"lazy\" decoding=\"async\" width=\"150\" height=\"150\" src=\"https:\/\/nagyistvan.pecska.ro\/wp-content\/uploads\/2010\/11\/376-Toth-Karoly-\u00e9s-Terezia-150x150.jpg\" class=\"attachment-thumbnail size-thumbnail\" alt=\"\" \/><\/a>\n\t\t\t<\/div><\/figure><figure class='gallery-item'>\n\t\t\t<div class='gallery-icon landscape'>\n\t\t\t\t<a href='https:\/\/nagyistvan.pecska.ro\/wp-content\/uploads\/2010\/11\/377-Csakne-Kovacs-Eva-es-Csak-Ferenc.jpg'><img loading=\"lazy\" decoding=\"async\" width=\"150\" height=\"150\" src=\"https:\/\/nagyistvan.pecska.ro\/wp-content\/uploads\/2010\/11\/377-Csakne-Kovacs-Eva-es-Csak-Ferenc-150x150.jpg\" class=\"attachment-thumbnail size-thumbnail\" alt=\"\" \/><\/a>\n\t\t\t<\/div><\/figure><figure class='gallery-item'>\n\t\t\t<div class='gallery-icon portrait'>\n\t\t\t\t<a href='https:\/\/nagyistvan.pecska.ro\/wp-content\/uploads\/2010\/11\/378-Bartok-Andras-1.jpg'><img loading=\"lazy\" decoding=\"async\" width=\"150\" height=\"150\" src=\"https:\/\/nagyistvan.pecska.ro\/wp-content\/uploads\/2010\/11\/378-Bartok-Andras-1-150x150.jpg\" class=\"attachment-thumbnail size-thumbnail\" alt=\"\" \/><\/a>\n\t\t\t<\/div><\/figure><figure class='gallery-item'>\n\t\t\t<div class='gallery-icon portrait'>\n\t\t\t\t<a href='https:\/\/nagyistvan.pecska.ro\/wp-content\/uploads\/2010\/11\/379-Bartok-Andras-2.jpg'><img loading=\"lazy\" decoding=\"async\" width=\"150\" height=\"150\" src=\"https:\/\/nagyistvan.pecska.ro\/wp-content\/uploads\/2010\/11\/379-Bartok-Andras-2-150x150.jpg\" class=\"attachment-thumbnail size-thumbnail\" alt=\"\" \/><\/a>\n\t\t\t<\/div><\/figure><figure class='gallery-item'>\n\t\t\t<div class='gallery-icon landscape'>\n\t\t\t\t<a href='https:\/\/nagyistvan.pecska.ro\/wp-content\/uploads\/2010\/11\/380-Kocsik-Imre-Bartok-Andras-es-Bartokne-Donath-Maria.jpg'><img loading=\"lazy\" decoding=\"async\" width=\"150\" height=\"150\" src=\"https:\/\/nagyistvan.pecska.ro\/wp-content\/uploads\/2010\/11\/380-Kocsik-Imre-Bartok-Andras-es-Bartokne-Donath-Maria-150x150.jpg\" class=\"attachment-thumbnail size-thumbnail\" alt=\"\" \/><\/a>\n\t\t\t<\/div><\/figure><figure class='gallery-item'>\n\t\t\t<div class='gallery-icon landscape'>\n\t\t\t\t<a href='https:\/\/nagyistvan.pecska.ro\/wp-content\/uploads\/2010\/11\/381-Bartok-Andras-es-Bartokne-Donath-Maria-1.jpg'><img loading=\"lazy\" decoding=\"async\" width=\"150\" height=\"150\" src=\"https:\/\/nagyistvan.pecska.ro\/wp-content\/uploads\/2010\/11\/381-Bartok-Andras-es-Bartokne-Donath-Maria-1-150x150.jpg\" class=\"attachment-thumbnail size-thumbnail\" alt=\"\" \/><\/a>\n\t\t\t<\/div><\/figure><figure class='gallery-item'>\n\t\t\t<div class='gallery-icon landscape'>\n\t\t\t\t<a href='https:\/\/nagyistvan.pecska.ro\/wp-content\/uploads\/2010\/11\/382-Bartok-Andras-es-Bartokne-Donath-Maria-2.jpg'><img loading=\"lazy\" decoding=\"async\" width=\"150\" height=\"150\" src=\"https:\/\/nagyistvan.pecska.ro\/wp-content\/uploads\/2010\/11\/382-Bartok-Andras-es-Bartokne-Donath-Maria-2-150x150.jpg\" class=\"attachment-thumbnail size-thumbnail\" alt=\"\" \/><\/a>\n\t\t\t<\/div><\/figure><figure class='gallery-item'>\n\t\t\t<div class='gallery-icon landscape'>\n\t\t\t\t<a href='https:\/\/nagyistvan.pecska.ro\/wp-content\/uploads\/2010\/11\/383-Bartok-Andras-es-Bartokne-Donath-Maria-4.jpg'><img loading=\"lazy\" decoding=\"async\" width=\"150\" height=\"150\" src=\"https:\/\/nagyistvan.pecska.ro\/wp-content\/uploads\/2010\/11\/383-Bartok-Andras-es-Bartokne-Donath-Maria-4-150x150.jpg\" class=\"attachment-thumbnail size-thumbnail\" alt=\"\" \/><\/a>\n\t\t\t<\/div><\/figure><figure class='gallery-item'>\n\t\t\t<div class='gallery-icon landscape'>\n\t\t\t\t<a href='https:\/\/nagyistvan.pecska.ro\/wp-content\/uploads\/2010\/11\/384-Bartok-Andras-es-Bartokne-Donath-Maria-3.jpg'><img loading=\"lazy\" decoding=\"async\" width=\"150\" height=\"150\" src=\"https:\/\/nagyistvan.pecska.ro\/wp-content\/uploads\/2010\/11\/384-Bartok-Andras-es-Bartokne-Donath-Maria-3-150x150.jpg\" class=\"attachment-thumbnail size-thumbnail\" alt=\"\" \/><\/a>\n\t\t\t<\/div><\/figure>\n\t\t<\/div>\n\n","protected":false},"excerpt":{"rendered":"<p>B\u00fazavir\u00e1g, P\u00e9cska, Nagy Istv\u00e1n, Bartok Andr\u00e1s<\/p>\n","protected":false},"author":2,"featured_media":0,"comment_status":"open","ping_status":"open","sticky":false,"template":"","format":"standard","meta":{"footnotes":""},"categories":[6],"tags":[],"class_list":["post-1072","post","type-post","status-publish","format-standard","hentry","category-buzavirag-neptanccsoport"],"_links":{"self":[{"href":"https:\/\/nagyistvan.pecska.ro\/index.php?rest_route=\/wp\/v2\/posts\/1072","targetHints":{"allow":["GET"]}}],"collection":[{"href":"https:\/\/nagyistvan.pecska.ro\/index.php?rest_route=\/wp\/v2\/posts"}],"about":[{"href":"https:\/\/nagyistvan.pecska.ro\/index.php?rest_route=\/wp\/v2\/types\/post"}],"author":[{"embeddable":true,"href":"https:\/\/nagyistvan.pecska.ro\/index.php?rest_route=\/wp\/v2\/users\/2"}],"replies":[{"embeddable":true,"href":"https:\/\/nagyistvan.pecska.ro\/index.php?rest_route=%2Fwp%2Fv2%2Fcomments&post=1072"}],"version-history":[{"count":12,"href":"https:\/\/nagyistvan.pecska.ro\/index.php?rest_route=\/wp\/v2\/posts\/1072\/revisions"}],"predecessor-version":[{"id":1382,"href":"https:\/\/nagyistvan.pecska.ro\/index.php?rest_route=\/wp\/v2\/posts\/1072\/revisions\/1382"}],"wp:attachment":[{"href":"https:\/\/nagyistvan.pecska.ro\/index.php?rest_route=%2Fwp%2Fv2%2Fmedia&parent=1072"}],"wp:term":[{"taxonomy":"category","embeddable":true,"href":"https:\/\/nagyistvan.pecska.ro\/index.php?rest_route=%2Fwp%2Fv2%2Fcategories&post=1072"},{"taxonomy":"post_tag","embeddable":true,"href":"https:\/\/nagyistvan.pecska.ro\/index.php?rest_route=%2Fwp%2Fv2%2Ftags&post=1072"}],"curies":[{"name":"wp","href":"https:\/\/api.w.org\/{rel}","templated":true}]}}